{"id":913,"date":"2017-05-18T14:05:57","date_gmt":"2017-05-18T12:05:57","guid":{"rendered":"http:\/\/www.aberhallo.news\/news\/?p=913"},"modified":"2017-12-01T16:44:34","modified_gmt":"2017-12-01T15:44:34","slug":"neue-mensa-fuer-unsere-schule","status":"publish","type":"post","link":"https:\/\/www.aberhallo.news\/news\/neue-mensa-fuer-unsere-schule\/","title":{"rendered":"Neue Mensa f\u00fcr unsere Schule"},"content":{"rendered":"<p><b>Am 11. Mai 2017 fingen die Umbauarbeiten in der Aula an. Bereits vor den Osterferien wurde die zuk\u00fcnftige Mensa ausger\u00e4umt.<\/b><\/p>\n<p><b>\u00a0<\/b><\/p>\n<p>Die zuk\u00fcnftige Mensa soll Platz f\u00fcr eine interne K\u00fcche liefern, damit die Kinder und Jugendlichen gesund und lecker bekocht werden k\u00f6nnen. Viele beschwerten sich dar\u00fcber, dass das gelieferte Essen meistens sehr fade sei und auch die Abwechslung sehr gering war. Zum neuen Schuljahr soll die Mensa fertig werden. Die bisherige Cafeteria, in der das Mittagessen bisher ausgegeben wurde, bleibt als Pausenhalle f\u00fcr die Obersch\u00fcler bestehen. Auch die Cafeteria-AG wird den dortigen Kiosk weiter betreiben.<\/p>\n<p>| Text: Jennifer Geiss, Kl. 8d |<\/p>\n\n\t\t<style type=\"text\/css\">\n\t\t\t#gallery-1 {\n\t\t\t\tmargin: auto;\n\t\t\t}\n\t\t\t#gallery-1 .gallery-item {\n\t\t\t\tfloat: left;\n\t\t\t\tmargin-top: 10px;\n\t\t\t\ttext-align: center;\n\t\t\t\twidth: 33%;\n\t\t\t}\n\t\t\t#gallery-1 img {\n\t\t\t\tborder: 2px solid #cfcfcf;\n\t\t\t}\n\t\t\t#gallery-1 .gallery-caption {\n\t\t\t\tmargin-left: 0;\n\t\t\t}\n\t\t\t\/* see gallery_shortcode() in wp-includes\/media.php *\/\n\t\t<\/style>\n\t\t<div data-carousel-extra='{&quot;blog_id&quot;:1,&quot;permalink&quot;:&quot;https:\/\/www.aberhallo.news\/news\/neue-mensa-fuer-unsere-schule\/&quot;}' id='gallery-1' class='gallery galleryid-913 gallery-columns-3 gallery-size-thumbnail'><dl class='gallery-item'>\n\t\t\t<dt class='gallery-icon landscape'>\n\t\t\t\t<a href='https:\/\/www.aberhallo.news\/news\/neue-mensa-fuer-unsere-schule\/img_8028-bearbeitet\/'><img loading=\"lazy\" decoding=\"async\" width=\"150\" height=\"150\" src=\"https:\/\/i0.wp.com\/www.aberhallo.news\/news\/wp-content\/uploads\/2017\/05\/IMG_8028-bearbeitet.jpg?resize=150%2C150&amp;ssl=1\" class=\"attachment-thumbnail size-thumbnail\" alt=\"\" srcset=\"https:\/\/i0.wp.com\/www.aberhallo.news\/news\/wp-content\/uploads\/2017\/05\/IMG_8028-bearbeitet.jpg?resize=150%2C150&amp;ssl=1 150w, https:\/\/i0.wp.com\/www.aberhallo.news\/news\/wp-content\/uploads\/2017\/05\/IMG_8028-bearbeitet.jpg?zoom=2&amp;resize=150%2C150&amp;ssl=1 300w, https:\/\/i0.wp.com\/www.aberhallo.news\/news\/wp-content\/uploads\/2017\/05\/IMG_8028-bearbeitet.jpg?zoom=3&amp;resize=150%2C150&amp;ssl=1 450w\" sizes=\"auto, (max-width: 150px) 100vw, 150px\" data-attachment-id=\"939\" data-permalink=\"https:\/\/www.aberhallo.news\/news\/neue-mensa-fuer-unsere-schule\/img_8028-bearbeitet\/\" data-orig-file=\"https:\/\/i0.wp.com\/www.aberhallo.news\/news\/wp-content\/uploads\/2017\/05\/IMG_8028-bearbeitet.jpg?fit=600%2C400&amp;ssl=1\" data-orig-size=\"600,400\" data-comments-opened=\"1\" data-image-meta=\"{&quot;aperture&quot;:&quot;9&quot;,&quot;credit&quot;:&quot;&quot;,&quot;camera&quot;:&quot;Canon EOS 1200D&quot;,&quot;caption&quot;:&quot;&quot;,&quot;created_timestamp&quot;:&quot;1495038011&quot;,&quot;copyright&quot;:&quot;&quot;,&quot;focal_length&quot;:&quot;24&quot;,&quot;iso&quot;:&quot;400&quot;,&quot;shutter_speed&quot;:&quot;0.004&quot;,&quot;title&quot;:&quot;&quot;,&quot;orientation&quot;:&quot;1&quot;}\" data-image-title=\"IMG_8028 bearbeitet\" data-image-description=\"\" data-image-caption=\"\" data-medium-file=\"https:\/\/i0.wp.com\/www.aberhallo.news\/news\/wp-content\/uploads\/2017\/05\/IMG_8028-bearbeitet.jpg?fit=300%2C200&amp;ssl=1\" data-large-file=\"https:\/\/i0.wp.com\/www.aberhallo.news\/news\/wp-content\/uploads\/2017\/05\/IMG_8028-bearbeitet.jpg?fit=600%2C400&amp;ssl=1\" \/><\/a>\n\t\t\t<\/dt><\/dl><dl class='gallery-item'>\n\t\t\t<dt class='gallery-icon landscape'>\n\t\t\t\t<a href='https:\/\/www.aberhallo.news\/news\/neue-mensa-fuer-unsere-schule\/img_8025-bearbeitet\/'><img loading=\"lazy\" decoding=\"async\" width=\"150\" height=\"150\" src=\"https:\/\/i0.wp.com\/www.aberhallo.news\/news\/wp-content\/uploads\/2017\/05\/IMG_8025-bearbeitet.jpg?resize=150%2C150&amp;ssl=1\" class=\"attachment-thumbnail size-thumbnail\" alt=\"\" srcset=\"https:\/\/i0.wp.com\/www.aberhallo.news\/news\/wp-content\/uploads\/2017\/05\/IMG_8025-bearbeitet.jpg?resize=150%2C150&amp;ssl=1 150w, https:\/\/i0.wp.com\/www.aberhallo.news\/news\/wp-content\/uploads\/2017\/05\/IMG_8025-bearbeitet.jpg?zoom=2&amp;resize=150%2C150&amp;ssl=1 300w, https:\/\/i0.wp.com\/www.aberhallo.news\/news\/wp-content\/uploads\/2017\/05\/IMG_8025-bearbeitet.jpg?zoom=3&amp;resize=150%2C150&amp;ssl=1 450w\" sizes=\"auto, (max-width: 150px) 100vw, 150px\" data-attachment-id=\"938\" data-permalink=\"https:\/\/www.aberhallo.news\/news\/neue-mensa-fuer-unsere-schule\/img_8025-bearbeitet\/\" data-orig-file=\"https:\/\/i0.wp.com\/www.aberhallo.news\/news\/wp-content\/uploads\/2017\/05\/IMG_8025-bearbeitet.jpg?fit=600%2C400&amp;ssl=1\" data-orig-size=\"600,400\" data-comments-opened=\"1\" data-image-meta=\"{&quot;aperture&quot;:&quot;9&quot;,&quot;credit&quot;:&quot;&quot;,&quot;camera&quot;:&quot;Canon EOS 1200D&quot;,&quot;caption&quot;:&quot;&quot;,&quot;created_timestamp&quot;:&quot;1495037987&quot;,&quot;copyright&quot;:&quot;&quot;,&quot;focal_length&quot;:&quot;39&quot;,&quot;iso&quot;:&quot;400&quot;,&quot;shutter_speed&quot;:&quot;0.005&quot;,&quot;title&quot;:&quot;&quot;,&quot;orientation&quot;:&quot;1&quot;}\" data-image-title=\"IMG_8025 bearbeitet\" data-image-description=\"\" data-image-caption=\"\" data-medium-file=\"https:\/\/i0.wp.com\/www.aberhallo.news\/news\/wp-content\/uploads\/2017\/05\/IMG_8025-bearbeitet.jpg?fit=300%2C200&amp;ssl=1\" data-large-file=\"https:\/\/i0.wp.com\/www.aberhallo.news\/news\/wp-content\/uploads\/2017\/05\/IMG_8025-bearbeitet.jpg?fit=600%2C400&amp;ssl=1\" \/><\/a>\n\t\t\t<\/dt><\/dl><dl class='gallery-item'>\n\t\t\t<dt class='gallery-icon landscape'>\n\t\t\t\t<a href='https:\/\/www.aberhallo.news\/news\/neue-mensa-fuer-unsere-schule\/img_8023-bearbeitet\/'><img loading=\"lazy\" decoding=\"async\" width=\"150\" height=\"150\" src=\"https:\/\/i0.wp.com\/www.aberhallo.news\/news\/wp-content\/uploads\/2017\/05\/IMG_8023-bearbeitet.jpg?resize=150%2C150&amp;ssl=1\" class=\"attachment-thumbnail size-thumbnail\" alt=\"\" srcset=\"https:\/\/i0.wp.com\/www.aberhallo.news\/news\/wp-content\/uploads\/2017\/05\/IMG_8023-bearbeitet.jpg?resize=150%2C150&amp;ssl=1 150w, https:\/\/i0.wp.com\/www.aberhallo.news\/news\/wp-content\/uploads\/2017\/05\/IMG_8023-bearbeitet.jpg?zoom=2&amp;resize=150%2C150&amp;ssl=1 300w, https:\/\/i0.wp.com\/www.aberhallo.news\/news\/wp-content\/uploads\/2017\/05\/IMG_8023-bearbeitet.jpg?zoom=3&amp;resize=150%2C150&amp;ssl=1 450w\" sizes=\"auto, (max-width: 150px) 100vw, 150px\" data-attachment-id=\"936\" data-permalink=\"https:\/\/www.aberhallo.news\/news\/neue-mensa-fuer-unsere-schule\/img_8023-bearbeitet\/\" data-orig-file=\"https:\/\/i0.wp.com\/www.aberhallo.news\/news\/wp-content\/uploads\/2017\/05\/IMG_8023-bearbeitet.jpg?fit=600%2C400&amp;ssl=1\" data-orig-size=\"600,400\" data-comments-opened=\"1\" data-image-meta=\"{&quot;aperture&quot;:&quot;10&quot;,&quot;credit&quot;:&quot;&quot;,&quot;camera&quot;:&quot;Canon EOS 1200D&quot;,&quot;caption&quot;:&quot;&quot;,&quot;created_timestamp&quot;:&quot;1495037803&quot;,&quot;copyright&quot;:&quot;&quot;,&quot;focal_length&quot;:&quot;18&quot;,&quot;iso&quot;:&quot;400&quot;,&quot;shutter_speed&quot;:&quot;0.004&quot;,&quot;title&quot;:&quot;&quot;,&quot;orientation&quot;:&quot;1&quot;}\" data-image-title=\"IMG_8023 bearbeitet\" data-image-description=\"\" data-image-caption=\"\" data-medium-file=\"https:\/\/i0.wp.com\/www.aberhallo.news\/news\/wp-content\/uploads\/2017\/05\/IMG_8023-bearbeitet.jpg?fit=300%2C200&amp;ssl=1\" data-large-file=\"https:\/\/i0.wp.com\/www.aberhallo.news\/news\/wp-content\/uploads\/2017\/05\/IMG_8023-bearbeitet.jpg?fit=600%2C400&amp;ssl=1\" \/><\/a>\n\t\t\t<\/dt><\/dl><br style=\"clear: both\" \/><dl class='gallery-item'>\n\t\t\t<dt class='gallery-icon landscape'>\n\t\t\t\t<a href='https:\/\/www.aberhallo.news\/news\/neue-mensa-fuer-unsere-schule\/img_8022-bearbeitet\/'><img loading=\"lazy\" decoding=\"async\" width=\"150\" height=\"150\" src=\"https:\/\/i0.wp.com\/www.aberhallo.news\/news\/wp-content\/uploads\/2017\/05\/IMG_8022-bearbeitet.jpg?resize=150%2C150&amp;ssl=1\" class=\"attachment-thumbnail size-thumbnail\" alt=\"\" srcset=\"https:\/\/i0.wp.com\/www.aberhallo.news\/news\/wp-content\/uploads\/2017\/05\/IMG_8022-bearbeitet.jpg?resize=150%2C150&amp;ssl=1 150w, https:\/\/i0.wp.com\/www.aberhallo.news\/news\/wp-content\/uploads\/2017\/05\/IMG_8022-bearbeitet.jpg?zoom=2&amp;resize=150%2C150&amp;ssl=1 300w, https:\/\/i0.wp.com\/www.aberhallo.news\/news\/wp-content\/uploads\/2017\/05\/IMG_8022-bearbeitet.jpg?zoom=3&amp;resize=150%2C150&amp;ssl=1 450w\" sizes=\"auto, (max-width: 150px) 100vw, 150px\" data-attachment-id=\"935\" data-permalink=\"https:\/\/www.aberhallo.news\/news\/neue-mensa-fuer-unsere-schule\/img_8022-bearbeitet\/\" data-orig-file=\"https:\/\/i0.wp.com\/www.aberhallo.news\/news\/wp-content\/uploads\/2017\/05\/IMG_8022-bearbeitet.jpg?fit=600%2C400&amp;ssl=1\" data-orig-size=\"600,400\" data-comments-opened=\"1\" data-image-meta=\"{&quot;aperture&quot;:&quot;11&quot;,&quot;credit&quot;:&quot;&quot;,&quot;camera&quot;:&quot;Canon EOS 1200D&quot;,&quot;caption&quot;:&quot;&quot;,&quot;created_timestamp&quot;:&quot;1495037801&quot;,&quot;copyright&quot;:&quot;&quot;,&quot;focal_length&quot;:&quot;18&quot;,&quot;iso&quot;:&quot;400&quot;,&quot;shutter_speed&quot;:&quot;0.003125&quot;,&quot;title&quot;:&quot;&quot;,&quot;orientation&quot;:&quot;1&quot;}\" data-image-title=\"IMG_8022 bearbeitet\" data-image-description=\"\" data-image-caption=\"\" data-medium-file=\"https:\/\/i0.wp.com\/www.aberhallo.news\/news\/wp-content\/uploads\/2017\/05\/IMG_8022-bearbeitet.jpg?fit=300%2C200&amp;ssl=1\" data-large-file=\"https:\/\/i0.wp.com\/www.aberhallo.news\/news\/wp-content\/uploads\/2017\/05\/IMG_8022-bearbeitet.jpg?fit=600%2C400&amp;ssl=1\" \/><\/a>\n\t\t\t<\/dt><\/dl>\n\t\t\t<br style='clear: both' \/>\n\t\t<\/div>\n\n","protected":false},"excerpt":{"rendered":"<p>Am 11. Mai 2017 fingen die Umbauarbeiten in der Aula an. Bereits vor den Osterferien wurde die zuk\u00fcnftige Mensa ausger\u00e4umt. \u00a0 Die zuk\u00fcnftige Mensa soll Platz f\u00fcr eine interne K\u00fcche liefern, damit die Kinder und Jugendlichen gesund und lecker bekocht werden k\u00f6nnen. Viele beschwerten sich dar\u00fcber, dass das gelieferte Essen meistens sehr fade sei und&#8230;<\/p>\n","protected":false},"author":1,"featured_media":937,"comment_status":"open","ping_status":"open","sticky":false,"template":"","format":"standard","meta":{"jetpack_post_was_ever_published":false,"_jetpack_newsletter_access":"","_jetpack_dont_email_post_to_subs":false,"_jetpack_newsletter_tier_id":0,"_jetpack_memberships_contains_paywalled_content":false,"_jetpack_memberships_contains_paid_content":false,"footnotes":"","jetpack_publicize_message":"","jetpack_publicize_feature_enabled":true,"jetpack_social_post_already_shared":true,"jetpack_social_options":{"image_generator_settings":{"template":"highway","default_image_id":0,"font":"","enabled":false},"version":2}},"categories":[1,6],"tags":[82,125],"class_list":["post-913","post","type-post","status-publish","format-standard","has-post-thumbnail","hentry","category-allgemein","category-aus-der-schule","tag-mensa","tag-oberschule-1-nordenham","loop-entry clr"],"jetpack_publicize_connections":[],"jetpack_featured_media_url":"https:\/\/i0.wp.com\/www.aberhallo.news\/news\/wp-content\/uploads\/2017\/05\/IMG_8024bearbeitet.jpg?fit=600%2C400&ssl=1","jetpack_sharing_enabled":true,"jetpack_shortlink":"https:\/\/wp.me\/p83yhZ-eJ","jetpack-related-posts":[],"_links":{"self":[{"href":"https:\/\/www.aberhallo.news\/news\/wp-json\/wp\/v2\/posts\/913","targetHints":{"allow":["GET"]}}],"collection":[{"href":"https:\/\/www.aberhallo.news\/news\/wp-json\/wp\/v2\/posts"}],"about":[{"href":"https:\/\/www.aberhallo.news\/news\/wp-json\/wp\/v2\/types\/post"}],"author":[{"embeddable":true,"href":"https:\/\/www.aberhallo.news\/news\/wp-json\/wp\/v2\/users\/1"}],"replies":[{"embeddable":true,"href":"https:\/\/www.aberhallo.news\/news\/wp-json\/wp\/v2\/comments?post=913"}],"version-history":[{"count":4,"href":"https:\/\/www.aberhallo.news\/news\/wp-json\/wp\/v2\/posts\/913\/revisions"}],"predecessor-version":[{"id":943,"href":"https:\/\/www.aberhallo.news\/news\/wp-json\/wp\/v2\/posts\/913\/revisions\/943"}],"wp:featuredmedia":[{"embeddable":true,"href":"https:\/\/www.aberhallo.news\/news\/wp-json\/wp\/v2\/media\/937"}],"wp:attachment":[{"href":"https:\/\/www.aberhallo.news\/news\/wp-json\/wp\/v2\/media?parent=913"}],"wp:term":[{"taxonomy":"category","embeddable":true,"href":"https:\/\/www.aberhallo.news\/news\/wp-json\/wp\/v2\/categories?post=913"},{"taxonomy":"post_tag","embeddable":true,"href":"https:\/\/www.aberhallo.news\/news\/wp-json\/wp\/v2\/tags?post=913"}],"curies":[{"name":"wp","href":"https:\/\/api.w.org\/{rel}","templated":true}]}}