{"id":829,"date":"2016-09-13T14:04:28","date_gmt":"2016-09-13T12:04:28","guid":{"rendered":"http:\/\/www.aberhallo.news\/news\/?p=829"},"modified":"2017-04-27T14:06:01","modified_gmt":"2017-04-27T12:06:01","slug":"kurs-fuer-erste-hilfe-in-den-10-klassen","status":"publish","type":"post","link":"https:\/\/www.aberhallo.news\/news\/kurs-fuer-erste-hilfe-in-den-10-klassen\/","title":{"rendered":"Kurs f\u00fcr Erste Hilfe in den 10. Klassen"},"content":{"rendered":"<p><b>Die 10. Klassen bekamen am 12. und 13. Dezember 2016 Besuch von der Johanniter Unfallhilfe. Das Ziel: Alle Sch\u00fcler sollen wissen, wie sie sich im Notfall verhalten m\u00fcssen.<\/b><\/p>\n<p><b>\u00a0<\/b><\/p>\n<p>F\u00fcnf Ausbilder und die Ausbildungsleiterin Tina Czeranowicz besuchten die Zehntkl\u00e4ssler, welche noch keinen Erste-Hilfe-Schein hatten. Der Kurs wurde vom Bundesministerium des F\u00fcr Inneres gesponsert.<\/p>\n<p>Neben den \u00fcblichen Einheiten des Erste-Hilfe-Kurses erhielten die Sch\u00fcler auch Hinweise f\u00fcr Evakuierungen bei Sturmfluten oder anderen Katastrophen. Der Kurs bestand aus insgesamt zw\u00f6lf Unterrichtseinheiten.<\/p>\n<p>So war z. B. Thema, was man bei einer Evakuierung ben\u00f6tigt. Wie wird ein Verband angelegt? Was hilft bei verschiedenen Verletzungen? Was wird beachtet, um sich bei Erste-Hilfe-Eins\u00e4tzen nicht selber zu verletzen? Was geh\u00f6rt in die Hausapotheke? All diese Fragen wurden beantwortet. Am Ende der Unterrichtseinheit bekamen alle Sch\u00fcler eine Teilnahmebescheinigung.<\/p>\n<p style=\"text-align: right;\">|Text: Daniel Abels, Kl. 9a|<\/p>\n<p style=\"text-align: right;\">|Bild : Herr Lange |<\/p>\n<p>&nbsp;<\/p>\n","protected":false},"excerpt":{"rendered":"<p>Die 10. Klassen bekamen am 12. und 13. Dezember 2016 Besuch von der Johanniter Unfallhilfe. Das Ziel: Alle Sch\u00fcler sollen wissen, wie sie sich im Notfall verhalten m\u00fcssen. \u00a0 F\u00fcnf Ausbilder und die Ausbildungsleiterin Tina Czeranowicz besuchten die Zehntkl\u00e4ssler, welche noch keinen Erste-Hilfe-Schein hatten. Der Kurs wurde vom Bundesministerium des F\u00fcr Inneres gesponsert. Neben den&#8230;<\/p>\n","protected":false},"author":2,"featured_media":831,"comment_status":"open","ping_status":"open","sticky":false,"template":"","format":"standard","meta":{"jetpack_post_was_ever_published":false,"_jetpack_newsletter_access":"","_jetpack_dont_email_post_to_subs":false,"_jetpack_newsletter_tier_id":0,"_jetpack_memberships_contains_paywalled_content":false,"_jetpack_memberships_contains_paid_content":false,"footnotes":"","jetpack_publicize_message":"","jetpack_publicize_feature_enabled":true,"jetpack_social_post_already_shared":true,"jetpack_social_options":{"image_generator_settings":{"template":"highway","default_image_id":0,"font":"","enabled":false},"version":2}},"categories":[9,1,6],"tags":[],"class_list":["post-829","post","type-post","status-publish","format-standard","has-post-thumbnail","hentry","category-aber-hallo-textet","category-allgemein","category-aus-der-schule","loop-entry clr"],"jetpack_publicize_connections":[],"jetpack_featured_media_url":"https:\/\/i0.wp.com\/www.aberhallo.news\/news\/wp-content\/uploads\/2017\/04\/bearbeitet.jpg?fit=400%2C267&ssl=1","jetpack_sharing_enabled":true,"jetpack_shortlink":"https:\/\/wp.me\/p83yhZ-dn","jetpack-related-posts":[],"_links":{"self":[{"href":"https:\/\/www.aberhallo.news\/news\/wp-json\/wp\/v2\/posts\/829","targetHints":{"allow":["GET"]}}],"collection":[{"href":"https:\/\/www.aberhallo.news\/news\/wp-json\/wp\/v2\/posts"}],"about":[{"href":"https:\/\/www.aberhallo.news\/news\/wp-json\/wp\/v2\/types\/post"}],"author":[{"embeddable":true,"href":"https:\/\/www.aberhallo.news\/news\/wp-json\/wp\/v2\/users\/2"}],"replies":[{"embeddable":true,"href":"https:\/\/www.aberhallo.news\/news\/wp-json\/wp\/v2\/comments?post=829"}],"version-history":[{"count":3,"href":"https:\/\/www.aberhallo.news\/news\/wp-json\/wp\/v2\/posts\/829\/revisions"}],"predecessor-version":[{"id":833,"href":"https:\/\/www.aberhallo.news\/news\/wp-json\/wp\/v2\/posts\/829\/revisions\/833"}],"wp:featuredmedia":[{"embeddable":true,"href":"https:\/\/www.aberhallo.news\/news\/wp-json\/wp\/v2\/media\/831"}],"wp:attachment":[{"href":"https:\/\/www.aberhallo.news\/news\/wp-json\/wp\/v2\/media?parent=829"}],"wp:term":[{"taxonomy":"category","embeddable":true,"href":"https:\/\/www.aberhallo.news\/news\/wp-json\/wp\/v2\/categories?post=829"},{"taxonomy":"post_tag","embeddable":true,"href":"https:\/\/www.aberhallo.news\/news\/wp-json\/wp\/v2\/tags?post=829"}],"curies":[{"name":"wp","href":"https:\/\/api.w.org\/{rel}","templated":true}]}}