{"id":7118,"date":"2024-10-24T14:38:28","date_gmt":"2024-10-24T12:38:28","guid":{"rendered":"https:\/\/www.aberhallo.news\/news\/?p=7118"},"modified":"2024-10-24T14:38:30","modified_gmt":"2024-10-24T12:38:30","slug":"erneute-fahrradkontrolle","status":"publish","type":"post","link":"https:\/\/www.aberhallo.news\/news\/erneute-fahrradkontrolle\/","title":{"rendered":"Erneute Fahrradkontrolle"},"content":{"rendered":"\n<p>Am Dienstag, den 24. Oktober, wurde am fr\u00fchen Morgen vor der KLZ der OBS 1 eine Fahrrad- und E-Scooter-Kontrolle durchgef\u00fchrt. Es war bereits die zweite Verkehrskontrolle in diesem Schuljahr. Alle Sch\u00fcler, die mit Fahrrad oder E-Scooter zur Schule gekommen sind, wurden kontrolliert. \u00dcberpr\u00fcft wurden die Lichter, Bremsen, Klingel und bei den E-Scootern wurden das Nummernschild, die Versicherung und auch die Klingel \u00fcberpr\u00fcft. Manche Sch\u00fcler m\u00fcssen, wenn manche Sachen wie z.B. die Klingel nicht funktioniert oder die Katzenaugen fehlen, die Sachen neu kaufen oder reparieren und im Nachhinein bei der Polizei vorf\u00fchren.<\/p>\n\n\n\n<p class=\"has-text-align-right\">| Text: Maxim Bober, Kl. 10d |<\/p>\n","protected":false},"excerpt":{"rendered":"<p>Am Dienstag, den 24. Oktober, wurde am fr\u00fchen Morgen vor der KLZ der OBS 1 eine Fahrrad- und E-Scooter-Kontrolle durchgef\u00fchrt. Es war bereits die zweite Verkehrskontrolle in diesem Schuljahr. Alle Sch\u00fcler, die mit Fahrrad oder E-Scooter zur Schule gekommen sind, wurden kontrolliert. \u00dcberpr\u00fcft wurden die Lichter, Bremsen, Klingel und bei den E-Scootern wurden das Nummernschild,&#8230;<\/p>\n","protected":false},"author":37,"featured_media":7122,"comment_status":"closed","ping_status":"open","sticky":false,"template":"","format":"standard","meta":{"jetpack_post_was_ever_published":false,"_jetpack_newsletter_access":"","_jetpack_dont_email_post_to_subs":false,"_jetpack_newsletter_tier_id":0,"_jetpack_memberships_contains_paywalled_content":false,"_jetpack_memberships_contains_paid_content":false,"footnotes":"","jetpack_publicize_message":"","jetpack_publicize_feature_enabled":true,"jetpack_social_post_already_shared":true,"jetpack_social_options":{"image_generator_settings":{"template":"highway","default_image_id":0,"font":"","enabled":false},"version":2}},"categories":[6],"tags":[273,207],"class_list":["post-7118","post","type-post","status-publish","format-standard","has-post-thumbnail","hentry","category-aus-der-schule","tag-polizei","tag-verkehrssicherheit","loop-entry clr"],"jetpack_publicize_connections":[],"jetpack_featured_media_url":"https:\/\/i0.wp.com\/www.aberhallo.news\/news\/wp-content\/uploads\/2024\/10\/fahrradkontrolleoktober.jpg?fit=1280%2C853&ssl=1","jetpack_sharing_enabled":true,"jetpack_shortlink":"https:\/\/wp.me\/p83yhZ-1QO","jetpack-related-posts":[],"_links":{"self":[{"href":"https:\/\/www.aberhallo.news\/news\/wp-json\/wp\/v2\/posts\/7118","targetHints":{"allow":["GET"]}}],"collection":[{"href":"https:\/\/www.aberhallo.news\/news\/wp-json\/wp\/v2\/posts"}],"about":[{"href":"https:\/\/www.aberhallo.news\/news\/wp-json\/wp\/v2\/types\/post"}],"author":[{"embeddable":true,"href":"https:\/\/www.aberhallo.news\/news\/wp-json\/wp\/v2\/users\/37"}],"replies":[{"embeddable":true,"href":"https:\/\/www.aberhallo.news\/news\/wp-json\/wp\/v2\/comments?post=7118"}],"version-history":[{"count":2,"href":"https:\/\/www.aberhallo.news\/news\/wp-json\/wp\/v2\/posts\/7118\/revisions"}],"predecessor-version":[{"id":7123,"href":"https:\/\/www.aberhallo.news\/news\/wp-json\/wp\/v2\/posts\/7118\/revisions\/7123"}],"wp:featuredmedia":[{"embeddable":true,"href":"https:\/\/www.aberhallo.news\/news\/wp-json\/wp\/v2\/media\/7122"}],"wp:attachment":[{"href":"https:\/\/www.aberhallo.news\/news\/wp-json\/wp\/v2\/media?parent=7118"}],"wp:term":[{"taxonomy":"category","embeddable":true,"href":"https:\/\/www.aberhallo.news\/news\/wp-json\/wp\/v2\/categories?post=7118"},{"taxonomy":"post_tag","embeddable":true,"href":"https:\/\/www.aberhallo.news\/news\/wp-json\/wp\/v2\/tags?post=7118"}],"curies":[{"name":"wp","href":"https:\/\/api.w.org\/{rel}","templated":true}]}}