{"id":7083,"date":"2024-09-05T14:28:11","date_gmt":"2024-09-05T12:28:11","guid":{"rendered":"https:\/\/www.aberhallo.news\/news\/?p=7083"},"modified":"2024-12-15T09:52:48","modified_gmt":"2024-12-15T08:52:48","slug":"schliessfaecher-einfach-mieten","status":"publish","type":"post","link":"https:\/\/www.aberhallo.news\/news\/schliessfaecher-einfach-mieten\/","title":{"rendered":"Schlie\u00dff\u00e4cher einfach mieten"},"content":{"rendered":"\n<p>\u00dcber das Internet k\u00f6nnen Sch\u00fcler:innen ein Schlie\u00dffach in der Schule mieten: \u00dcber die Internetseite <a href=\"https:\/\/www.astradirect.de\/fach-mieten\/schule-waehlen\">https:\/\/www.astradirect.de\/fach-mieten\/schule-waehlen<\/a> kann ein Fach angemietet werden, zum Beispiel f\u00fcr Schulmaterialien, die man nicht nach Hause schleppen will. Dort k\u00f6nnen auch Wertsachen und Helme, die nicht w\u00e4hrend der Schulzeit geklaut werden sollen, lagern.<\/p>\n\n\n\n<p>Auf der Internetseite kann man weitere Informationen zu den Schlie\u00dff\u00e4chern finden.<\/p>\n\n\n\n<p class=\"has-text-align-right\">| Text: Maxim Bober, Kl. 10d |<\/p>\n","protected":false},"excerpt":{"rendered":"<p>\u00dcber das Internet k\u00f6nnen Sch\u00fcler:innen ein Schlie\u00dffach in der Schule mieten: \u00dcber die Internetseite https:\/\/www.astradirect.de\/fach-mieten\/schule-waehlen kann ein Fach angemietet werden, zum Beispiel f\u00fcr Schulmaterialien, die man nicht nach Hause schleppen will. Dort k\u00f6nnen auch Wertsachen und Helme, die nicht w\u00e4hrend der Schulzeit geklaut werden sollen, lagern. Auf der Internetseite kann man weitere Informationen zu den&#8230;<\/p>\n","protected":false},"author":37,"featured_media":0,"comment_status":"closed","ping_status":"open","sticky":false,"template":"","format":"standard","meta":{"jetpack_post_was_ever_published":false,"_jetpack_newsletter_access":"","_jetpack_dont_email_post_to_subs":false,"_jetpack_newsletter_tier_id":0,"_jetpack_memberships_contains_paywalled_content":false,"_jetpack_memberships_contains_paid_content":false,"footnotes":"","jetpack_publicize_message":"","jetpack_publicize_feature_enabled":true,"jetpack_social_post_already_shared":true,"jetpack_social_options":{"image_generator_settings":{"template":"highway","default_image_id":0,"font":"","enabled":false},"version":2}},"categories":[9],"tags":[142],"class_list":["post-7083","post","type-post","status-publish","format-standard","hentry","category-aber-hallo-textet","tag-schulleben","no-featured-image","loop-entry clr"],"jetpack_publicize_connections":[],"jetpack_featured_media_url":"","jetpack_sharing_enabled":true,"jetpack_shortlink":"https:\/\/wp.me\/p83yhZ-1Qf","jetpack-related-posts":[],"_links":{"self":[{"href":"https:\/\/www.aberhallo.news\/news\/wp-json\/wp\/v2\/posts\/7083","targetHints":{"allow":["GET"]}}],"collection":[{"href":"https:\/\/www.aberhallo.news\/news\/wp-json\/wp\/v2\/posts"}],"about":[{"href":"https:\/\/www.aberhallo.news\/news\/wp-json\/wp\/v2\/types\/post"}],"author":[{"embeddable":true,"href":"https:\/\/www.aberhallo.news\/news\/wp-json\/wp\/v2\/users\/37"}],"replies":[{"embeddable":true,"href":"https:\/\/www.aberhallo.news\/news\/wp-json\/wp\/v2\/comments?post=7083"}],"version-history":[{"count":3,"href":"https:\/\/www.aberhallo.news\/news\/wp-json\/wp\/v2\/posts\/7083\/revisions"}],"predecessor-version":[{"id":7091,"href":"https:\/\/www.aberhallo.news\/news\/wp-json\/wp\/v2\/posts\/7083\/revisions\/7091"}],"wp:attachment":[{"href":"https:\/\/www.aberhallo.news\/news\/wp-json\/wp\/v2\/media?parent=7083"}],"wp:term":[{"taxonomy":"category","embeddable":true,"href":"https:\/\/www.aberhallo.news\/news\/wp-json\/wp\/v2\/categories?post=7083"},{"taxonomy":"post_tag","embeddable":true,"href":"https:\/\/www.aberhallo.news\/news\/wp-json\/wp\/v2\/tags?post=7083"}],"curies":[{"name":"wp","href":"https:\/\/api.w.org\/{rel}","templated":true}]}}