{"id":6925,"date":"2024-02-22T14:43:50","date_gmt":"2024-02-22T13:43:50","guid":{"rendered":"https:\/\/www.aberhallo.news\/news\/?p=6925"},"modified":"2024-02-22T14:43:52","modified_gmt":"2024-02-22T13:43:52","slug":"unser-kleines-waeldchen-bei-der-obs-1-wird-gefaellt","status":"publish","type":"post","link":"https:\/\/www.aberhallo.news\/news\/unser-kleines-waeldchen-bei-der-obs-1-wird-gefaellt\/","title":{"rendered":"Unser kleines \u201eW\u00e4ldchen\u201c bei der OBS 1 wird gef\u00e4llt"},"content":{"rendered":"\n<p>Bei der OBS 1 wird am 22.02.2024, 23.02.2024 und 26.02.2024 unser kleines \u201eW\u00e4ldchen\u201c, das vor der Hafenschule gewachsen ist, gef\u00e4llt. Aber warum genau wird es gef\u00e4llt?<\/p>\n\n\n\n<p>Unser kleines \u201eW\u00e4ldchen\u201c wird gef\u00e4llt, weil die B\u00e4ume nicht mehr l\u00e4nger gegen starken Wind k\u00e4mpfen k\u00f6nnten oder eine gro\u00dfe Gefahr besteht, dass einige B\u00e4ume von selbst zu Boden fallen und Menschen das Leben gef\u00e4hrden k\u00f6nnten. Auch der Hafenschule k\u00f6nnten sie Schaden zubereiten. Wegen der umfangreichen Baumf\u00e4llarbeiten sind auch mehrere Orte gesperrt. Der Zugang zur Mensa neben &#8222;Ottos Garten&#8220; ist verschlossen &#8211; die Sch\u00fcler:innen betreten die Mensa \u00fcber die Terrasse. Der Parkplatz wird halb gesperrt sein, ebenso der Schulhof der Hafenschule sowie der Basketballplatz.<\/p>\n\n\n\n<p class=\"has-text-align-right\">| Autorin:  Amelie Lisner, Kl. 7c |<\/p>\n","protected":false},"excerpt":{"rendered":"<p>Bei der OBS 1 wird am 22.02.2024, 23.02.2024 und 26.02.2024 unser kleines \u201eW\u00e4ldchen\u201c, das vor der Hafenschule gewachsen ist, gef\u00e4llt. Aber warum genau wird es gef\u00e4llt? Unser kleines \u201eW\u00e4ldchen\u201c wird gef\u00e4llt, weil die B\u00e4ume nicht mehr l\u00e4nger gegen starken Wind k\u00e4mpfen k\u00f6nnten oder eine gro\u00dfe Gefahr besteht, dass einige B\u00e4ume von selbst zu Boden fallen&#8230;<\/p>\n","protected":false},"author":49,"featured_media":0,"comment_status":"closed","ping_status":"closed","sticky":false,"template":"","format":"standard","meta":{"jetpack_post_was_ever_published":false,"_jetpack_newsletter_access":"","_jetpack_dont_email_post_to_subs":false,"_jetpack_newsletter_tier_id":0,"_jetpack_memberships_contains_paywalled_content":false,"_jetpack_memberships_contains_paid_content":false,"footnotes":"","jetpack_publicize_message":"","jetpack_publicize_feature_enabled":true,"jetpack_social_post_already_shared":true,"jetpack_social_options":{"image_generator_settings":{"template":"highway","default_image_id":0,"font":"","enabled":false},"version":2}},"categories":[1],"tags":[329],"class_list":["post-6925","post","type-post","status-publish","format-standard","hentry","category-allgemein","tag-schulhof","no-featured-image","loop-entry clr"],"jetpack_publicize_connections":[],"jetpack_featured_media_url":"","jetpack_sharing_enabled":true,"jetpack_shortlink":"https:\/\/wp.me\/p83yhZ-1NH","jetpack-related-posts":[],"_links":{"self":[{"href":"https:\/\/www.aberhallo.news\/news\/wp-json\/wp\/v2\/posts\/6925","targetHints":{"allow":["GET"]}}],"collection":[{"href":"https:\/\/www.aberhallo.news\/news\/wp-json\/wp\/v2\/posts"}],"about":[{"href":"https:\/\/www.aberhallo.news\/news\/wp-json\/wp\/v2\/types\/post"}],"author":[{"embeddable":true,"href":"https:\/\/www.aberhallo.news\/news\/wp-json\/wp\/v2\/users\/49"}],"replies":[{"embeddable":true,"href":"https:\/\/www.aberhallo.news\/news\/wp-json\/wp\/v2\/comments?post=6925"}],"version-history":[{"count":2,"href":"https:\/\/www.aberhallo.news\/news\/wp-json\/wp\/v2\/posts\/6925\/revisions"}],"predecessor-version":[{"id":6928,"href":"https:\/\/www.aberhallo.news\/news\/wp-json\/wp\/v2\/posts\/6925\/revisions\/6928"}],"wp:attachment":[{"href":"https:\/\/www.aberhallo.news\/news\/wp-json\/wp\/v2\/media?parent=6925"}],"wp:term":[{"taxonomy":"category","embeddable":true,"href":"https:\/\/www.aberhallo.news\/news\/wp-json\/wp\/v2\/categories?post=6925"},{"taxonomy":"post_tag","embeddable":true,"href":"https:\/\/www.aberhallo.news\/news\/wp-json\/wp\/v2\/tags?post=6925"}],"curies":[{"name":"wp","href":"https:\/\/api.w.org\/{rel}","templated":true}]}}