{"id":6910,"date":"2023-04-06T14:45:00","date_gmt":"2023-04-06T12:45:00","guid":{"rendered":"https:\/\/www.aberhallo.news\/news\/?p=6910"},"modified":"2024-02-08T14:46:54","modified_gmt":"2024-02-08T13:46:54","slug":"workshop-filmmusik","status":"publish","type":"post","link":"https:\/\/www.aberhallo.news\/news\/workshop-filmmusik\/","title":{"rendered":"Workshop Filmmusik"},"content":{"rendered":"\n<p>Am 17. M\u00e4rz 2023 fuhren die Sch\u00fcler*innen der Klasse 10c zu einem Musik-Workshop ins Kommunalkino \u201eCity 46\u201c in Bremen. Organisiert wurde die Fahrt von der Musiklehrerin Gertje Nemitz als Teil des Fachunterrichts.<\/p>\n\n\n\n<p>Da die 10c bereits im Unterricht viel \u00fcber die verschiedenen Techniken der Filmmusik gelernt hatte, kam Frau Nemitz auf die Idee, einen Musikworkshop \u00fcber Filmtechniken mit der 10c zu besuchen und Experten zu h\u00f6ren.<\/p>\n\n\n\n<p>In Bremen wurden verschiedene Techniken und Funktionen der Filmmusik vorgestellt. Der Hintergrund des Workshops lag darin, das Wissen \u00fcber Filmmusik weiter zu vertiefen.<\/p>\n\n\n\n<p>Insgesamt kam der Workshop gut bei den Sch\u00fcler*innen an, jedoch haben sich auch manche Sch\u00fcler*innen nach langem Zuh\u00f6ren und gelangweilt. Im Anschluss konnten die Sch\u00fcler*innen noch in der Bremer Innenstadt ihre Zeit verbringen.<\/p>\n\n\n\n<p class=\"has-text-align-right\">| Text: Leon Kramer, Kl. 10c |<\/p>\n","protected":false},"excerpt":{"rendered":"<p>Am 17. M\u00e4rz 2023 fuhren die Sch\u00fcler*innen der Klasse 10c zu einem Musik-Workshop ins Kommunalkino \u201eCity 46\u201c in Bremen. Organisiert wurde die Fahrt von der Musiklehrerin Gertje Nemitz als Teil des Fachunterrichts. Da die 10c bereits im Unterricht viel \u00fcber die verschiedenen Techniken der Filmmusik gelernt hatte, kam Frau Nemitz auf die Idee, einen Musikworkshop&#8230;<\/p>\n","protected":false},"author":1,"featured_media":0,"comment_status":"closed","ping_status":"closed","sticky":false,"template":"","format":"standard","meta":{"jetpack_post_was_ever_published":false,"_jetpack_newsletter_access":"","_jetpack_dont_email_post_to_subs":false,"_jetpack_newsletter_tier_id":0,"_jetpack_memberships_contains_paywalled_content":false,"_jetpack_memberships_contains_paid_content":false,"footnotes":"","jetpack_publicize_message":"","jetpack_publicize_feature_enabled":true,"jetpack_social_post_already_shared":true,"jetpack_social_options":{"image_generator_settings":{"template":"highway","default_image_id":0,"font":"","enabled":false},"version":2}},"categories":[8],"tags":[89,162],"class_list":["post-6910","post","type-post","status-publish","format-standard","hentry","category-kultur-theater","tag-film","tag-musik","no-featured-image","loop-entry clr"],"jetpack_publicize_connections":[],"jetpack_featured_media_url":"","jetpack_sharing_enabled":true,"jetpack_shortlink":"https:\/\/wp.me\/p83yhZ-1Ns","jetpack-related-posts":[],"_links":{"self":[{"href":"https:\/\/www.aberhallo.news\/news\/wp-json\/wp\/v2\/posts\/6910","targetHints":{"allow":["GET"]}}],"collection":[{"href":"https:\/\/www.aberhallo.news\/news\/wp-json\/wp\/v2\/posts"}],"about":[{"href":"https:\/\/www.aberhallo.news\/news\/wp-json\/wp\/v2\/types\/post"}],"author":[{"embeddable":true,"href":"https:\/\/www.aberhallo.news\/news\/wp-json\/wp\/v2\/users\/1"}],"replies":[{"embeddable":true,"href":"https:\/\/www.aberhallo.news\/news\/wp-json\/wp\/v2\/comments?post=6910"}],"version-history":[{"count":1,"href":"https:\/\/www.aberhallo.news\/news\/wp-json\/wp\/v2\/posts\/6910\/revisions"}],"predecessor-version":[{"id":6911,"href":"https:\/\/www.aberhallo.news\/news\/wp-json\/wp\/v2\/posts\/6910\/revisions\/6911"}],"wp:attachment":[{"href":"https:\/\/www.aberhallo.news\/news\/wp-json\/wp\/v2\/media?parent=6910"}],"wp:term":[{"taxonomy":"category","embeddable":true,"href":"https:\/\/www.aberhallo.news\/news\/wp-json\/wp\/v2\/categories?post=6910"},{"taxonomy":"post_tag","embeddable":true,"href":"https:\/\/www.aberhallo.news\/news\/wp-json\/wp\/v2\/tags?post=6910"}],"curies":[{"name":"wp","href":"https:\/\/api.w.org\/{rel}","templated":true}]}}