{"id":6450,"date":"2023-04-20T15:01:39","date_gmt":"2023-04-20T13:01:39","guid":{"rendered":"http:\/\/www.aberhallo.news\/news\/?p=6450"},"modified":"2023-04-20T15:02:54","modified_gmt":"2023-04-20T13:02:54","slug":"ballettkostprobe","status":"publish","type":"post","link":"https:\/\/www.aberhallo.news\/news\/ballettkostprobe\/","title":{"rendered":"Ballettkostprobe"},"content":{"rendered":"\n<p>Der Wahlpflichtkurs Musik des Jahrgang 8 fuhr mit Frau Stamm und Frau Meier am Dienstag, 7. M\u00e4rz 2023, mit der F\u00e4hre von Blexen nach Bremerhaven ins Stadttheater. Wir durften im Theater hinter die Kulissen schauen und uns eine Ballett-Kostprobe ansehen.<\/p>\n\n\n\n<div class=\"wp-block-image\"><figure class=\"aligncenter size-large is-resized\"><img data-recalc-dims=\"1\" loading=\"lazy\" decoding=\"async\" data-attachment-id=\"6451\" data-permalink=\"https:\/\/www.aberhallo.news\/news\/ballettkostprobe\/wpk8-im-stadttheater-bhv1\/\" data-orig-file=\"https:\/\/i0.wp.com\/www.aberhallo.news\/news\/wp-content\/uploads\/2023\/04\/WPK8-im-Stadttheater-BHV1.jpeg?fit=1280%2C960&amp;ssl=1\" data-orig-size=\"1280,960\" data-comments-opened=\"1\" data-image-meta=\"{&quot;aperture&quot;:&quot;1.8&quot;,&quot;credit&quot;:&quot;&quot;,&quot;camera&quot;:&quot;iPhone SE (2nd generation)&quot;,&quot;caption&quot;:&quot;&quot;,&quot;created_timestamp&quot;:&quot;1678207482&quot;,&quot;copyright&quot;:&quot;&quot;,&quot;focal_length&quot;:&quot;3.99&quot;,&quot;iso&quot;:&quot;50&quot;,&quot;shutter_speed&quot;:&quot;0.02&quot;,&quot;title&quot;:&quot;&quot;,&quot;orientation&quot;:&quot;0&quot;}\" data-image-title=\"WPK8 im Stadttheater BHV1\" data-image-description=\"\" data-image-caption=\"&lt;p&gt;Der WPK bekam einen Blick hinter die Kulissen.&lt;\/p&gt;\n\" data-medium-file=\"https:\/\/i0.wp.com\/www.aberhallo.news\/news\/wp-content\/uploads\/2023\/04\/WPK8-im-Stadttheater-BHV1.jpeg?fit=300%2C225&amp;ssl=1\" data-large-file=\"https:\/\/i0.wp.com\/www.aberhallo.news\/news\/wp-content\/uploads\/2023\/04\/WPK8-im-Stadttheater-BHV1.jpeg?fit=1000%2C750&amp;ssl=1\" src=\"https:\/\/i0.wp.com\/www.aberhallo.news\/news\/wp-content\/uploads\/2023\/04\/WPK8-im-Stadttheater-BHV1.jpeg?resize=512%2C384&#038;ssl=1\" alt=\"\" class=\"wp-image-6451\" width=\"512\" height=\"384\" srcset=\"https:\/\/i0.wp.com\/www.aberhallo.news\/news\/wp-content\/uploads\/2023\/04\/WPK8-im-Stadttheater-BHV1.jpeg?resize=1024%2C768&amp;ssl=1 1024w, https:\/\/i0.wp.com\/www.aberhallo.news\/news\/wp-content\/uploads\/2023\/04\/WPK8-im-Stadttheater-BHV1.jpeg?resize=300%2C225&amp;ssl=1 300w, https:\/\/i0.wp.com\/www.aberhallo.news\/news\/wp-content\/uploads\/2023\/04\/WPK8-im-Stadttheater-BHV1.jpeg?resize=768%2C576&amp;ssl=1 768w, https:\/\/i0.wp.com\/www.aberhallo.news\/news\/wp-content\/uploads\/2023\/04\/WPK8-im-Stadttheater-BHV1.jpeg?resize=150%2C113&amp;ssl=1 150w, https:\/\/i0.wp.com\/www.aberhallo.news\/news\/wp-content\/uploads\/2023\/04\/WPK8-im-Stadttheater-BHV1.jpeg?w=1280&amp;ssl=1 1280w\" sizes=\"auto, (max-width: 512px) 100vw, 512px\" \/><figcaption>Der WPK bekam einen Blick hinter die Kulissen.<\/figcaption><\/figure><\/div>\n\n\n\n<p>Im Theater hat mir hinter den Kulissen besonders der Malersaal, der Ballettsaal und der Maskensaal gefallen. Die Ballett-Kostprobe hat mir auch sehr gefallen, da ich die Musik sehr sch\u00f6n fand und sie dazu modern getanzt haben. Nicht so gut gefallen hat mir, dass die Personen, die auf der B\u00fchne getanzt haben, alle andere Kleidung anhatten und auf Socken tanzten anstatt in Kost\u00fcmen und auf Ballerinas wie in einer Abendvorstellung. Schade fand ich auch, dass die Ballett-Kostprobe nur sehr kurz ausgefallen war.<\/p>\n\n\n\n<p class=\"has-text-align-right\">| Sophia Kurszewski, Kl. 8d |<\/p>\n","protected":false},"excerpt":{"rendered":"<p>Der Wahlpflichtkurs Musik des Jahrgang 8 fuhr mit Frau Stamm und Frau Meier am Dienstag, 7. M\u00e4rz 2023, mit der F\u00e4hre von Blexen nach Bremerhaven ins Stadttheater. Wir durften im Theater hinter die Kulissen schauen und uns eine Ballett-Kostprobe ansehen. Im Theater hat mir hinter den Kulissen besonders der Malersaal, der Ballettsaal und der Maskensaal&#8230;<\/p>\n","protected":false},"author":1,"featured_media":6452,"comment_status":"closed","ping_status":"closed","sticky":false,"template":"","format":"standard","meta":{"jetpack_post_was_ever_published":false,"_jetpack_newsletter_access":"","_jetpack_dont_email_post_to_subs":false,"_jetpack_newsletter_tier_id":0,"_jetpack_memberships_contains_paywalled_content":false,"_jetpack_memberships_contains_paid_content":false,"footnotes":"","jetpack_publicize_message":"","jetpack_publicize_feature_enabled":true,"jetpack_social_post_already_shared":true,"jetpack_social_options":{"image_generator_settings":{"template":"highway","default_image_id":0,"font":"","enabled":false},"version":2}},"categories":[8],"tags":[305,271,39],"class_list":["post-6450","post","type-post","status-publish","format-standard","has-post-thumbnail","hentry","category-kultur-theater","tag-ballett","tag-bremerhaven","tag-theater","loop-entry clr"],"jetpack_publicize_connections":[],"jetpack_featured_media_url":"https:\/\/i0.wp.com\/www.aberhallo.news\/news\/wp-content\/uploads\/2023\/04\/WPK8-im-Stadttheater-BHV2.jpeg?fit=1280%2C960&ssl=1","jetpack_sharing_enabled":true,"jetpack_shortlink":"https:\/\/wp.me\/p83yhZ-1G2","jetpack-related-posts":[],"_links":{"self":[{"href":"https:\/\/www.aberhallo.news\/news\/wp-json\/wp\/v2\/posts\/6450","targetHints":{"allow":["GET"]}}],"collection":[{"href":"https:\/\/www.aberhallo.news\/news\/wp-json\/wp\/v2\/posts"}],"about":[{"href":"https:\/\/www.aberhallo.news\/news\/wp-json\/wp\/v2\/types\/post"}],"author":[{"embeddable":true,"href":"https:\/\/www.aberhallo.news\/news\/wp-json\/wp\/v2\/users\/1"}],"replies":[{"embeddable":true,"href":"https:\/\/www.aberhallo.news\/news\/wp-json\/wp\/v2\/comments?post=6450"}],"version-history":[{"count":2,"href":"https:\/\/www.aberhallo.news\/news\/wp-json\/wp\/v2\/posts\/6450\/revisions"}],"predecessor-version":[{"id":6454,"href":"https:\/\/www.aberhallo.news\/news\/wp-json\/wp\/v2\/posts\/6450\/revisions\/6454"}],"wp:featuredmedia":[{"embeddable":true,"href":"https:\/\/www.aberhallo.news\/news\/wp-json\/wp\/v2\/media\/6452"}],"wp:attachment":[{"href":"https:\/\/www.aberhallo.news\/news\/wp-json\/wp\/v2\/media?parent=6450"}],"wp:term":[{"taxonomy":"category","embeddable":true,"href":"https:\/\/www.aberhallo.news\/news\/wp-json\/wp\/v2\/categories?post=6450"},{"taxonomy":"post_tag","embeddable":true,"href":"https:\/\/www.aberhallo.news\/news\/wp-json\/wp\/v2\/tags?post=6450"}],"curies":[{"name":"wp","href":"https:\/\/api.w.org\/{rel}","templated":true}]}}