{"id":6249,"date":"2022-12-07T16:09:42","date_gmt":"2022-12-07T15:09:42","guid":{"rendered":"http:\/\/www.aberhallo.news\/news\/?p=6249"},"modified":"2022-12-07T16:09:47","modified_gmt":"2022-12-07T15:09:47","slug":"weihnachtsmarkt-erstmals-auch-auf-dem-schulhof","status":"publish","type":"post","link":"https:\/\/www.aberhallo.news\/news\/weihnachtsmarkt-erstmals-auch-auf-dem-schulhof\/","title":{"rendered":"Weihnachtsmarkt erstmals auch auf dem Schulhof"},"content":{"rendered":"\n<p>Donnerstag, den 1. Dezember, um 15 Uhr startete der Weihnachtsmarkt an der OBS 1.\u00a0 Sch\u00fcler*innen verkauften viele verschiedene Produkte, zum Beispiel Kekse, Popcorn, Zuckerwatte und Schokolade. Auch verschiedene Spiele wurden gespielt: Keks-Pong, Bobby-Car-Rennen, Basketball werfen, Fu\u00dfballtor treffen. Da der Weihnachtsmarkt letztes Jahr ausgefallen ist, war dieses Jahr besonders viel los.<\/p>\n\n\n\n<figure class=\"wp-block-image size-large\"><img data-recalc-dims=\"1\" loading=\"lazy\" decoding=\"async\" width=\"1000\" height=\"750\" data-attachment-id=\"6251\" data-permalink=\"https:\/\/www.aberhallo.news\/news\/weihnachtsmarkt-erstmals-auch-auf-dem-schulhof\/e1eb7ac5-a344-49b1-885d-9a08618a3854\/\" data-orig-file=\"https:\/\/i0.wp.com\/www.aberhallo.news\/news\/wp-content\/uploads\/2022\/12\/E1EB7AC5-A344-49B1-885D-9A08618A3854.jpeg?fit=1440%2C1080&amp;ssl=1\" data-orig-size=\"1440,1080\" data-comments-opened=\"1\" data-image-meta=\"{&quot;aperture&quot;:&quot;0&quot;,&quot;credit&quot;:&quot;&quot;,&quot;camera&quot;:&quot;&quot;,&quot;caption&quot;:&quot;&quot;,&quot;created_timestamp&quot;:&quot;0&quot;,&quot;copyright&quot;:&quot;&quot;,&quot;focal_length&quot;:&quot;0&quot;,&quot;iso&quot;:&quot;0&quot;,&quot;shutter_speed&quot;:&quot;0&quot;,&quot;title&quot;:&quot;&quot;,&quot;orientation&quot;:&quot;1&quot;}\" data-image-title=\"E1EB7AC5-A344-49B1-885D-9A08618A3854\" data-image-description=\"\" data-image-caption=\"\" data-medium-file=\"https:\/\/i0.wp.com\/www.aberhallo.news\/news\/wp-content\/uploads\/2022\/12\/E1EB7AC5-A344-49B1-885D-9A08618A3854.jpeg?fit=300%2C225&amp;ssl=1\" data-large-file=\"https:\/\/i0.wp.com\/www.aberhallo.news\/news\/wp-content\/uploads\/2022\/12\/E1EB7AC5-A344-49B1-885D-9A08618A3854.jpeg?fit=1000%2C750&amp;ssl=1\" src=\"https:\/\/i0.wp.com\/www.aberhallo.news\/news\/wp-content\/uploads\/2022\/12\/E1EB7AC5-A344-49B1-885D-9A08618A3854.jpeg?resize=1000%2C750&#038;ssl=1\" alt=\"\" class=\"wp-image-6251\" srcset=\"https:\/\/i0.wp.com\/www.aberhallo.news\/news\/wp-content\/uploads\/2022\/12\/E1EB7AC5-A344-49B1-885D-9A08618A3854.jpeg?resize=1024%2C768&amp;ssl=1 1024w, https:\/\/i0.wp.com\/www.aberhallo.news\/news\/wp-content\/uploads\/2022\/12\/E1EB7AC5-A344-49B1-885D-9A08618A3854.jpeg?resize=300%2C225&amp;ssl=1 300w, https:\/\/i0.wp.com\/www.aberhallo.news\/news\/wp-content\/uploads\/2022\/12\/E1EB7AC5-A344-49B1-885D-9A08618A3854.jpeg?resize=768%2C576&amp;ssl=1 768w, https:\/\/i0.wp.com\/www.aberhallo.news\/news\/wp-content\/uploads\/2022\/12\/E1EB7AC5-A344-49B1-885D-9A08618A3854.jpeg?resize=150%2C113&amp;ssl=1 150w, https:\/\/i0.wp.com\/www.aberhallo.news\/news\/wp-content\/uploads\/2022\/12\/E1EB7AC5-A344-49B1-885D-9A08618A3854.jpeg?w=1440&amp;ssl=1 1440w\" sizes=\"auto, (max-width: 1000px) 100vw, 1000px\" \/><\/figure>\n\n\n\n<p>Um 15.30 Uhr fing die Schulband von Herrn Lenzschau an, Musik wie Merry Christmas zu spielen. Auf der B\u00fchne standen auch verschiedene Musikklassen und Wahlpflichtkurse. Dieses Jahr fand der Weihnachtsmarkt nicht nur im Schulgeb\u00e4ude statt, sondern auch drau\u00dfen. Auf dem Schulhof hatten die Klassen Pavillons aufgebaut, unter denen die St\u00e4nde eingerichtet waren.<\/p>\n\n\n\n<p>Das eingenommene Geld wird aufgeteilt: 50 Prozent bekommen jeweils die Klassen f\u00fcr ihre Klassenkassen und die andere H\u00e4lfte bekommt der F\u00f6rderverein der Oberschule 1 Nordenham.<\/p>\n\n\n\n<p class=\"has-text-align-right\">| Text: Levin Malden, Kl. 10a |<\/p>\n\n\n\n<figure class=\"wp-block-image size-large\"><img data-recalc-dims=\"1\" loading=\"lazy\" decoding=\"async\" width=\"1000\" height=\"754\" data-attachment-id=\"6252\" data-permalink=\"https:\/\/www.aberhallo.news\/news\/weihnachtsmarkt-erstmals-auch-auf-dem-schulhof\/f236029c-6402-4efa-8608-10256920470b\/\" data-orig-file=\"https:\/\/i0.wp.com\/www.aberhallo.news\/news\/wp-content\/uploads\/2022\/12\/F236029C-6402-4EFA-8608-10256920470B.jpeg?fit=1440%2C1085&amp;ssl=1\" data-orig-size=\"1440,1085\" data-comments-opened=\"1\" data-image-meta=\"{&quot;aperture&quot;:&quot;0&quot;,&quot;credit&quot;:&quot;&quot;,&quot;camera&quot;:&quot;&quot;,&quot;caption&quot;:&quot;&quot;,&quot;created_timestamp&quot;:&quot;0&quot;,&quot;copyright&quot;:&quot;&quot;,&quot;focal_length&quot;:&quot;0&quot;,&quot;iso&quot;:&quot;0&quot;,&quot;shutter_speed&quot;:&quot;0&quot;,&quot;title&quot;:&quot;&quot;,&quot;orientation&quot;:&quot;1&quot;}\" data-image-title=\"F236029C-6402-4EFA-8608-10256920470B\" data-image-description=\"\" data-image-caption=\"\" data-medium-file=\"https:\/\/i0.wp.com\/www.aberhallo.news\/news\/wp-content\/uploads\/2022\/12\/F236029C-6402-4EFA-8608-10256920470B.jpeg?fit=300%2C226&amp;ssl=1\" data-large-file=\"https:\/\/i0.wp.com\/www.aberhallo.news\/news\/wp-content\/uploads\/2022\/12\/F236029C-6402-4EFA-8608-10256920470B.jpeg?fit=1000%2C754&amp;ssl=1\" src=\"https:\/\/i0.wp.com\/www.aberhallo.news\/news\/wp-content\/uploads\/2022\/12\/F236029C-6402-4EFA-8608-10256920470B.jpeg?resize=1000%2C754&#038;ssl=1\" alt=\"\" class=\"wp-image-6252\" srcset=\"https:\/\/i0.wp.com\/www.aberhallo.news\/news\/wp-content\/uploads\/2022\/12\/F236029C-6402-4EFA-8608-10256920470B.jpeg?resize=1024%2C772&amp;ssl=1 1024w, https:\/\/i0.wp.com\/www.aberhallo.news\/news\/wp-content\/uploads\/2022\/12\/F236029C-6402-4EFA-8608-10256920470B.jpeg?resize=300%2C226&amp;ssl=1 300w, https:\/\/i0.wp.com\/www.aberhallo.news\/news\/wp-content\/uploads\/2022\/12\/F236029C-6402-4EFA-8608-10256920470B.jpeg?resize=768%2C579&amp;ssl=1 768w, https:\/\/i0.wp.com\/www.aberhallo.news\/news\/wp-content\/uploads\/2022\/12\/F236029C-6402-4EFA-8608-10256920470B.jpeg?resize=150%2C113&amp;ssl=1 150w, https:\/\/i0.wp.com\/www.aberhallo.news\/news\/wp-content\/uploads\/2022\/12\/F236029C-6402-4EFA-8608-10256920470B.jpeg?w=1440&amp;ssl=1 1440w\" sizes=\"auto, (max-width: 1000px) 100vw, 1000px\" \/><\/figure>\n\n\n\n<figure class=\"wp-block-image size-large\"><img data-recalc-dims=\"1\" loading=\"lazy\" decoding=\"async\" width=\"1000\" height=\"754\" data-attachment-id=\"6253\" data-permalink=\"https:\/\/www.aberhallo.news\/news\/weihnachtsmarkt-erstmals-auch-auf-dem-schulhof\/71b9181e-94f0-44bc-834c-ab6111d2c7c9\/\" data-orig-file=\"https:\/\/i0.wp.com\/www.aberhallo.news\/news\/wp-content\/uploads\/2022\/12\/71B9181E-94F0-44BC-834C-AB6111D2C7C9.jpeg?fit=1440%2C1085&amp;ssl=1\" data-orig-size=\"1440,1085\" data-comments-opened=\"1\" data-image-meta=\"{&quot;aperture&quot;:&quot;0&quot;,&quot;credit&quot;:&quot;&quot;,&quot;camera&quot;:&quot;&quot;,&quot;caption&quot;:&quot;&quot;,&quot;created_timestamp&quot;:&quot;0&quot;,&quot;copyright&quot;:&quot;&quot;,&quot;focal_length&quot;:&quot;0&quot;,&quot;iso&quot;:&quot;0&quot;,&quot;shutter_speed&quot;:&quot;0&quot;,&quot;title&quot;:&quot;&quot;,&quot;orientation&quot;:&quot;1&quot;}\" data-image-title=\"71B9181E-94F0-44BC-834C-AB6111D2C7C9\" data-image-description=\"\" data-image-caption=\"\" data-medium-file=\"https:\/\/i0.wp.com\/www.aberhallo.news\/news\/wp-content\/uploads\/2022\/12\/71B9181E-94F0-44BC-834C-AB6111D2C7C9.jpeg?fit=300%2C226&amp;ssl=1\" data-large-file=\"https:\/\/i0.wp.com\/www.aberhallo.news\/news\/wp-content\/uploads\/2022\/12\/71B9181E-94F0-44BC-834C-AB6111D2C7C9.jpeg?fit=1000%2C754&amp;ssl=1\" src=\"https:\/\/i0.wp.com\/www.aberhallo.news\/news\/wp-content\/uploads\/2022\/12\/71B9181E-94F0-44BC-834C-AB6111D2C7C9.jpeg?resize=1000%2C754&#038;ssl=1\" alt=\"\" class=\"wp-image-6253\" srcset=\"https:\/\/i0.wp.com\/www.aberhallo.news\/news\/wp-content\/uploads\/2022\/12\/71B9181E-94F0-44BC-834C-AB6111D2C7C9.jpeg?resize=1024%2C772&amp;ssl=1 1024w, https:\/\/i0.wp.com\/www.aberhallo.news\/news\/wp-content\/uploads\/2022\/12\/71B9181E-94F0-44BC-834C-AB6111D2C7C9.jpeg?resize=300%2C226&amp;ssl=1 300w, https:\/\/i0.wp.com\/www.aberhallo.news\/news\/wp-content\/uploads\/2022\/12\/71B9181E-94F0-44BC-834C-AB6111D2C7C9.jpeg?resize=768%2C579&amp;ssl=1 768w, https:\/\/i0.wp.com\/www.aberhallo.news\/news\/wp-content\/uploads\/2022\/12\/71B9181E-94F0-44BC-834C-AB6111D2C7C9.jpeg?resize=150%2C113&amp;ssl=1 150w, https:\/\/i0.wp.com\/www.aberhallo.news\/news\/wp-content\/uploads\/2022\/12\/71B9181E-94F0-44BC-834C-AB6111D2C7C9.jpeg?w=1440&amp;ssl=1 1440w\" sizes=\"auto, (max-width: 1000px) 100vw, 1000px\" \/><\/figure>\n\n\n\n<figure class=\"wp-block-image size-large\"><img data-recalc-dims=\"1\" loading=\"lazy\" decoding=\"async\" width=\"1000\" height=\"750\" data-attachment-id=\"6254\" data-permalink=\"https:\/\/www.aberhallo.news\/news\/weihnachtsmarkt-erstmals-auch-auf-dem-schulhof\/dd3d6913-860e-42d3-80e6-638665056ed9\/\" data-orig-file=\"https:\/\/i0.wp.com\/www.aberhallo.news\/news\/wp-content\/uploads\/2022\/12\/DD3D6913-860E-42D3-80E6-638665056ED9.jpeg?fit=1440%2C1080&amp;ssl=1\" data-orig-size=\"1440,1080\" data-comments-opened=\"1\" data-image-meta=\"{&quot;aperture&quot;:&quot;0&quot;,&quot;credit&quot;:&quot;&quot;,&quot;camera&quot;:&quot;&quot;,&quot;caption&quot;:&quot;&quot;,&quot;created_timestamp&quot;:&quot;0&quot;,&quot;copyright&quot;:&quot;&quot;,&quot;focal_length&quot;:&quot;0&quot;,&quot;iso&quot;:&quot;0&quot;,&quot;shutter_speed&quot;:&quot;0&quot;,&quot;title&quot;:&quot;&quot;,&quot;orientation&quot;:&quot;1&quot;}\" data-image-title=\"DD3D6913-860E-42D3-80E6-638665056ED9\" data-image-description=\"\" data-image-caption=\"\" data-medium-file=\"https:\/\/i0.wp.com\/www.aberhallo.news\/news\/wp-content\/uploads\/2022\/12\/DD3D6913-860E-42D3-80E6-638665056ED9.jpeg?fit=300%2C225&amp;ssl=1\" data-large-file=\"https:\/\/i0.wp.com\/www.aberhallo.news\/news\/wp-content\/uploads\/2022\/12\/DD3D6913-860E-42D3-80E6-638665056ED9.jpeg?fit=1000%2C750&amp;ssl=1\" src=\"https:\/\/i0.wp.com\/www.aberhallo.news\/news\/wp-content\/uploads\/2022\/12\/DD3D6913-860E-42D3-80E6-638665056ED9.jpeg?resize=1000%2C750&#038;ssl=1\" alt=\"\" class=\"wp-image-6254\" srcset=\"https:\/\/i0.wp.com\/www.aberhallo.news\/news\/wp-content\/uploads\/2022\/12\/DD3D6913-860E-42D3-80E6-638665056ED9.jpeg?resize=1024%2C768&amp;ssl=1 1024w, https:\/\/i0.wp.com\/www.aberhallo.news\/news\/wp-content\/uploads\/2022\/12\/DD3D6913-860E-42D3-80E6-638665056ED9.jpeg?resize=300%2C225&amp;ssl=1 300w, https:\/\/i0.wp.com\/www.aberhallo.news\/news\/wp-content\/uploads\/2022\/12\/DD3D6913-860E-42D3-80E6-638665056ED9.jpeg?resize=768%2C576&amp;ssl=1 768w, https:\/\/i0.wp.com\/www.aberhallo.news\/news\/wp-content\/uploads\/2022\/12\/DD3D6913-860E-42D3-80E6-638665056ED9.jpeg?resize=150%2C113&amp;ssl=1 150w, https:\/\/i0.wp.com\/www.aberhallo.news\/news\/wp-content\/uploads\/2022\/12\/DD3D6913-860E-42D3-80E6-638665056ED9.jpeg?w=1440&amp;ssl=1 1440w\" sizes=\"auto, (max-width: 1000px) 100vw, 1000px\" \/><\/figure>\n","protected":false},"excerpt":{"rendered":"<p>Donnerstag, den 1. Dezember, um 15 Uhr startete der Weihnachtsmarkt an der OBS 1.\u00a0 Sch\u00fcler*innen verkauften viele verschiedene Produkte, zum Beispiel Kekse, Popcorn, Zuckerwatte und Schokolade. Auch verschiedene Spiele wurden gespielt: Keks-Pong, Bobby-Car-Rennen, Basketball werfen, Fu\u00dfballtor treffen. Da der Weihnachtsmarkt letztes Jahr ausgefallen ist, war dieses Jahr besonders viel los. Um 15.30 Uhr fing die&#8230;<\/p>\n","protected":false},"author":1,"featured_media":6250,"comment_status":"open","ping_status":"open","sticky":false,"template":"","format":"standard","meta":{"jetpack_post_was_ever_published":false,"_jetpack_newsletter_access":"","_jetpack_dont_email_post_to_subs":false,"_jetpack_newsletter_tier_id":0,"_jetpack_memberships_contains_paywalled_content":false,"_jetpack_memberships_contains_paid_content":false,"footnotes":"","jetpack_publicize_message":"","jetpack_publicize_feature_enabled":true,"jetpack_social_post_already_shared":true,"jetpack_social_options":{"image_generator_settings":{"template":"highway","default_image_id":0,"font":"","enabled":false},"version":2}},"categories":[9,6],"tags":[],"class_list":["post-6249","post","type-post","status-publish","format-standard","has-post-thumbnail","hentry","category-aber-hallo-textet","category-aus-der-schule","loop-entry clr"],"jetpack_publicize_connections":[],"jetpack_featured_media_url":"https:\/\/i0.wp.com\/www.aberhallo.news\/news\/wp-content\/uploads\/2022\/12\/9E7A100D-AE0A-41B5-87B4-489B8AA8EABF.jpeg?fit=1440%2C1085&ssl=1","jetpack_sharing_enabled":true,"jetpack_shortlink":"https:\/\/wp.me\/p83yhZ-1CN","jetpack-related-posts":[],"_links":{"self":[{"href":"https:\/\/www.aberhallo.news\/news\/wp-json\/wp\/v2\/posts\/6249","targetHints":{"allow":["GET"]}}],"collection":[{"href":"https:\/\/www.aberhallo.news\/news\/wp-json\/wp\/v2\/posts"}],"about":[{"href":"https:\/\/www.aberhallo.news\/news\/wp-json\/wp\/v2\/types\/post"}],"author":[{"embeddable":true,"href":"https:\/\/www.aberhallo.news\/news\/wp-json\/wp\/v2\/users\/1"}],"replies":[{"embeddable":true,"href":"https:\/\/www.aberhallo.news\/news\/wp-json\/wp\/v2\/comments?post=6249"}],"version-history":[{"count":1,"href":"https:\/\/www.aberhallo.news\/news\/wp-json\/wp\/v2\/posts\/6249\/revisions"}],"predecessor-version":[{"id":6255,"href":"https:\/\/www.aberhallo.news\/news\/wp-json\/wp\/v2\/posts\/6249\/revisions\/6255"}],"wp:featuredmedia":[{"embeddable":true,"href":"https:\/\/www.aberhallo.news\/news\/wp-json\/wp\/v2\/media\/6250"}],"wp:attachment":[{"href":"https:\/\/www.aberhallo.news\/news\/wp-json\/wp\/v2\/media?parent=6249"}],"wp:term":[{"taxonomy":"category","embeddable":true,"href":"https:\/\/www.aberhallo.news\/news\/wp-json\/wp\/v2\/categories?post=6249"},{"taxonomy":"post_tag","embeddable":true,"href":"https:\/\/www.aberhallo.news\/news\/wp-json\/wp\/v2\/tags?post=6249"}],"curies":[{"name":"wp","href":"https:\/\/api.w.org\/{rel}","templated":true}]}}