{"id":6191,"date":"2022-11-17T14:19:09","date_gmt":"2022-11-17T13:19:09","guid":{"rendered":"http:\/\/www.aberhallo.news\/news\/?p=6191"},"modified":"2022-11-17T14:23:12","modified_gmt":"2022-11-17T13:23:12","slug":"igelrettung","status":"publish","type":"post","link":"https:\/\/www.aberhallo.news\/news\/igelrettung\/","title":{"rendered":"Igelrettung"},"content":{"rendered":"\n<p>Auf dem Schulhof 2 ereignete sich ein Rettungseinsatz: Ein kleiner Igel ist in einen Entw\u00e4sserungsschacht gefallen. Dort fanden ihn Sch\u00fcler*innen. Sie meldeten den Fund der Aufsicht, die diese Information dann Frau Sch\u00e4fer mitteilte.<\/p>\n\n\n\n<p>Als Frau Sch\u00e4fer zur Stelle war, wurde der Igel mit einer Greifzange aus diesem Schacht geholt und in einen Karton gesetzt, in den Bl\u00e4tter eingestreut wurden. Frau Sch\u00e4fer nahm den Kasten mit in das warme Lehrerzimmer. Die Ursache des Igelungl\u00fccks war vermutlich, dass jemand w\u00e4hrend des Nachmittags eine Abdeckplatte von einem Regenwassersickerschacht entfernte, woraufhin der Igel dort reingefallen ist.<\/p>\n\n\n\n<p>Der Igel wurde mit dem Karton zu Nicole Schneider gebracht, die eine Igelstation in Nordenham f\u00fchrt. Dort wurde er gewogen und es wurde festgestellt, dass er zu leicht war, um zu \u00fcberwintern. Auch war er unterk\u00fchlt. Dazu war er sehr hungrig, dehydriert (er hatte zu wenig getrunken) und wurde auf der Station aufgep\u00e4ppelt, da er sich nur langsam erholt hat. W\u00e4re Frau Sch\u00e4fer nicht gewesen, w\u00e4re der Igel verstorben.<\/p>\n\n\n\n<p>Ein Igel muss zum \u00dcberwintern 500 bis 600 Gramm wiegen, ansonsten schafft das Tier das nicht. Wer einen Garten hat, kann Igel beim \u00dcberwintern helfen: Der Igel braucht einen guten Unterschlupf, damit er auch einen gem\u00fctlichen Platz hat. Es gibt Igelh\u00e4user, die aufgestellt werden k\u00f6nnen. G\u00e4rtner*innen m\u00fcssen den Garten nicht ganz h\u00fcbsch machen, sondern k\u00f6nnen einfach ein paar Laubbl\u00e4tter und St\u00f6cker herumliegen haben, damit der Igel sich drunter sch\u00fctzen kann.<\/p>\n\n\n\n<p>Der Schulhofigel kam zusammen mit einem anderen Igel in ein Freigehege im Garten von Frau Sch\u00e4fer. Dort bekam er zus\u00e4tzliches Futter und konnte gesch\u00fctzt weiter wachsen.<\/p>\n\n\n\n<p class=\"has-text-align-right\">| Text: Till Stindt, Kl. 7c |<br>| Bild: Frau Sch\u00e4fer |<\/p>\n","protected":false},"excerpt":{"rendered":"<p>Auf dem Schulhof 2 ereignete sich ein Rettungseinsatz: Ein kleiner Igel ist in einen Entw\u00e4sserungsschacht gefallen. Dort fanden ihn Sch\u00fcler*innen. Sie meldeten den Fund der Aufsicht, die diese Information dann Frau Sch\u00e4fer mitteilte. Als Frau Sch\u00e4fer zur Stelle war, wurde der Igel mit einer Greifzange aus diesem Schacht geholt und in einen Karton gesetzt, in&#8230;<\/p>\n","protected":false},"author":1,"featured_media":6192,"comment_status":"closed","ping_status":"closed","sticky":false,"template":"","format":"standard","meta":{"jetpack_post_was_ever_published":false,"_jetpack_newsletter_access":"","_jetpack_dont_email_post_to_subs":false,"_jetpack_newsletter_tier_id":0,"_jetpack_memberships_contains_paywalled_content":false,"_jetpack_memberships_contains_paid_content":false,"footnotes":"","jetpack_publicize_message":"","jetpack_publicize_feature_enabled":true,"jetpack_social_post_already_shared":true,"jetpack_social_options":{"image_generator_settings":{"template":"highway","default_image_id":0,"font":"","enabled":false},"version":2}},"categories":[9,6],"tags":[292],"class_list":["post-6191","post","type-post","status-publish","format-standard","has-post-thumbnail","hentry","category-aber-hallo-textet","category-aus-der-schule","tag-tiere","loop-entry clr"],"jetpack_publicize_connections":[],"jetpack_featured_media_url":"https:\/\/i0.wp.com\/www.aberhallo.news\/news\/wp-content\/uploads\/2022\/11\/Igel.jpg?fit=600%2C401&ssl=1","jetpack_sharing_enabled":true,"jetpack_shortlink":"https:\/\/wp.me\/p83yhZ-1BR","jetpack-related-posts":[],"_links":{"self":[{"href":"https:\/\/www.aberhallo.news\/news\/wp-json\/wp\/v2\/posts\/6191","targetHints":{"allow":["GET"]}}],"collection":[{"href":"https:\/\/www.aberhallo.news\/news\/wp-json\/wp\/v2\/posts"}],"about":[{"href":"https:\/\/www.aberhallo.news\/news\/wp-json\/wp\/v2\/types\/post"}],"author":[{"embeddable":true,"href":"https:\/\/www.aberhallo.news\/news\/wp-json\/wp\/v2\/users\/1"}],"replies":[{"embeddable":true,"href":"https:\/\/www.aberhallo.news\/news\/wp-json\/wp\/v2\/comments?post=6191"}],"version-history":[{"count":2,"href":"https:\/\/www.aberhallo.news\/news\/wp-json\/wp\/v2\/posts\/6191\/revisions"}],"predecessor-version":[{"id":6194,"href":"https:\/\/www.aberhallo.news\/news\/wp-json\/wp\/v2\/posts\/6191\/revisions\/6194"}],"wp:featuredmedia":[{"embeddable":true,"href":"https:\/\/www.aberhallo.news\/news\/wp-json\/wp\/v2\/media\/6192"}],"wp:attachment":[{"href":"https:\/\/www.aberhallo.news\/news\/wp-json\/wp\/v2\/media?parent=6191"}],"wp:term":[{"taxonomy":"category","embeddable":true,"href":"https:\/\/www.aberhallo.news\/news\/wp-json\/wp\/v2\/categories?post=6191"},{"taxonomy":"post_tag","embeddable":true,"href":"https:\/\/www.aberhallo.news\/news\/wp-json\/wp\/v2\/tags?post=6191"}],"curies":[{"name":"wp","href":"https:\/\/api.w.org\/{rel}","templated":true}]}}