{"id":598,"date":"2017-02-16T14:01:22","date_gmt":"2017-02-16T13:01:22","guid":{"rendered":"http:\/\/www.aberhallo.news\/news\/?p=598"},"modified":"2017-03-16T14:30:01","modified_gmt":"2017-03-16T13:30:01","slug":"oberschule-1-bekommt-zusaetzlichen-sozialarbeiter","status":"publish","type":"post","link":"https:\/\/www.aberhallo.news\/news\/oberschule-1-bekommt-zusaetzlichen-sozialarbeiter\/","title":{"rendered":"Oberschule 1 bekommt zus\u00e4tzlichen Sozialarbeiter"},"content":{"rendered":"<p><strong>Die Oberschule 1 Nordenham bekommt eine zweite Stelle f\u00fcr einen Schulsozialarbeiter. Das hat die Landtagsabgeordnete Karin Logemann\u00a0im Februar 2017\u00a0der Schulleitung der OBS 1 telefonisch mitgeteilt.<\/strong><\/p>\n<p>\u201eWir freuen uns, dass wir von der Initiative der Landesregierung profitieren\u201c, sagte Schulleiterin Heidrun Beck. \u201eSchulsozialarbeiter bieten den Kindern und Jugendlichen wichtige Unterst\u00fctzung an bei den Herausforderungen, die neben dem Unterricht bew\u00e4ltigt werden m\u00fcssen.\u201c Bereits jetzt besch\u00e4ftigt die Oberschule eine Sozialarbeiterin. Sie k\u00fcmmert sich um Pr\u00e4ventionsangebote und bietet Sprechstunden an, die Sch\u00fcler nutzen k\u00f6nnen, die Probleme in der Schule oder zu Hause haben. Mit der zweiten sozialp\u00e4dagogischen Kraft k\u00f6nnen die Aufgaben aufgeteilt und die T\u00e4tigkeiten jetzt ausgeweitet werden. Damit kann die Anzahl der begleiteten Jugendlichen erh\u00f6ht werden. Zudem kann das Angebot im Freizeit- und Pausenbereich ausgebaut werden.<\/p>\n<p>Auch die Lehrkr\u00e4fte sollen durch die zweite Sozialarbeiterstelle in ihrer p\u00e4dagogischen Arbeit entlastet werden, um sich st\u00e4rker auf ihre eigentliche Aufgabe, das Unterrichten, konzentrieren zu k\u00f6nnen. \u201eDie aufsuchende Sozialarbeit, der Kontakt zu den Elternh\u00e4usern, wird in Zukunft immer mehr Bedeutung bekommen,\u201c so Beck. \u201eMit unseren Angeboten wie Elternsprechtagen und Elternabenden erreichen wir leider nicht alle Erziehungsberechtigten\u201c. H\u00e4ufig sei gerade der Kontakt zu den Elternh\u00e4usern schwierig, der besonders erforderlich w\u00e4re. \u201eHier kann ein neuer Sozialp\u00e4dagoge ankn\u00fcpfen und die Verbindung von Schule und Elternhaus verbessern zum Wohle des Kindes,\u201c so Beck.<br \/>\nNeben den Schulsozialarbeitern stehen den Sch\u00fclern der OBS 1 weitere Betreuer zur Seite. Dazu geh\u00f6ren ein Beratungslehrer sowie zwei junge Menschen, die ihr Freiwilliges Soziales Jahr an der Oberschule 1 absolvieren.<\/p>\n<p style=\"text-align: right;\">| Text: Herr Lange |<\/p>\n","protected":false},"excerpt":{"rendered":"<p>Die Oberschule 1 Nordenham bekommt eine zweite Stelle f\u00fcr einen Schulsozialarbeiter. Das hat die Landtagsabgeordnete Karin Logemann\u00a0im Februar 2017\u00a0der Schulleitung der OBS 1 telefonisch mitgeteilt. \u201eWir freuen uns, dass wir von der Initiative der Landesregierung profitieren\u201c, sagte Schulleiterin Heidrun Beck. \u201eSchulsozialarbeiter bieten den Kindern und Jugendlichen wichtige Unterst\u00fctzung an bei den Herausforderungen, die neben dem&#8230;<\/p>\n","protected":false},"author":1,"featured_media":0,"comment_status":"open","ping_status":"open","sticky":false,"template":"","format":"standard","meta":{"jetpack_post_was_ever_published":false,"_jetpack_newsletter_access":"","_jetpack_dont_email_post_to_subs":true,"_jetpack_newsletter_tier_id":0,"_jetpack_memberships_contains_paywalled_content":false,"_jetpack_memberships_contains_paid_content":false,"footnotes":"","jetpack_publicize_message":"","jetpack_publicize_feature_enabled":true,"jetpack_social_post_already_shared":true,"jetpack_social_options":{"image_generator_settings":{"template":"highway","default_image_id":0,"font":"","enabled":false},"version":2}},"categories":[9,6],"tags":[55],"class_list":["post-598","post","type-post","status-publish","format-standard","hentry","category-aber-hallo-textet","category-aus-der-schule","tag-sozialarbeit","no-featured-image","loop-entry clr"],"jetpack_publicize_connections":[],"jetpack_featured_media_url":"","jetpack_sharing_enabled":true,"jetpack_shortlink":"https:\/\/wp.me\/p83yhZ-9E","jetpack-related-posts":[],"_links":{"self":[{"href":"https:\/\/www.aberhallo.news\/news\/wp-json\/wp\/v2\/posts\/598","targetHints":{"allow":["GET"]}}],"collection":[{"href":"https:\/\/www.aberhallo.news\/news\/wp-json\/wp\/v2\/posts"}],"about":[{"href":"https:\/\/www.aberhallo.news\/news\/wp-json\/wp\/v2\/types\/post"}],"author":[{"embeddable":true,"href":"https:\/\/www.aberhallo.news\/news\/wp-json\/wp\/v2\/users\/1"}],"replies":[{"embeddable":true,"href":"https:\/\/www.aberhallo.news\/news\/wp-json\/wp\/v2\/comments?post=598"}],"version-history":[{"count":3,"href":"https:\/\/www.aberhallo.news\/news\/wp-json\/wp\/v2\/posts\/598\/revisions"}],"predecessor-version":[{"id":643,"href":"https:\/\/www.aberhallo.news\/news\/wp-json\/wp\/v2\/posts\/598\/revisions\/643"}],"wp:attachment":[{"href":"https:\/\/www.aberhallo.news\/news\/wp-json\/wp\/v2\/media?parent=598"}],"wp:term":[{"taxonomy":"category","embeddable":true,"href":"https:\/\/www.aberhallo.news\/news\/wp-json\/wp\/v2\/categories?post=598"},{"taxonomy":"post_tag","embeddable":true,"href":"https:\/\/www.aberhallo.news\/news\/wp-json\/wp\/v2\/tags?post=598"}],"curies":[{"name":"wp","href":"https:\/\/api.w.org\/{rel}","templated":true}]}}