{"id":5904,"date":"2022-03-31T14:21:59","date_gmt":"2022-03-31T12:21:59","guid":{"rendered":"http:\/\/www.aberhallo.news\/news\/?p=5904"},"modified":"2022-03-31T14:53:09","modified_gmt":"2022-03-31T12:53:09","slug":"neue-schuelersprecherwahl","status":"publish","type":"post","link":"https:\/\/www.aberhallo.news\/news\/neue-schuelersprecherwahl\/","title":{"rendered":"Neue Sch\u00fclersprecherwahl"},"content":{"rendered":"\n<p>Am 30. M\u00e4rz 2022 wurden eine neue Sch\u00fclersprecherin und ihre Vertreter gew\u00e4hlt. Der Sch\u00fclerrat stimmte einstimmig f\u00fcr Shania Sinny Correa. Ihre Vertreter sind Bastian Schwiede (10d) und Rieke Dirks (7d). Sinny ist 15 Jahre alt und geht in die 10b bei Herrn Lenzschau. Sie wollte Sch\u00fclersprecherin werden, weil sie die Anliegen der Sch\u00fcler*innen respektieren und so gut wie m\u00f6glich ber\u00fccksichtigen m\u00f6chte. Bekannt ist sie vielen als Organisatorin der Friedensdemo f\u00fcr die Ukraine Anfang M\u00e4rz. Die Neuwahl der Sch\u00fclersprecher*innen war auf Antrag der Mehrheit der Klassensprecher*innen erfolgt: Der Amtsvorg\u00e4nger hatte nicht \u00fcberzeugt.<\/p>\n\n\n\n<p class=\"has-text-align-right\"><a><\/a>| Text: Tom Albers, Kl. 8a |<\/p>\n","protected":false},"excerpt":{"rendered":"<p>Am 30. M\u00e4rz 2022 wurden eine neue Sch\u00fclersprecherin und ihre Vertreter gew\u00e4hlt. Der Sch\u00fclerrat stimmte einstimmig f\u00fcr Shania Sinny Correa. Ihre Vertreter sind Bastian Schwiede (10d) und Rieke Dirks (7d). Sinny ist 15 Jahre alt und geht in die 10b bei Herrn Lenzschau. Sie wollte Sch\u00fclersprecherin werden, weil sie die Anliegen der Sch\u00fcler*innen respektieren und&#8230;<\/p>\n","protected":false},"author":14,"featured_media":0,"comment_status":"open","ping_status":"open","sticky":false,"template":"","format":"standard","meta":{"jetpack_post_was_ever_published":false,"_jetpack_newsletter_access":"","_jetpack_dont_email_post_to_subs":false,"_jetpack_newsletter_tier_id":0,"_jetpack_memberships_contains_paywalled_content":false,"_jetpack_memberships_contains_paid_content":false,"footnotes":"","jetpack_publicize_message":"","jetpack_publicize_feature_enabled":true,"jetpack_social_post_already_shared":true,"jetpack_social_options":{"image_generator_settings":{"template":"highway","default_image_id":0,"font":"","enabled":false},"version":2}},"categories":[9],"tags":[107,18],"class_list":["post-5904","post","type-post","status-publish","format-standard","hentry","category-aber-hallo-textet","tag-schuelervertretung","tag-sv","no-featured-image","loop-entry clr"],"jetpack_publicize_connections":[],"jetpack_featured_media_url":"","jetpack_sharing_enabled":true,"jetpack_shortlink":"https:\/\/wp.me\/p83yhZ-1xe","jetpack-related-posts":[],"_links":{"self":[{"href":"https:\/\/www.aberhallo.news\/news\/wp-json\/wp\/v2\/posts\/5904","targetHints":{"allow":["GET"]}}],"collection":[{"href":"https:\/\/www.aberhallo.news\/news\/wp-json\/wp\/v2\/posts"}],"about":[{"href":"https:\/\/www.aberhallo.news\/news\/wp-json\/wp\/v2\/types\/post"}],"author":[{"embeddable":true,"href":"https:\/\/www.aberhallo.news\/news\/wp-json\/wp\/v2\/users\/14"}],"replies":[{"embeddable":true,"href":"https:\/\/www.aberhallo.news\/news\/wp-json\/wp\/v2\/comments?post=5904"}],"version-history":[{"count":1,"href":"https:\/\/www.aberhallo.news\/news\/wp-json\/wp\/v2\/posts\/5904\/revisions"}],"predecessor-version":[{"id":5905,"href":"https:\/\/www.aberhallo.news\/news\/wp-json\/wp\/v2\/posts\/5904\/revisions\/5905"}],"wp:attachment":[{"href":"https:\/\/www.aberhallo.news\/news\/wp-json\/wp\/v2\/media?parent=5904"}],"wp:term":[{"taxonomy":"category","embeddable":true,"href":"https:\/\/www.aberhallo.news\/news\/wp-json\/wp\/v2\/categories?post=5904"},{"taxonomy":"post_tag","embeddable":true,"href":"https:\/\/www.aberhallo.news\/news\/wp-json\/wp\/v2\/tags?post=5904"}],"curies":[{"name":"wp","href":"https:\/\/api.w.org\/{rel}","templated":true}]}}