{"id":5549,"date":"2021-10-15T22:38:30","date_gmt":"2021-10-15T20:38:30","guid":{"rendered":"http:\/\/www.aberhallo.news\/news\/?p=5549"},"modified":"2021-10-15T22:38:33","modified_gmt":"2021-10-15T20:38:33","slug":"abgeordnete-anrufe-und-arbeit-bis-20-uhr-ein-erstes-fazit-von-landtag-online","status":"publish","type":"post","link":"https:\/\/www.aberhallo.news\/news\/abgeordnete-anrufe-und-arbeit-bis-20-uhr-ein-erstes-fazit-von-landtag-online\/","title":{"rendered":"Abgeordnete, Anrufe und Arbeit bis 20 Uhr: ein erstes Fazit von &#8222;Landtag online&#8220;"},"content":{"rendered":"\n<p><strong>Zwei Tage durften wir die Debatten der Abgeordneten im Landtag dokumentieren. Am Ende schwirrte uns der Kopf. Klar ist aber: Wir sind sehr dankbar f\u00fcr diese besondere Erfahrung!<\/strong><br>\u00a0<\/p>\n\n\n\n<p>Wir, vier Zehntkl\u00e4ssler der Oberschule 1 Nordenham, haben als journalistische Beobachter an der Plenarsitzung am 13. und 14. Oktober 2021 teilgenommen.<\/p>\n\n\n\n<p>Nachdem wir an unserem ersten Arbeitstag in unserem Redaktionsraum neben dem Plenarsaal angekommen sind, verteilten wir die Aufgaben. Jeder hat sich ein bis zwei Tagesordnungspunkte rausgesucht, um \u00fcber diese Themen einen Online-Artikel zu schreiben.<br><br>Zun\u00e4chst ging es auf die Besuchertrib\u00fcne: Die Pr\u00e4sidentin Dr. Gabriele Andretta verk\u00fcndete bei der Er\u00f6ffnung des Plenums, dass eine Online-Redaktion der Oberschule 1 Nordham \u00fcber die Plenartage berichten wird. Das war der Startschuss! Bei den darauffolgenden Diskussionen konnten wir dann selbst entscheiden, welche Tagesordnungspunkte wir f\u00fcr unsere Leserinnen und Leser interessant fanden und wor\u00fcber wir berichten wollten.<\/p>\n\n\n\n<p>Uns haben die zwei Tage im Landtag sehr gut gefallen: Wir haben nicht nur die Minister Bj\u00f6rn Th\u00fcmler (CDU) und Grant Hendrik Tonne (SPD), die Wesermarsch-Abgeordneten Dragos Pancescu (B\u00fcndnis 90\/Die Gr\u00fcnen) und Horst Kortlang (FDP) getroffen, sondern, und das war noch ein echtes Highlight dieser zwei Tage &#8211; die Landtagspr\u00e4sidentin Dr. Gabriele Andretta! Das kurzfristige Treffen mit ihr w\u00e4re ohne unsere Patin Karin Logemann (SPD) kaum m\u00f6glich gewesen. Nachdem wir Dr. Andretta interviewt haben [der Artikel erscheint demn\u00e4chst], durften wir in Begleitung unserer Patin in den Plenarsaal und sogar auf den Pr\u00e4sidiumspl\u00e4tzen sitzen. Ein erhebendes Gef\u00fchl! Deshalb gilt unser ganz besonderer Dank unsere Patin Karin Logemann!<\/p>\n\n\n\n<figure class=\"wp-block-image size-full\"><img data-recalc-dims=\"1\" loading=\"lazy\" decoding=\"async\" width=\"800\" height=\"450\" data-attachment-id=\"5550\" data-permalink=\"https:\/\/www.aberhallo.news\/news\/abgeordnete-anrufe-und-arbeit-bis-20-uhr-ein-erstes-fazit-von-landtag-online\/aberhallo_landtag_niedersachsen_andretta\/\" data-orig-file=\"https:\/\/i0.wp.com\/www.aberhallo.news\/news\/wp-content\/uploads\/2021\/10\/aberhallo_landtag_niedersachsen_andretta.jpeg?fit=800%2C450&amp;ssl=1\" data-orig-size=\"800,450\" data-comments-opened=\"1\" data-image-meta=\"{&quot;aperture&quot;:&quot;0&quot;,&quot;credit&quot;:&quot;&quot;,&quot;camera&quot;:&quot;&quot;,&quot;caption&quot;:&quot;&quot;,&quot;created_timestamp&quot;:&quot;0&quot;,&quot;copyright&quot;:&quot;&quot;,&quot;focal_length&quot;:&quot;0&quot;,&quot;iso&quot;:&quot;0&quot;,&quot;shutter_speed&quot;:&quot;0&quot;,&quot;title&quot;:&quot;&quot;,&quot;orientation&quot;:&quot;0&quot;}\" data-image-title=\"aberhallo_landtag_niedersachsen_andretta\" data-image-description=\"\" data-image-caption=\"\" data-medium-file=\"https:\/\/i0.wp.com\/www.aberhallo.news\/news\/wp-content\/uploads\/2021\/10\/aberhallo_landtag_niedersachsen_andretta.jpeg?fit=300%2C169&amp;ssl=1\" data-large-file=\"https:\/\/i0.wp.com\/www.aberhallo.news\/news\/wp-content\/uploads\/2021\/10\/aberhallo_landtag_niedersachsen_andretta.jpeg?fit=800%2C450&amp;ssl=1\" src=\"https:\/\/i0.wp.com\/www.aberhallo.news\/news\/wp-content\/uploads\/2021\/10\/aberhallo_landtag_niedersachsen_andretta.jpeg?resize=800%2C450&#038;ssl=1\" alt=\"\" class=\"wp-image-5550\" srcset=\"https:\/\/i0.wp.com\/www.aberhallo.news\/news\/wp-content\/uploads\/2021\/10\/aberhallo_landtag_niedersachsen_andretta.jpeg?w=800&amp;ssl=1 800w, https:\/\/i0.wp.com\/www.aberhallo.news\/news\/wp-content\/uploads\/2021\/10\/aberhallo_landtag_niedersachsen_andretta.jpeg?resize=300%2C169&amp;ssl=1 300w, https:\/\/i0.wp.com\/www.aberhallo.news\/news\/wp-content\/uploads\/2021\/10\/aberhallo_landtag_niedersachsen_andretta.jpeg?resize=768%2C432&amp;ssl=1 768w, https:\/\/i0.wp.com\/www.aberhallo.news\/news\/wp-content\/uploads\/2021\/10\/aberhallo_landtag_niedersachsen_andretta.jpeg?resize=150%2C84&amp;ssl=1 150w\" sizes=\"auto, (max-width: 800px) 100vw, 800px\" \/><figcaption>Nach dem Interview: Gruppenfoto mit Landtagspr\u00e4sidentin Dr. Gabriele Andretta.<\/figcaption><\/figure>\n\n\n\n<p>Aus den zwei Tagen im Landtag nehmen wir sehr viel mit, was uns auch in unserer zuk\u00fcnftigen Arbeit in der ABER HALLO-Redaktion und bei aberhallo.news helfen wird. Dazu geh\u00f6rte auch der Besuch von NWZ-Redakteur Stefan Idel, der uns zeigte, wie ein Redakteur arbeitet: Klare Gespr\u00e4chsf\u00fchrung, zielgerichtete Fragen und manchmal nachbohren. Seinen Artikel konnten wir zwischendurch schon auf nwz-online lesen und freuten uns sehr \u00fcber die Berichterstattung. <\/p>\n\n\n\n<p>Die Abgeordneten einmal pers\u00f6nlich miteinander reden und diskutieren zu sehen, war f\u00fcr uns auch sehr hilfreich, unsere pers\u00f6nliche politische Meinung weiterzuentwickeln.<\/p>\n\n\n\n<p>Wir danken Natalie Deseke, dass sie uns in diesen zwei Tagen mit Rat und Tat zur Seite stand. Sie leitet f\u00fcr die Landesinitiative n-21: Schulen in Niedersachsen online e. V. das Projekt &#8222;Landtag-Online&#8220;. Von ihr konnten wir viel Journalistisches lernen.<\/p>\n\n\n\n<p>Au\u00dferdem m\u00f6chten wir unserer Patin Karin Logemann daf\u00fcr danken, dass sie uns n\u00e4her erl\u00e4uterte, wie das Leben einer Abgeordneten abl\u00e4uft. Dank ihrer politischen Kontakte haben wir viele Gespr\u00e4che mit anderen Abgeordneten f\u00fchren k\u00f6nnen und unsere Fragen hat sie immer verst\u00e4ndlich beantwortet.<\/p>\n\n\n\n<p>Wir verbrachten jeden Tag bis in den Abend in der Redaktion, um Fotos auszuw\u00e4hlen, Texte zu schreiben und zu \u00fcberarbeiten. Jeder hatte dabei seine Highlights. \u201eAm zweiten Plenartag wurde vor dem Landtag demonstriert. So hatte ich die M\u00f6glichkeit, mich pers\u00f6nlich mit Menschen, die von der K\u00fcrzung f\u00fcr Beratungsstellen betroffen sind, auszutauschen. Da ich das Thema redaktionell bearbeitete, interessierten mich ihre Meinungen besonders,\u201c erkl\u00e4rt Lukas.<\/p>\n\n\n\n<p>\u201eMir ist das Wohl jedes Tieres sehr wichtig,\u201c sagt Ida. \u201eDeshalb schrieb ich in meinen Artikeln \u00fcber Bienen und Fische.\u201c Am Ende des zweiten Tages schwirrte mir der Kopf und ich sprach zur Belustigung der Redaktion irgendwann von \u201eschwimmschwachen Bienen\u201c.<\/p>\n\n\n\n<p>Sandra beeindruckte der Besuch im Landtagsb\u00fcro von Karin Logemann. Tjork freute sich, dass er am letzten Tag noch auf dem Platz des Schriftf\u00fchrers im Plenarsaal sitzen (und fr\u00f6hlich vor- und zur\u00fcckrutschen konnte) durfte. Herr Lange fiel \u00fcbrigens fast vom Stuhl, als die Landtagspr\u00e4sidentin pers\u00f6nlich auf seinem Handy anrief und zum Gespr\u00e4ch einlud. Und wir freuten uns \u00fcber das Lob von Frau Deseke, die unsere Kondition beachtlich fand, weil wir uns auch in schwierige Themen einarbeiteten und nicht aufgaben (zum Beispiel bei der Reform des Kommunalverfassungsgesetzes).<\/p>\n\n\n\n<p>\u00dcbrigens: <a href=\"https:\/\/www.online-redaktionen.de\/magazin\/magazin.php?menuid=663&amp;topmenu=663\" target=\"_blank\" rel=\"noreferrer noopener\">Alle Beitr\u00e4ge k\u00f6nnt ihr weiterhin lesen HIER KLICKEN.<\/a><\/p>\n\n\n\n<p class=\"has-text-align-right\">Sandra Eilers, Lukas Kammel (Kl. 10b) sowie <br>Ida Buchholz und Tjork Netzker (Klasse 10d)<\/p>\n\n\n\n<div class=\"wp-block-image\"><figure class=\"aligncenter size-full\"><img data-recalc-dims=\"1\" loading=\"lazy\" decoding=\"async\" width=\"600\" height=\"400\" data-attachment-id=\"5553\" data-permalink=\"https:\/\/www.aberhallo.news\/news\/abgeordnete-anrufe-und-arbeit-bis-20-uhr-ein-erstes-fazit-von-landtag-online\/kultusminister-selfie_web\/\" data-orig-file=\"https:\/\/i0.wp.com\/www.aberhallo.news\/news\/wp-content\/uploads\/2021\/10\/Kultusminister-Selfie_web.jpg?fit=600%2C400&amp;ssl=1\" data-orig-size=\"600,400\" data-comments-opened=\"1\" data-image-meta=\"{&quot;aperture&quot;:&quot;1.8&quot;,&quot;credit&quot;:&quot;&quot;,&quot;camera&quot;:&quot;MAR-LX1B&quot;,&quot;caption&quot;:&quot;&quot;,&quot;created_timestamp&quot;:&quot;1634223066&quot;,&quot;copyright&quot;:&quot;&quot;,&quot;focal_length&quot;:&quot;4.75&quot;,&quot;iso&quot;:&quot;50&quot;,&quot;shutter_speed&quot;:&quot;0.004242&quot;,&quot;title&quot;:&quot;&quot;,&quot;orientation&quot;:&quot;1&quot;}\" data-image-title=\"Kultusminister-Selfie_web\" data-image-description=\"\" data-image-caption=\"\" data-medium-file=\"https:\/\/i0.wp.com\/www.aberhallo.news\/news\/wp-content\/uploads\/2021\/10\/Kultusminister-Selfie_web.jpg?fit=300%2C200&amp;ssl=1\" data-large-file=\"https:\/\/i0.wp.com\/www.aberhallo.news\/news\/wp-content\/uploads\/2021\/10\/Kultusminister-Selfie_web.jpg?fit=600%2C400&amp;ssl=1\" src=\"https:\/\/i0.wp.com\/www.aberhallo.news\/news\/wp-content\/uploads\/2021\/10\/Kultusminister-Selfie_web.jpg?resize=600%2C400&#038;ssl=1\" alt=\"\" class=\"wp-image-5553\" srcset=\"https:\/\/i0.wp.com\/www.aberhallo.news\/news\/wp-content\/uploads\/2021\/10\/Kultusminister-Selfie_web.jpg?w=600&amp;ssl=1 600w, https:\/\/i0.wp.com\/www.aberhallo.news\/news\/wp-content\/uploads\/2021\/10\/Kultusminister-Selfie_web.jpg?resize=300%2C200&amp;ssl=1 300w, https:\/\/i0.wp.com\/www.aberhallo.news\/news\/wp-content\/uploads\/2021\/10\/Kultusminister-Selfie_web.jpg?resize=150%2C100&amp;ssl=1 150w\" sizes=\"auto, (max-width: 600px) 100vw, 600px\" \/><figcaption>Ganz nah dran an der Politik: Kurzes &#8222;Moin&#8220; mit dem Kultusminister Grant Hendrik Tonne.<\/figcaption><\/figure><\/div>\n\n\n\n<figure class=\"wp-block-image size-full\"><img data-recalc-dims=\"1\" loading=\"lazy\" decoding=\"async\" width=\"800\" height=\"450\" data-attachment-id=\"5555\" data-permalink=\"https:\/\/www.aberhallo.news\/news\/abgeordnete-anrufe-und-arbeit-bis-20-uhr-ein-erstes-fazit-von-landtag-online\/ministerthuemler\/\" data-orig-file=\"https:\/\/i0.wp.com\/www.aberhallo.news\/news\/wp-content\/uploads\/2021\/10\/MinisterThuemler.jpg?fit=800%2C450&amp;ssl=1\" data-orig-size=\"800,450\" data-comments-opened=\"1\" data-image-meta=\"{&quot;aperture&quot;:&quot;0&quot;,&quot;credit&quot;:&quot;&quot;,&quot;camera&quot;:&quot;&quot;,&quot;caption&quot;:&quot;&quot;,&quot;created_timestamp&quot;:&quot;0&quot;,&quot;copyright&quot;:&quot;&quot;,&quot;focal_length&quot;:&quot;0&quot;,&quot;iso&quot;:&quot;0&quot;,&quot;shutter_speed&quot;:&quot;0&quot;,&quot;title&quot;:&quot;&quot;,&quot;orientation&quot;:&quot;0&quot;}\" data-image-title=\"MinisterThuemler\" data-image-description=\"\" data-image-caption=\"\" data-medium-file=\"https:\/\/i0.wp.com\/www.aberhallo.news\/news\/wp-content\/uploads\/2021\/10\/MinisterThuemler.jpg?fit=300%2C169&amp;ssl=1\" data-large-file=\"https:\/\/i0.wp.com\/www.aberhallo.news\/news\/wp-content\/uploads\/2021\/10\/MinisterThuemler.jpg?fit=800%2C450&amp;ssl=1\" src=\"https:\/\/i0.wp.com\/www.aberhallo.news\/news\/wp-content\/uploads\/2021\/10\/MinisterThuemler.jpg?resize=800%2C450&#038;ssl=1\" alt=\"\" class=\"wp-image-5555\" srcset=\"https:\/\/i0.wp.com\/www.aberhallo.news\/news\/wp-content\/uploads\/2021\/10\/MinisterThuemler.jpg?w=800&amp;ssl=1 800w, https:\/\/i0.wp.com\/www.aberhallo.news\/news\/wp-content\/uploads\/2021\/10\/MinisterThuemler.jpg?resize=300%2C169&amp;ssl=1 300w, https:\/\/i0.wp.com\/www.aberhallo.news\/news\/wp-content\/uploads\/2021\/10\/MinisterThuemler.jpg?resize=768%2C432&amp;ssl=1 768w, https:\/\/i0.wp.com\/www.aberhallo.news\/news\/wp-content\/uploads\/2021\/10\/MinisterThuemler.jpg?resize=150%2C84&amp;ssl=1 150w\" sizes=\"auto, (max-width: 800px) 100vw, 800px\" \/><figcaption>&#8222;Klopf, klopf&#8220;&#8230; macht es an der T\u00fcr und der Minister f\u00fcr Wissenschaft und Kultur schaut in den Redaktionsraum hinein:<br>Bj\u00f6rn Th\u00fcmler (CDU) ist auch Abgeordneter aus der Wesermarsch.<\/figcaption><\/figure>\n\n\n\n<figure class=\"wp-block-image size-large\"><img data-recalc-dims=\"1\" loading=\"lazy\" decoding=\"async\" width=\"1000\" height=\"750\" data-attachment-id=\"5554\" data-permalink=\"https:\/\/www.aberhallo.news\/news\/abgeordnete-anrufe-und-arbeit-bis-20-uhr-ein-erstes-fazit-von-landtag-online\/whatsapp-image-2021-10-13-at-12-30-40-1\/\" data-orig-file=\"https:\/\/i0.wp.com\/www.aberhallo.news\/news\/wp-content\/uploads\/2021\/10\/WhatsApp-Image-2021-10-13-at-12.30.40-1.jpeg?fit=2016%2C1512&amp;ssl=1\" data-orig-size=\"2016,1512\" data-comments-opened=\"1\" data-image-meta=\"{&quot;aperture&quot;:&quot;0&quot;,&quot;credit&quot;:&quot;&quot;,&quot;camera&quot;:&quot;&quot;,&quot;caption&quot;:&quot;&quot;,&quot;created_timestamp&quot;:&quot;0&quot;,&quot;copyright&quot;:&quot;&quot;,&quot;focal_length&quot;:&quot;0&quot;,&quot;iso&quot;:&quot;0&quot;,&quot;shutter_speed&quot;:&quot;0&quot;,&quot;title&quot;:&quot;&quot;,&quot;orientation&quot;:&quot;0&quot;}\" data-image-title=\"WhatsApp-Image-2021-10-13-at-12.30.40-1\" data-image-description=\"\" data-image-caption=\"\" data-medium-file=\"https:\/\/i0.wp.com\/www.aberhallo.news\/news\/wp-content\/uploads\/2021\/10\/WhatsApp-Image-2021-10-13-at-12.30.40-1.jpeg?fit=300%2C225&amp;ssl=1\" data-large-file=\"https:\/\/i0.wp.com\/www.aberhallo.news\/news\/wp-content\/uploads\/2021\/10\/WhatsApp-Image-2021-10-13-at-12.30.40-1.jpeg?fit=1000%2C750&amp;ssl=1\" src=\"https:\/\/i0.wp.com\/www.aberhallo.news\/news\/wp-content\/uploads\/2021\/10\/WhatsApp-Image-2021-10-13-at-12.30.40-1.jpeg?resize=1000%2C750&#038;ssl=1\" alt=\"\" class=\"wp-image-5554\" srcset=\"https:\/\/i0.wp.com\/www.aberhallo.news\/news\/wp-content\/uploads\/2021\/10\/WhatsApp-Image-2021-10-13-at-12.30.40-1.jpeg?resize=1024%2C768&amp;ssl=1 1024w, https:\/\/i0.wp.com\/www.aberhallo.news\/news\/wp-content\/uploads\/2021\/10\/WhatsApp-Image-2021-10-13-at-12.30.40-1.jpeg?resize=300%2C225&amp;ssl=1 300w, https:\/\/i0.wp.com\/www.aberhallo.news\/news\/wp-content\/uploads\/2021\/10\/WhatsApp-Image-2021-10-13-at-12.30.40-1.jpeg?resize=768%2C576&amp;ssl=1 768w, https:\/\/i0.wp.com\/www.aberhallo.news\/news\/wp-content\/uploads\/2021\/10\/WhatsApp-Image-2021-10-13-at-12.30.40-1.jpeg?resize=1536%2C1152&amp;ssl=1 1536w, https:\/\/i0.wp.com\/www.aberhallo.news\/news\/wp-content\/uploads\/2021\/10\/WhatsApp-Image-2021-10-13-at-12.30.40-1.jpeg?resize=150%2C113&amp;ssl=1 150w, https:\/\/i0.wp.com\/www.aberhallo.news\/news\/wp-content\/uploads\/2021\/10\/WhatsApp-Image-2021-10-13-at-12.30.40-1.jpeg?w=2016&amp;ssl=1 2016w\" sizes=\"auto, (max-width: 1000px) 100vw, 1000px\" \/><figcaption>Und noch mehr Wesermarsch in Hannover: Die Abgeordneten Horst Kortlang (FDP) und Dragos Pancescu (GR\u00dcNE) stellten sich unserer Redaktion vor dem Landtag vor. Denn unser Wahlkreis hat tats\u00e4chlich in jeder Fraktion einen Abgeordneten!<\/figcaption><\/figure>\n\n\n\n<div class=\"wp-block-image\"><figure class=\"aligncenter size-full\"><img data-recalc-dims=\"1\" loading=\"lazy\" decoding=\"async\" width=\"600\" height=\"400\" data-attachment-id=\"5551\" data-permalink=\"https:\/\/www.aberhallo.news\/news\/abgeordnete-anrufe-und-arbeit-bis-20-uhr-ein-erstes-fazit-von-landtag-online\/landtag_plenarsaal\/\" data-orig-file=\"https:\/\/i0.wp.com\/www.aberhallo.news\/news\/wp-content\/uploads\/2021\/10\/landtag_plenarsaal.jpg?fit=600%2C400&amp;ssl=1\" data-orig-size=\"600,400\" data-comments-opened=\"1\" data-image-meta=\"{&quot;aperture&quot;:&quot;5&quot;,&quot;credit&quot;:&quot;&quot;,&quot;camera&quot;:&quot;Canon EOS 200D&quot;,&quot;caption&quot;:&quot;&quot;,&quot;created_timestamp&quot;:&quot;1634143172&quot;,&quot;copyright&quot;:&quot;&quot;,&quot;focal_length&quot;:&quot;18&quot;,&quot;iso&quot;:&quot;400&quot;,&quot;shutter_speed&quot;:&quot;0.02&quot;,&quot;title&quot;:&quot;&quot;,&quot;orientation&quot;:&quot;1&quot;}\" data-image-title=\"landtag_plenarsaal\" data-image-description=\"\" data-image-caption=\"\" data-medium-file=\"https:\/\/i0.wp.com\/www.aberhallo.news\/news\/wp-content\/uploads\/2021\/10\/landtag_plenarsaal.jpg?fit=300%2C200&amp;ssl=1\" data-large-file=\"https:\/\/i0.wp.com\/www.aberhallo.news\/news\/wp-content\/uploads\/2021\/10\/landtag_plenarsaal.jpg?fit=600%2C400&amp;ssl=1\" src=\"https:\/\/i0.wp.com\/www.aberhallo.news\/news\/wp-content\/uploads\/2021\/10\/landtag_plenarsaal.jpg?resize=600%2C400&#038;ssl=1\" alt=\"\" class=\"wp-image-5551\" srcset=\"https:\/\/i0.wp.com\/www.aberhallo.news\/news\/wp-content\/uploads\/2021\/10\/landtag_plenarsaal.jpg?w=600&amp;ssl=1 600w, https:\/\/i0.wp.com\/www.aberhallo.news\/news\/wp-content\/uploads\/2021\/10\/landtag_plenarsaal.jpg?resize=300%2C200&amp;ssl=1 300w, https:\/\/i0.wp.com\/www.aberhallo.news\/news\/wp-content\/uploads\/2021\/10\/landtag_plenarsaal.jpg?resize=150%2C100&amp;ssl=1 150w\" sizes=\"auto, (max-width: 600px) 100vw, 600px\" \/><figcaption>Ein Blick von der Besuchertrib\u00fcne in den Plenarsaal.<\/figcaption><\/figure><\/div>\n","protected":false},"excerpt":{"rendered":"<p>Zwei Tage durften wir die Debatten der Abgeordneten im Landtag dokumentieren. Am Ende schwirrte uns der Kopf. Klar ist aber: Wir sind sehr dankbar f\u00fcr diese besondere Erfahrung!\u00a0 Wir, vier Zehntkl\u00e4ssler der Oberschule 1 Nordenham, haben als journalistische Beobachter an der Plenarsitzung am 13. und 14. Oktober 2021 teilgenommen. Nachdem wir an unserem ersten Arbeitstag&#8230;<\/p>\n","protected":false},"author":1,"featured_media":5552,"comment_status":"open","ping_status":"open","sticky":false,"template":"","format":"standard","meta":{"jetpack_post_was_ever_published":false,"_jetpack_newsletter_access":"","_jetpack_dont_email_post_to_subs":false,"_jetpack_newsletter_tier_id":0,"_jetpack_memberships_contains_paywalled_content":false,"_jetpack_memberships_contains_paid_content":false,"footnotes":"","jetpack_publicize_message":"","jetpack_publicize_feature_enabled":true,"jetpack_social_post_already_shared":true,"jetpack_social_options":{"image_generator_settings":{"template":"highway","default_image_id":0,"font":"","enabled":false},"version":2}},"categories":[9,5],"tags":[22,268,170],"class_list":["post-5549","post","type-post","status-publish","format-standard","has-post-thumbnail","hentry","category-aber-hallo-textet","category-redaktion-intern","tag-aber-hallo","tag-n-21","tag-politik","loop-entry clr"],"jetpack_publicize_connections":[],"jetpack_featured_media_url":"https:\/\/i0.wp.com\/www.aberhallo.news\/news\/wp-content\/uploads\/2021\/10\/landtagonline2021_web.jpg?fit=600%2C400&ssl=1","jetpack_sharing_enabled":true,"jetpack_shortlink":"https:\/\/wp.me\/p83yhZ-1rv","jetpack-related-posts":[],"_links":{"self":[{"href":"https:\/\/www.aberhallo.news\/news\/wp-json\/wp\/v2\/posts\/5549","targetHints":{"allow":["GET"]}}],"collection":[{"href":"https:\/\/www.aberhallo.news\/news\/wp-json\/wp\/v2\/posts"}],"about":[{"href":"https:\/\/www.aberhallo.news\/news\/wp-json\/wp\/v2\/types\/post"}],"author":[{"embeddable":true,"href":"https:\/\/www.aberhallo.news\/news\/wp-json\/wp\/v2\/users\/1"}],"replies":[{"embeddable":true,"href":"https:\/\/www.aberhallo.news\/news\/wp-json\/wp\/v2\/comments?post=5549"}],"version-history":[{"count":1,"href":"https:\/\/www.aberhallo.news\/news\/wp-json\/wp\/v2\/posts\/5549\/revisions"}],"predecessor-version":[{"id":5556,"href":"https:\/\/www.aberhallo.news\/news\/wp-json\/wp\/v2\/posts\/5549\/revisions\/5556"}],"wp:featuredmedia":[{"embeddable":true,"href":"https:\/\/www.aberhallo.news\/news\/wp-json\/wp\/v2\/media\/5552"}],"wp:attachment":[{"href":"https:\/\/www.aberhallo.news\/news\/wp-json\/wp\/v2\/media?parent=5549"}],"wp:term":[{"taxonomy":"category","embeddable":true,"href":"https:\/\/www.aberhallo.news\/news\/wp-json\/wp\/v2\/categories?post=5549"},{"taxonomy":"post_tag","embeddable":true,"href":"https:\/\/www.aberhallo.news\/news\/wp-json\/wp\/v2\/tags?post=5549"}],"curies":[{"name":"wp","href":"https:\/\/api.w.org\/{rel}","templated":true}]}}