{"id":5188,"date":"2021-02-18T14:59:12","date_gmt":"2021-02-18T13:59:12","guid":{"rendered":"http:\/\/www.aberhallo.news\/news\/?p=5188"},"modified":"2021-02-18T14:59:17","modified_gmt":"2021-02-18T13:59:17","slug":"jugendparlament-wer-was-wo","status":"publish","type":"post","link":"https:\/\/www.aberhallo.news\/news\/jugendparlament-wer-was-wo\/","title":{"rendered":"Jugendparlament? Wer, was, wo?"},"content":{"rendered":"\n<p>F\u00fcr das Nordenhamer Jugendparlament werden alle zwei Jahre Sch\u00fcler*innen aus jeder weiterf\u00fchrenden Schule in Nordenham gew\u00e4hlt, die sich zur Wahl stellen. Je nach Anzahl der Sch\u00fcler*innen einer Schule kann eine bestimmte Anzahl an Kandidat*innen gew\u00e4hlt werden, die dann dem Jugendparlament beitreten und versuchen, die W\u00fcnsche der Kinder und Jugendlichen im Jugendparlament einzubringen und diese irgendwie umzusetzen.<\/p>\n\n\n\n<p>Zudem kann man f\u00fcr einen Ausschuss des Stadtrates gew\u00e4hlt werden, zum Beispiel \u201eAusschuss f\u00fcr Kultur, Sport und Freizeit\u201c. Im Jugendparlament trifft man sich alle zwei Wochen, um \u00fcber die W\u00fcnsche der Kinder und Jugendlichen zu sprechen.<\/p>\n\n\n\n<p>Aufgrund der Corona-Pandemie k\u00f6nnen sich die Mitglieder des Jugendparlamentes derzeit nicht treffen. Aus unserer Schule sind derzeit f\u00fcnf Sch\u00fcler*innen Teil des Jugendparlament. Normalerweise trifft sich das Jugendparlament in der Jahnhalle Nordenham. Die Mitglieder sprechen derzeit \u00fcber die Beleuchtung am Strand. Um dem Jugendparlament beitreten zu k\u00f6nnen, muss man mindestens 14 Jahre alt sein und darf h\u00f6chstens 18 Jahre alt sein.<\/p>\n\n\n\n<p>Als Mitglied des Jugendparlaments muss man sehr flexibel sein, um Zeit zu haben, sich treffen zu k\u00f6nnen. Man sollte engagiert sein und bereit sein daf\u00fcr seine Freizeit zum Treffen zu opfern.<\/p>\n\n\n\n<p>Die urspr\u00fcnglich f\u00fcr den 23. Februar angesetzte Wahl muss aufgrund der Corona-Pandemie verschoben werden. Ein neuer Termin steht noch nicht fest.<\/p>\n\n\n\n<p class=\"has-text-align-right\">| Text: Jason Rettig, Kl. 10a |<\/p>\n","protected":false},"excerpt":{"rendered":"<p>F\u00fcr das Nordenhamer Jugendparlament werden alle zwei Jahre Sch\u00fcler*innen aus jeder weiterf\u00fchrenden Schule in Nordenham gew\u00e4hlt, die sich zur Wahl stellen. Je nach Anzahl der Sch\u00fcler*innen einer Schule kann eine bestimmte Anzahl an Kandidat*innen gew\u00e4hlt werden, die dann dem Jugendparlament beitreten und versuchen, die W\u00fcnsche der Kinder und Jugendlichen im Jugendparlament einzubringen und diese irgendwie&#8230;<\/p>\n","protected":false},"author":1,"featured_media":0,"comment_status":"open","ping_status":"open","sticky":false,"template":"","format":"standard","meta":{"jetpack_post_was_ever_published":false,"_jetpack_newsletter_access":"","_jetpack_dont_email_post_to_subs":false,"_jetpack_newsletter_tier_id":0,"_jetpack_memberships_contains_paywalled_content":false,"_jetpack_memberships_contains_paid_content":false,"footnotes":"","jetpack_publicize_message":"","jetpack_publicize_feature_enabled":true,"jetpack_social_post_already_shared":true,"jetpack_social_options":{"image_generator_settings":{"template":"highway","default_image_id":0,"font":"","enabled":false},"version":2}},"categories":[9,70],"tags":[169],"class_list":["post-5188","post","type-post","status-publish","format-standard","hentry","category-aber-hallo-textet","category-neues-aus-nordenham","tag-jugendparlament","no-featured-image","loop-entry clr"],"jetpack_publicize_connections":[],"jetpack_featured_media_url":"","jetpack_sharing_enabled":true,"jetpack_shortlink":"https:\/\/wp.me\/p83yhZ-1lG","jetpack-related-posts":[],"_links":{"self":[{"href":"https:\/\/www.aberhallo.news\/news\/wp-json\/wp\/v2\/posts\/5188","targetHints":{"allow":["GET"]}}],"collection":[{"href":"https:\/\/www.aberhallo.news\/news\/wp-json\/wp\/v2\/posts"}],"about":[{"href":"https:\/\/www.aberhallo.news\/news\/wp-json\/wp\/v2\/types\/post"}],"author":[{"embeddable":true,"href":"https:\/\/www.aberhallo.news\/news\/wp-json\/wp\/v2\/users\/1"}],"replies":[{"embeddable":true,"href":"https:\/\/www.aberhallo.news\/news\/wp-json\/wp\/v2\/comments?post=5188"}],"version-history":[{"count":1,"href":"https:\/\/www.aberhallo.news\/news\/wp-json\/wp\/v2\/posts\/5188\/revisions"}],"predecessor-version":[{"id":5189,"href":"https:\/\/www.aberhallo.news\/news\/wp-json\/wp\/v2\/posts\/5188\/revisions\/5189"}],"wp:attachment":[{"href":"https:\/\/www.aberhallo.news\/news\/wp-json\/wp\/v2\/media?parent=5188"}],"wp:term":[{"taxonomy":"category","embeddable":true,"href":"https:\/\/www.aberhallo.news\/news\/wp-json\/wp\/v2\/categories?post=5188"},{"taxonomy":"post_tag","embeddable":true,"href":"https:\/\/www.aberhallo.news\/news\/wp-json\/wp\/v2\/tags?post=5188"}],"curies":[{"name":"wp","href":"https:\/\/api.w.org\/{rel}","templated":true}]}}