{"id":5173,"date":"2021-02-15T10:39:45","date_gmt":"2021-02-15T09:39:45","guid":{"rendered":"http:\/\/www.aberhallo.news\/news\/?p=5173"},"modified":"2021-02-15T10:39:50","modified_gmt":"2021-02-15T09:39:50","slug":"schulen-zu-wesermarsch-hotspot","status":"publish","type":"post","link":"https:\/\/www.aberhallo.news\/news\/schulen-zu-wesermarsch-hotspot\/","title":{"rendered":"Schulen zu! Wesermarsch Hotspot!"},"content":{"rendered":"\n<p>Im Landkreis Wesermarsch ist die sogenannte Tagesinzidenz \u00fcber 200 gestiegen \u2013 also in den vergangenen 7 Tagen haben sich auf 100.000 Einwohner mehr als 200 Menschen mit dem Corona-Virus infiziert. Die Wesermarsch hat damit in Niedersachsen das h\u00f6chste Ansteckungsniveau erreicht, deutschlandweit ist der Landkreis auf Platz 2!<\/p>\n\n\n\n<p>Das Gesundheitsamt hat darum angeordnet, dass alle allgemein- und berufsbildenden Schulen im Landkreis schlie\u00dfen m\u00fcssen. Auch f\u00fcr die Abschlussklassen findet kein Unterricht mehr statt. Bis Freitag, 19. Februar, gibt es h\u00f6chstens die Notbetreuung in der Schule. Alle Sch\u00fclerinnen und Sch\u00fcler nehmen am \u201eLernen zu Hause\u201c teil.<\/p>\n","protected":false},"excerpt":{"rendered":"<p>Im Landkreis Wesermarsch ist die sogenannte Tagesinzidenz \u00fcber 200 gestiegen \u2013 also in den vergangenen 7 Tagen haben sich auf 100.000 Einwohner mehr als 200 Menschen mit dem Corona-Virus infiziert. Die Wesermarsch hat damit in Niedersachsen das h\u00f6chste Ansteckungsniveau erreicht, deutschlandweit ist der Landkreis auf Platz 2! Das Gesundheitsamt hat darum angeordnet, dass alle allgemein-&#8230;<\/p>\n","protected":false},"author":1,"featured_media":5174,"comment_status":"open","ping_status":"open","sticky":false,"template":"","format":"standard","meta":{"jetpack_post_was_ever_published":false,"_jetpack_newsletter_access":"","_jetpack_dont_email_post_to_subs":false,"_jetpack_newsletter_tier_id":0,"_jetpack_memberships_contains_paywalled_content":false,"_jetpack_memberships_contains_paid_content":false,"footnotes":"","jetpack_publicize_message":"","jetpack_publicize_feature_enabled":true,"jetpack_social_post_already_shared":true,"jetpack_social_options":{"image_generator_settings":{"template":"highway","default_image_id":0,"font":"","enabled":false},"version":2}},"categories":[9,6],"tags":[],"class_list":["post-5173","post","type-post","status-publish","format-standard","has-post-thumbnail","hentry","category-aber-hallo-textet","category-aus-der-schule","loop-entry clr"],"jetpack_publicize_connections":[],"jetpack_featured_media_url":"https:\/\/i0.wp.com\/www.aberhallo.news\/news\/wp-content\/uploads\/2021\/02\/schulschliessung.jpg?fit=600%2C450&ssl=1","jetpack_sharing_enabled":true,"jetpack_shortlink":"https:\/\/wp.me\/p83yhZ-1lr","jetpack-related-posts":[],"_links":{"self":[{"href":"https:\/\/www.aberhallo.news\/news\/wp-json\/wp\/v2\/posts\/5173","targetHints":{"allow":["GET"]}}],"collection":[{"href":"https:\/\/www.aberhallo.news\/news\/wp-json\/wp\/v2\/posts"}],"about":[{"href":"https:\/\/www.aberhallo.news\/news\/wp-json\/wp\/v2\/types\/post"}],"author":[{"embeddable":true,"href":"https:\/\/www.aberhallo.news\/news\/wp-json\/wp\/v2\/users\/1"}],"replies":[{"embeddable":true,"href":"https:\/\/www.aberhallo.news\/news\/wp-json\/wp\/v2\/comments?post=5173"}],"version-history":[{"count":1,"href":"https:\/\/www.aberhallo.news\/news\/wp-json\/wp\/v2\/posts\/5173\/revisions"}],"predecessor-version":[{"id":5175,"href":"https:\/\/www.aberhallo.news\/news\/wp-json\/wp\/v2\/posts\/5173\/revisions\/5175"}],"wp:featuredmedia":[{"embeddable":true,"href":"https:\/\/www.aberhallo.news\/news\/wp-json\/wp\/v2\/media\/5174"}],"wp:attachment":[{"href":"https:\/\/www.aberhallo.news\/news\/wp-json\/wp\/v2\/media?parent=5173"}],"wp:term":[{"taxonomy":"category","embeddable":true,"href":"https:\/\/www.aberhallo.news\/news\/wp-json\/wp\/v2\/categories?post=5173"},{"taxonomy":"post_tag","embeddable":true,"href":"https:\/\/www.aberhallo.news\/news\/wp-json\/wp\/v2\/tags?post=5173"}],"curies":[{"name":"wp","href":"https:\/\/api.w.org\/{rel}","templated":true}]}}