{"id":4986,"date":"2020-10-08T23:30:00","date_gmt":"2020-10-08T21:30:00","guid":{"rendered":"http:\/\/www.aberhallo.news\/news\/?p=4986"},"modified":"2020-12-20T23:36:20","modified_gmt":"2020-12-20T22:36:20","slug":"sicher-zur-schule","status":"publish","type":"post","link":"https:\/\/www.aberhallo.news\/news\/sicher-zur-schule\/","title":{"rendered":"Sicher zur Schule"},"content":{"rendered":"\n<p><strong>Im Winter kommen viele Sch\u00fcler*innen ohne Licht, Reflektoren und\/oder heller Kleidung zur Schule, das sollte nicht so ein.<\/strong><\/p>\n\n\n\n<p>Sie kommen zu Fu\u00df, fahren mit dem Bus oder dem Auto. Auch mit dem Zug oder dem Fahrrad kommen Sch\u00fcler*innen zur Schule.<\/p>\n\n\n\n<p>Beim Fahrradfahren sch\u00fctzt ein Helm auf dem Kopf. Ein Fahrrad gilt erst als verkehrssicher, wenn es zwei voneinander unabh\u00e4ngige Bremsen, eine Klingel, eine Lampe an der Vorderseite, einen wei\u00dfen Reflektor vorne, einen roten Reflektor hinten (ist meist mit einer Lampe integriert),<br>vier gelbe Speichenreflektoren, rutschfeste und festverschraubte Pedale, die mit je zwei Pedalreflektoren ausgestattet sind, hat.<\/p>\n\n\n\n<h3 class=\"wp-block-heading\">Warnweste sch\u00fctzt<\/h3>\n\n\n\n<p>Wenn Fu\u00dfg\u00e4nger*innen im Dunkeln zu Fu\u00df laufen, sollten sie unbedingt darauf achten, helle Kleidung zu tragen und am besten auch noch eine Warnweste \u00fcberzuziehen, damit die Autofahrer*innen sie sehen k\u00f6nnen.<\/p>\n\n\n\n<p>F\u00fcr Sch\u00fcler*innen gibt es auch Schultaschen mit Reflektoren. Sch\u00fcler*innen m\u00fcssen den direkten Weg zur Schule nehmen und sich ebenso nach Schulende auf den direkten Nachhauseweg machen.<br>Links, rechts und dann wieder links, so sollten Fu\u00dfg\u00e4nger*innen nach dem Verkehr schauen, bevor sie eine Stra\u00dfe \u00fcberqueren. An einer Bushaltestelle und\/oder einem Bahnhof sollten sie sich ordentlich verhalten und Abstand zur Schiene oder der Stra\u00dfe halten.<\/p>\n\n\n\n<p>An allen Bahnh\u00f6fen sind Linien vor dem Bahnsteig, die die Passanten nur \u00fcbertreten sollten, wenn sie in den Zug einsteigen. Au\u00dferdem sollten Verkehrsteilnehmer*innen immer auf Verkehrsschilder und auf andere Verkehrsteilnehmer*innen achten.<\/p>\n\n\n\n<p class=\"has-text-align-right\">|Text &amp; Bild: Lukas Kammel, Kl. 9b|<\/p>\n","protected":false},"excerpt":{"rendered":"<p>Im Winter kommen viele Sch\u00fcler*innen ohne Licht, Reflektoren und\/oder heller Kleidung zur Schule, das sollte nicht so ein. Sie kommen zu Fu\u00df, fahren mit dem Bus oder dem Auto. Auch mit dem Zug oder dem Fahrrad kommen Sch\u00fcler*innen zur Schule. Beim Fahrradfahren sch\u00fctzt ein Helm auf dem Kopf. Ein Fahrrad gilt erst als verkehrssicher, wenn&#8230;<\/p>\n","protected":false},"author":1,"featured_media":4987,"comment_status":"open","ping_status":"open","sticky":false,"template":"","format":"standard","meta":{"jetpack_post_was_ever_published":false,"_jetpack_newsletter_access":"","_jetpack_dont_email_post_to_subs":false,"_jetpack_newsletter_tier_id":0,"_jetpack_memberships_contains_paywalled_content":false,"_jetpack_memberships_contains_paid_content":false,"footnotes":"","jetpack_publicize_message":"","jetpack_publicize_feature_enabled":true,"jetpack_social_post_already_shared":true,"jetpack_social_options":{"image_generator_settings":{"template":"highway","default_image_id":0,"font":"","enabled":false},"version":2}},"categories":[9,6,70],"tags":[207],"class_list":["post-4986","post","type-post","status-publish","format-standard","has-post-thumbnail","hentry","category-aber-hallo-textet","category-aus-der-schule","category-neues-aus-nordenham","tag-verkehrssicherheit","loop-entry clr"],"jetpack_publicize_connections":[],"jetpack_featured_media_url":"https:\/\/i0.wp.com\/www.aberhallo.news\/news\/wp-content\/uploads\/2020\/12\/fahrrad_lukas.jpg?fit=600%2C400&ssl=1","jetpack_sharing_enabled":true,"jetpack_shortlink":"https:\/\/wp.me\/p83yhZ-1iq","jetpack-related-posts":[],"_links":{"self":[{"href":"https:\/\/www.aberhallo.news\/news\/wp-json\/wp\/v2\/posts\/4986","targetHints":{"allow":["GET"]}}],"collection":[{"href":"https:\/\/www.aberhallo.news\/news\/wp-json\/wp\/v2\/posts"}],"about":[{"href":"https:\/\/www.aberhallo.news\/news\/wp-json\/wp\/v2\/types\/post"}],"author":[{"embeddable":true,"href":"https:\/\/www.aberhallo.news\/news\/wp-json\/wp\/v2\/users\/1"}],"replies":[{"embeddable":true,"href":"https:\/\/www.aberhallo.news\/news\/wp-json\/wp\/v2\/comments?post=4986"}],"version-history":[{"count":2,"href":"https:\/\/www.aberhallo.news\/news\/wp-json\/wp\/v2\/posts\/4986\/revisions"}],"predecessor-version":[{"id":4989,"href":"https:\/\/www.aberhallo.news\/news\/wp-json\/wp\/v2\/posts\/4986\/revisions\/4989"}],"wp:featuredmedia":[{"embeddable":true,"href":"https:\/\/www.aberhallo.news\/news\/wp-json\/wp\/v2\/media\/4987"}],"wp:attachment":[{"href":"https:\/\/www.aberhallo.news\/news\/wp-json\/wp\/v2\/media?parent=4986"}],"wp:term":[{"taxonomy":"category","embeddable":true,"href":"https:\/\/www.aberhallo.news\/news\/wp-json\/wp\/v2\/categories?post=4986"},{"taxonomy":"post_tag","embeddable":true,"href":"https:\/\/www.aberhallo.news\/news\/wp-json\/wp\/v2\/tags?post=4986"}],"curies":[{"name":"wp","href":"https:\/\/api.w.org\/{rel}","templated":true}]}}