{"id":4983,"date":"2020-11-04T23:20:00","date_gmt":"2020-11-04T22:20:00","guid":{"rendered":"http:\/\/www.aberhallo.news\/news\/?p=4983"},"modified":"2020-12-20T23:25:54","modified_gmt":"2020-12-20T22:25:54","slug":"schweigeminute","status":"publish","type":"post","link":"https:\/\/www.aberhallo.news\/news\/schweigeminute\/","title":{"rendered":"Schweigeminute"},"content":{"rendered":"\n<p>Am Montag, dem 2. November 2020, fand eine Schweigeminute f\u00fcr den ermordeten Lehrer Samuel Paty statt.<\/p>\n\n\n\n<p>Um 11.15 Uhr trafen die Klassen auf dem Schulhof zusammen und trauerten um ihn. Samuel Paty war Lehrer einer franz\u00f6sischen Schule und hatte vor dem Vorfall im Geschichtsunterricht das Thema Meinungsfreiheit unterrichtet. Dabei nahm er aus der Satirezeitung Charlie Hebdo die Mohammed Karikaturen und zeigte sie den Sch\u00fclern. Eine Sch\u00fclerin erz\u00e4hlte nach der Schule ihrem Vater, dass er Nacktbilder von Mohammed im Unterricht gezeigt h\u00e4tte. Daraufhin beschwerte sich der Vater bei der Schulleitung und erstattete eine Strafanzeige gegen Paty wegen des Zeigens von Pornographie vor Minderj\u00e4hrigen. Der Vater Brahim C. verbreitete auf den sozialen Netzwerken ein Video zu dem Thema sowie den Namen des Lehrers und die Telefonnummer. Der sp\u00e4tere Attent\u00e4ter Abdulach Ansorow hatte Samuel Paty erst abgestochen und anschlie\u00dfend gek\u00f6pft. Die Polizisten haben ihn beim Versuch, den T\u00e4ter festzunehmen, erschossen.<\/p>\n\n\n\n<h3 class=\"wp-block-heading\">Angriff auf demokratische Grundwerte<\/h3>\n\n\n\n<p>Niedersachsens Kultusminister Grant Hendrik Tonne schrieb dazu: \u201eDer Mord, der damit im Zusammenhang steht, hat uns alle zutiefst ersch\u00fcttert. Unser Mitgef\u00fchl gilt der Familie und den Angeh\u00f6rigen des Ermordeten.<br>Paty wurde zum Opfer dieser grausamen Tat, weil er Kindern und Jugendlichen die Werte unserer demokratischen Gesellschaft nahegebracht hat, n\u00e4mlich Meinungsfreiheit, Pluralismus, Toleranz und Menschenw\u00fcrde, und er hat daf\u00fcr ein aktuelles Beispiel gew\u00e4hlt, das sich wie kaum ein anderes eignet, die Vielschichtigkeit dieser Werte in den Blick zu nehmen. Einem solchen Angriff auf unsere demokratischen Grundwerte \u2013und zugleich auf den Bildungsauftrag der Schule und die Freiheit der Lehre \u2013m\u00fcssen wir uns entschlossen und solidarisch entgegenstellen.\u201c<\/p>\n\n\n\n<p class=\"has-text-align-right\">| Text: Maximilian Markiefka, Kl. 10a |<\/p>\n","protected":false},"excerpt":{"rendered":"<p>Am Montag, dem 2. November 2020, fand eine Schweigeminute f\u00fcr den ermordeten Lehrer Samuel Paty statt. Um 11.15 Uhr trafen die Klassen auf dem Schulhof zusammen und trauerten um ihn. Samuel Paty war Lehrer einer franz\u00f6sischen Schule und hatte vor dem Vorfall im Geschichtsunterricht das Thema Meinungsfreiheit unterrichtet. Dabei nahm er aus der Satirezeitung Charlie&#8230;<\/p>\n","protected":false},"author":1,"featured_media":4984,"comment_status":"open","ping_status":"open","sticky":false,"template":"","format":"standard","meta":{"jetpack_post_was_ever_published":false,"_jetpack_newsletter_access":"","_jetpack_dont_email_post_to_subs":false,"_jetpack_newsletter_tier_id":0,"_jetpack_memberships_contains_paywalled_content":false,"_jetpack_memberships_contains_paid_content":false,"footnotes":"","jetpack_publicize_message":"","jetpack_publicize_feature_enabled":true,"jetpack_social_post_already_shared":true,"jetpack_social_options":{"image_generator_settings":{"template":"highway","default_image_id":0,"font":"","enabled":false},"version":2}},"categories":[9,6],"tags":[],"class_list":["post-4983","post","type-post","status-publish","format-standard","has-post-thumbnail","hentry","category-aber-hallo-textet","category-aus-der-schule","loop-entry clr"],"jetpack_publicize_connections":[],"jetpack_featured_media_url":"https:\/\/i0.wp.com\/www.aberhallo.news\/news\/wp-content\/uploads\/2020\/12\/schulschweigeminute-scaled.jpg?fit=2560%2C1810&ssl=1","jetpack_sharing_enabled":true,"jetpack_shortlink":"https:\/\/wp.me\/p83yhZ-1in","jetpack-related-posts":[],"_links":{"self":[{"href":"https:\/\/www.aberhallo.news\/news\/wp-json\/wp\/v2\/posts\/4983","targetHints":{"allow":["GET"]}}],"collection":[{"href":"https:\/\/www.aberhallo.news\/news\/wp-json\/wp\/v2\/posts"}],"about":[{"href":"https:\/\/www.aberhallo.news\/news\/wp-json\/wp\/v2\/types\/post"}],"author":[{"embeddable":true,"href":"https:\/\/www.aberhallo.news\/news\/wp-json\/wp\/v2\/users\/1"}],"replies":[{"embeddable":true,"href":"https:\/\/www.aberhallo.news\/news\/wp-json\/wp\/v2\/comments?post=4983"}],"version-history":[{"count":1,"href":"https:\/\/www.aberhallo.news\/news\/wp-json\/wp\/v2\/posts\/4983\/revisions"}],"predecessor-version":[{"id":4985,"href":"https:\/\/www.aberhallo.news\/news\/wp-json\/wp\/v2\/posts\/4983\/revisions\/4985"}],"wp:featuredmedia":[{"embeddable":true,"href":"https:\/\/www.aberhallo.news\/news\/wp-json\/wp\/v2\/media\/4984"}],"wp:attachment":[{"href":"https:\/\/www.aberhallo.news\/news\/wp-json\/wp\/v2\/media?parent=4983"}],"wp:term":[{"taxonomy":"category","embeddable":true,"href":"https:\/\/www.aberhallo.news\/news\/wp-json\/wp\/v2\/categories?post=4983"},{"taxonomy":"post_tag","embeddable":true,"href":"https:\/\/www.aberhallo.news\/news\/wp-json\/wp\/v2\/tags?post=4983"}],"curies":[{"name":"wp","href":"https:\/\/api.w.org\/{rel}","templated":true}]}}