{"id":4975,"date":"2020-12-19T18:12:18","date_gmt":"2020-12-19T17:12:18","guid":{"rendered":"http:\/\/www.aberhallo.news\/news\/?p=4975"},"modified":"2021-01-21T15:44:18","modified_gmt":"2021-01-21T14:44:18","slug":"intensivstation","status":"publish","type":"post","link":"https:\/\/www.aberhallo.news\/news\/intensivstation\/","title":{"rendered":"Intensivstation &#8211; warum sie so wichtig ist"},"content":{"rendered":"\n<p><strong>Lea Gottschalk, Klasse 10a, wei\u00df aus eigener Erfahrung, wie wichtig Intensivstationspl\u00e4tze sind. Darum appelliert sie an alle, die Corona-Regeln ernst zu nehmen. Ihr Beitrag erschien zun\u00e4chst in ihrem Instagram-Account. Wir d\u00fcrfen ihn auch hier ver\u00f6ffentlichen:<\/strong><\/p>\n\n\n\n<p>Die meisten Menschen lagen noch nie auf einer Intensivstation und k\u00f6nnen sich dementsprechend nur schwer ein Bild davon machen. F\u00fcr mich ist dieses Bild aber ganz klar.<\/p>\n\n\n\n<p>Ich lag schon auf einer Intensivstation und wei\u00df, wie wichtig es ist, dass man genug Intensivbetten zur Verf\u00fcgung hat. Auf einer Intensivstation liegen Menschen, f\u00fcr die eine &#8222;normale&#8220; Krankenversorgung nicht mehr oder derzeit nicht ausreicht. Diese Menschen m\u00fcssen stets \u00fcberwacht werden, es m\u00fcssen regelm\u00e4\u00dfig Medikamente gegeben werden und diese Menschen haben meistens eine aufwendigere Pflege.<br>Nach meiner Operation lag ich f\u00fcr eine kurze Zeit auf der Intensivstation, weil meine Vitalfunktionen \u00fcberwacht werden mussten und ich unter anderem starke Schmerzen hatte und ich mich selbst nicht ausreichend h\u00e4tte pflegen k\u00f6nnen.<br>Ohne diese Intensivbetten h\u00e4tte meine Operation nicht stattfinden k\u00f6nnen.<br>Stellt euch mal vor: Es passiert dieses Wunder, dass es eine Operation gibt, die eure Lebensqualit\u00e4t um einiges verbessern kann, aber es gibt kein freies Intensivbett mehr &#8211; sprich keine Operation.<\/p>\n\n\n\n<p>Noch gibt es Intensivbetten, aber f\u00fcr wie lange noch? Wir sind bereits an der Grenze angekommen &#8211; vor allem, was das Personal betrifft. Ich kenne die Menschen dort und wei\u00df, wie hart sie arbeiten, damit jeder Patient die entsprechende Betreuung\/Pflege bekommt. Sie geben und tun alles f\u00fcr ihre Patienten. Deshalb ist es auch so wichtig, dass wir zu Hause bleiben! Denn auf einer Intensivstation wird zwischen Leben und Tod entschieden. Die Intensivstation kann Leben retten, aber das klappt nur, wenn wir genug an Kapazit\u00e4ten haben!<\/p>\n\n\n\n<p class=\"has-text-align-right\">| Text: Lea Gottschalk, Kl. 10a |<br>| Bild: Fernando Zhiminaicela, CC-Lizenz, pixabay.de |<\/p>\n","protected":false},"excerpt":{"rendered":"<p>Lea Gottschalk, Klasse 10a, wei\u00df aus eigener Erfahrung, wie wichtig Intensivstationspl\u00e4tze sind. Darum appelliert sie an alle, die Corona-Regeln ernst zu nehmen. Ihr Beitrag erschien zun\u00e4chst in ihrem Instagram-Account. Wir d\u00fcrfen ihn auch hier ver\u00f6ffentlichen: Die meisten Menschen lagen noch nie auf einer Intensivstation und k\u00f6nnen sich dementsprechend nur schwer ein Bild davon machen. F\u00fcr&#8230;<\/p>\n","protected":false},"author":1,"featured_media":4980,"comment_status":"open","ping_status":"open","sticky":false,"template":"","format":"standard","meta":{"jetpack_post_was_ever_published":false,"_jetpack_newsletter_access":"","_jetpack_dont_email_post_to_subs":false,"_jetpack_newsletter_tier_id":0,"_jetpack_memberships_contains_paywalled_content":false,"_jetpack_memberships_contains_paid_content":false,"footnotes":"","jetpack_publicize_message":"","jetpack_publicize_feature_enabled":true,"jetpack_social_post_already_shared":true,"jetpack_social_options":{"image_generator_settings":{"template":"highway","default_image_id":0,"font":"","enabled":false},"version":2}},"categories":[9,253],"tags":[240],"class_list":["post-4975","post","type-post","status-publish","format-standard","has-post-thumbnail","hentry","category-aber-hallo-textet","category-meine-meinung","tag-corona","loop-entry clr"],"jetpack_publicize_connections":[],"jetpack_featured_media_url":"https:\/\/i0.wp.com\/www.aberhallo.news\/news\/wp-content\/uploads\/2020\/12\/intensivstation_op_.jpg?fit=1920%2C1281&ssl=1","jetpack_sharing_enabled":true,"jetpack_shortlink":"https:\/\/wp.me\/p83yhZ-1if","jetpack-related-posts":[],"_links":{"self":[{"href":"https:\/\/www.aberhallo.news\/news\/wp-json\/wp\/v2\/posts\/4975","targetHints":{"allow":["GET"]}}],"collection":[{"href":"https:\/\/www.aberhallo.news\/news\/wp-json\/wp\/v2\/posts"}],"about":[{"href":"https:\/\/www.aberhallo.news\/news\/wp-json\/wp\/v2\/types\/post"}],"author":[{"embeddable":true,"href":"https:\/\/www.aberhallo.news\/news\/wp-json\/wp\/v2\/users\/1"}],"replies":[{"embeddable":true,"href":"https:\/\/www.aberhallo.news\/news\/wp-json\/wp\/v2\/comments?post=4975"}],"version-history":[{"count":3,"href":"https:\/\/www.aberhallo.news\/news\/wp-json\/wp\/v2\/posts\/4975\/revisions"}],"predecessor-version":[{"id":4982,"href":"https:\/\/www.aberhallo.news\/news\/wp-json\/wp\/v2\/posts\/4975\/revisions\/4982"}],"wp:featuredmedia":[{"embeddable":true,"href":"https:\/\/www.aberhallo.news\/news\/wp-json\/wp\/v2\/media\/4980"}],"wp:attachment":[{"href":"https:\/\/www.aberhallo.news\/news\/wp-json\/wp\/v2\/media?parent=4975"}],"wp:term":[{"taxonomy":"category","embeddable":true,"href":"https:\/\/www.aberhallo.news\/news\/wp-json\/wp\/v2\/categories?post=4975"},{"taxonomy":"post_tag","embeddable":true,"href":"https:\/\/www.aberhallo.news\/news\/wp-json\/wp\/v2\/tags?post=4975"}],"curies":[{"name":"wp","href":"https:\/\/api.w.org\/{rel}","templated":true}]}}