{"id":4961,"date":"2020-12-09T09:01:00","date_gmt":"2020-12-09T08:01:00","guid":{"rendered":"http:\/\/www.aberhallo.news\/news\/?p=4961"},"modified":"2020-12-18T09:13:11","modified_gmt":"2020-12-18T08:13:11","slug":"jugendparlament-wird-neu-gewaehlt","status":"publish","type":"post","link":"https:\/\/www.aberhallo.news\/news\/jugendparlament-wird-neu-gewaehlt\/","title":{"rendered":"Jugendparlament wird neu gew\u00e4hlt"},"content":{"rendered":"\n<p>Am 23. Februar 2021 wird das Nordenhamer Jugendparlament neu gew\u00e4hlt. Gew\u00e4hlt wird an allen weiterf\u00fchrenden Nordenhamer Schulen, das sind neben der OBS 1 Nordenham auch das Gymnasium Nordenham, die Oberschule Am Luisenhof und die Schule Am Siel.<\/p>\n\n\n\n<p>B\u00fcrgermeister Carsten Seyfarth hat am 4. Dezember die Wahlbekanntmachung ver\u00f6ffentlicht, die im Infokasten der Sch\u00fclervertretung gelesen werden kann. Jetzt werden Mitglieder f\u00fcr den Wahlvorstand gesucht und nat\u00fcrlich Kandidat*innen!<\/p>\n\n\n\n<p>\u00dcber die Klassenpost wurden die Wahlbekanntmachung und Meldeb\u00f6gen f\u00fcr Kandidat*innen verteilt.<\/p>\n\n\n\n<p class=\"has-text-align-right\">| Info: Sch\u00fclervertretung |<\/p>\n\n\n\n<p><a href=\"http:\/\/www.nordenham.de\/de\/leben\/kinder-und-jugend\/jugendparlament\" target=\"_blank\" rel=\"noreferrer noopener\">Infos zum Jugendparlament<\/a><\/p>\n","protected":false},"excerpt":{"rendered":"<p>Am 23. Februar 2021 wird das Nordenhamer Jugendparlament neu gew\u00e4hlt. Gew\u00e4hlt wird an allen weiterf\u00fchrenden Nordenhamer Schulen, das sind neben der OBS 1 Nordenham auch das Gymnasium Nordenham, die Oberschule Am Luisenhof und die Schule Am Siel. B\u00fcrgermeister Carsten Seyfarth hat am 4. Dezember die Wahlbekanntmachung ver\u00f6ffentlicht, die im Infokasten der Sch\u00fclervertretung gelesen werden kann&#8230;.<\/p>\n","protected":false},"author":1,"featured_media":4715,"comment_status":"open","ping_status":"open","sticky":false,"template":"","format":"standard","meta":{"jetpack_post_was_ever_published":false,"_jetpack_newsletter_access":"","_jetpack_dont_email_post_to_subs":false,"_jetpack_newsletter_tier_id":0,"_jetpack_memberships_contains_paywalled_content":false,"_jetpack_memberships_contains_paid_content":false,"footnotes":"","jetpack_publicize_message":"","jetpack_publicize_feature_enabled":true,"jetpack_social_post_already_shared":true,"jetpack_social_options":{"image_generator_settings":{"template":"highway","default_image_id":0,"font":"","enabled":false},"version":2}},"categories":[9,70],"tags":[169,18],"class_list":["post-4961","post","type-post","status-publish","format-standard","has-post-thumbnail","hentry","category-aber-hallo-textet","category-neues-aus-nordenham","tag-jugendparlament","tag-sv","loop-entry clr"],"jetpack_publicize_connections":[],"jetpack_featured_media_url":"https:\/\/i0.wp.com\/www.aberhallo.news\/news\/wp-content\/uploads\/2020\/10\/wahl.jpg?fit=1920%2C1280&ssl=1","jetpack_sharing_enabled":true,"jetpack_shortlink":"https:\/\/wp.me\/p83yhZ-1i1","jetpack-related-posts":[],"_links":{"self":[{"href":"https:\/\/www.aberhallo.news\/news\/wp-json\/wp\/v2\/posts\/4961","targetHints":{"allow":["GET"]}}],"collection":[{"href":"https:\/\/www.aberhallo.news\/news\/wp-json\/wp\/v2\/posts"}],"about":[{"href":"https:\/\/www.aberhallo.news\/news\/wp-json\/wp\/v2\/types\/post"}],"author":[{"embeddable":true,"href":"https:\/\/www.aberhallo.news\/news\/wp-json\/wp\/v2\/users\/1"}],"replies":[{"embeddable":true,"href":"https:\/\/www.aberhallo.news\/news\/wp-json\/wp\/v2\/comments?post=4961"}],"version-history":[{"count":2,"href":"https:\/\/www.aberhallo.news\/news\/wp-json\/wp\/v2\/posts\/4961\/revisions"}],"predecessor-version":[{"id":4963,"href":"https:\/\/www.aberhallo.news\/news\/wp-json\/wp\/v2\/posts\/4961\/revisions\/4963"}],"wp:featuredmedia":[{"embeddable":true,"href":"https:\/\/www.aberhallo.news\/news\/wp-json\/wp\/v2\/media\/4715"}],"wp:attachment":[{"href":"https:\/\/www.aberhallo.news\/news\/wp-json\/wp\/v2\/media?parent=4961"}],"wp:term":[{"taxonomy":"category","embeddable":true,"href":"https:\/\/www.aberhallo.news\/news\/wp-json\/wp\/v2\/categories?post=4961"},{"taxonomy":"post_tag","embeddable":true,"href":"https:\/\/www.aberhallo.news\/news\/wp-json\/wp\/v2\/tags?post=4961"}],"curies":[{"name":"wp","href":"https:\/\/api.w.org\/{rel}","templated":true}]}}