{"id":4796,"date":"2020-11-12T22:21:01","date_gmt":"2020-11-12T21:21:01","guid":{"rendered":"http:\/\/www.aberhallo.news\/news\/?p=4796"},"modified":"2020-11-12T22:21:04","modified_gmt":"2020-11-12T21:21:04","slug":"das-digitalste-in-der-schule-sind-die-pausen","status":"publish","type":"post","link":"https:\/\/www.aberhallo.news\/news\/das-digitalste-in-der-schule-sind-die-pausen\/","title":{"rendered":"\u201eDas Digitalste in der Schule sind die Pausen\u201c"},"content":{"rendered":"\n<h2 class=\"wp-block-heading\"><strong>Philipp Hann\u00f6ver will Bundestagskandidat der CDU werden<\/strong><\/h2>\n\n\n\n<p><strong>Philipp Hann\u00f6ver ist 26 Jahre alt, hat nach seinem Studium vier Jahre im Deutschen Bundestag als Referent der CDU\/CSU-Fraktion gearbeitet und ist heute selbstst\u00e4ndiger Unternehmer. So jung und schon auf dem Weg nach Berlin? Warum er Abgeordneter werden will und andere Fragen hat er f\u00fcr ABER HALLO beantwortet.<\/strong><\/p>\n\n\n\n<p><strong>ABER HALLO: <\/strong>Wann und warum haben Sie sich dazu entschlossen in die Politik einzusteigen?<\/p>\n\n\n\n<p><strong>Herr Hann\u00f6ver:<\/strong> Das ging los als Jugendlicher. Da habe mich f\u00fcr ein Jugendparlament eingesetzt. Als Student war ich bei der CDU in Hamburg aktiv und habe dann auch eine Zeit lang auch in der Politik gearbeitet: vier Jahre als Referent im Deutschen Bundestag. Mittlerweile bin ich aber unter die Gr\u00fcnder gegangen und f\u00fchre ein Social-Media-StartUp. Wie kam es zu der Idee, dass Sie Bundestagsabgeordneter werden m\u00f6chten? Corona, Digitalisierung, Globalisierung \u2013 Ich glaube, dass es jede Menge Themen gibt, bei denen wir so langsam mal zu Potte kommen m\u00fcssen. Politik muss mal einen klaren Plan f\u00fcr die Zukunft entwickeln und f\u00fcr Ideen begeistern!<\/p>\n\n\n\n<div class=\"wp-block-image\"><figure class=\"aligncenter size-large\"><img data-recalc-dims=\"1\" loading=\"lazy\" decoding=\"async\" width=\"819\" height=\"1024\" data-attachment-id=\"4801\" data-permalink=\"https:\/\/www.aberhallo.news\/news\/das-digitalste-in-der-schule-sind-die-pausen\/200603_philipp_hannoever_max_arens_005\/\" data-orig-file=\"https:\/\/i0.wp.com\/www.aberhallo.news\/news\/wp-content\/uploads\/2020\/11\/200603_Philipp_Hann%C3%B6ver_Max_Arens_005-scaled.jpg?fit=2048%2C2560&amp;ssl=1\" data-orig-size=\"2048,2560\" data-comments-opened=\"1\" data-image-meta=\"{&quot;aperture&quot;:&quot;0&quot;,&quot;credit&quot;:&quot;&quot;,&quot;camera&quot;:&quot;&quot;,&quot;caption&quot;:&quot;&quot;,&quot;created_timestamp&quot;:&quot;0&quot;,&quot;copyright&quot;:&quot;Max Arens&quot;,&quot;focal_length&quot;:&quot;0&quot;,&quot;iso&quot;:&quot;0&quot;,&quot;shutter_speed&quot;:&quot;0&quot;,&quot;title&quot;:&quot;&quot;,&quot;orientation&quot;:&quot;1&quot;}\" data-image-title=\"PhilippHann\u00f6ver\" data-image-description=\"\" data-image-caption=\"\" data-medium-file=\"https:\/\/i0.wp.com\/www.aberhallo.news\/news\/wp-content\/uploads\/2020\/11\/200603_Philipp_Hann%C3%B6ver_Max_Arens_005-scaled.jpg?fit=240%2C300&amp;ssl=1\" data-large-file=\"https:\/\/i0.wp.com\/www.aberhallo.news\/news\/wp-content\/uploads\/2020\/11\/200603_Philipp_Hann%C3%B6ver_Max_Arens_005-scaled.jpg?fit=819%2C1024&amp;ssl=1\" src=\"https:\/\/i0.wp.com\/www.aberhallo.news\/news\/wp-content\/uploads\/2020\/11\/200603_Philipp_Hann%C3%B6ver_Max_Arens_005.jpg?resize=819%2C1024&#038;ssl=1\" alt=\"\" class=\"wp-image-4801\" srcset=\"https:\/\/i0.wp.com\/www.aberhallo.news\/news\/wp-content\/uploads\/2020\/11\/200603_Philipp_Hann%C3%B6ver_Max_Arens_005-scaled.jpg?resize=819%2C1024&amp;ssl=1 819w, https:\/\/i0.wp.com\/www.aberhallo.news\/news\/wp-content\/uploads\/2020\/11\/200603_Philipp_Hann%C3%B6ver_Max_Arens_005-scaled.jpg?resize=240%2C300&amp;ssl=1 240w, https:\/\/i0.wp.com\/www.aberhallo.news\/news\/wp-content\/uploads\/2020\/11\/200603_Philipp_Hann%C3%B6ver_Max_Arens_005-scaled.jpg?resize=768%2C960&amp;ssl=1 768w, https:\/\/i0.wp.com\/www.aberhallo.news\/news\/wp-content\/uploads\/2020\/11\/200603_Philipp_Hann%C3%B6ver_Max_Arens_005-scaled.jpg?resize=1229%2C1536&amp;ssl=1 1229w, https:\/\/i0.wp.com\/www.aberhallo.news\/news\/wp-content\/uploads\/2020\/11\/200603_Philipp_Hann%C3%B6ver_Max_Arens_005-scaled.jpg?resize=1638%2C2048&amp;ssl=1 1638w, https:\/\/i0.wp.com\/www.aberhallo.news\/news\/wp-content\/uploads\/2020\/11\/200603_Philipp_Hann%C3%B6ver_Max_Arens_005-scaled.jpg?resize=120%2C150&amp;ssl=1 120w, https:\/\/i0.wp.com\/www.aberhallo.news\/news\/wp-content\/uploads\/2020\/11\/200603_Philipp_Hann%C3%B6ver_Max_Arens_005-scaled.jpg?w=2048&amp;ssl=1 2048w\" sizes=\"auto, (max-width: 819px) 100vw, 819px\" \/><\/figure><\/div>\n\n\n\n<p><strong>ABER HALLO:<\/strong> Was wollen Sie erreichen, wenn Sie Bundestagsabgeordneter werden?<\/p>\n\n\n\n<p><strong>Herr Hann\u00f6ver:<\/strong> Weil Vieles in der Welt ein bisschen kompliziert geworden ist, h\u00e4ngen sich viel zu viele Menschen an einfache, manchmal sogar extreme Antworten. Ich m\u00f6chte erreichen, dass sich auch der gro\u00dfe Rest der Leute hier mal zu Wort meldet \u2013 zum Beispiel, weil wir sie f\u00fcr Zukunftsthemen wie Wasserstoff begeistern k\u00f6nnen.<\/p>\n\n\n\n<p><strong>ABER HALLO:<\/strong> Was liegt Ihnen am meisten am Herzen in der Politik?<\/p>\n\n\n\n<p><strong>Herr Hann\u00f6ver:<\/strong> Ehrlichkeit und Mut.<\/p>\n\n\n\n<p><strong>ABER HALLO:<\/strong> Mit welchen Themen w\u00fcrden Sie sich am liebsten besch\u00e4ftigen?<\/p>\n\n\n\n<p><strong>Herr Hann\u00f6ver:<\/strong> Als Sch\u00fcler hab ich mit dem Programmieren angefangen, deswegen ist die Digitalisierung so eines meiner Lieblingsthemen. Und da haben wir ja gewaltig was aufzuholen. Ansonsten habe ich viel mit Landwirtschaft und maritimer Wirtschaft zu tun. Steht alles auf <a rel=\"noreferrer noopener\" href=\"http:\/\/www.kann-losgehen.de\/\" target=\"_blank\">www.kann-losgehen.de<\/a>!<\/p>\n\n\n\n<p><strong>ABER HALLO:<\/strong> Wie k\u00f6nnte man mehr junge Leute f\u00fcr die Politik begeistern?<\/p>\n\n\n\n<p><strong>Herr Hann\u00f6ver:<\/strong> Die Frage klingt so, als w\u00fcrden sich junge Leute nicht f\u00fcr Politik interessieren. Merke ich nichts von. Junge Menschen haben halt zurecht keinen Bock auf Personaldebatten und sowas, sondern wollen f\u00fcr Themen streiten \u2013 siehe Fridays for Future. Wenn die etablierten Parteien eine Zukunft haben wollen, m\u00fcssen sie gerade den jungen Menschen vern\u00fcnftig zuh\u00f6ren und gemeinsam mit ihnen Trends setzen, anstatt sie abzuwarten.<\/p>\n\n\n\n<figure class=\"wp-block-image size-large\"><img data-recalc-dims=\"1\" loading=\"lazy\" decoding=\"async\" width=\"1000\" height=\"667\" data-attachment-id=\"4800\" data-permalink=\"https:\/\/www.aberhallo.news\/news\/das-digitalste-in-der-schule-sind-die-pausen\/200603_philipp_hannoever_max_arens_014\/\" data-orig-file=\"https:\/\/i0.wp.com\/www.aberhallo.news\/news\/wp-content\/uploads\/2020\/11\/200603_Philipp_Hann%C3%B6ver_Max_Arens_014-scaled.jpg?fit=2560%2C1707&amp;ssl=1\" data-orig-size=\"2560,1707\" data-comments-opened=\"1\" data-image-meta=\"{&quot;aperture&quot;:&quot;0&quot;,&quot;credit&quot;:&quot;&quot;,&quot;camera&quot;:&quot;&quot;,&quot;caption&quot;:&quot;&quot;,&quot;created_timestamp&quot;:&quot;0&quot;,&quot;copyright&quot;:&quot;Max Arens&quot;,&quot;focal_length&quot;:&quot;0&quot;,&quot;iso&quot;:&quot;0&quot;,&quot;shutter_speed&quot;:&quot;0&quot;,&quot;title&quot;:&quot;&quot;,&quot;orientation&quot;:&quot;1&quot;}\" data-image-title=\"200603_Philipp_Hann\u00f6ver_Max_Arens_014\" data-image-description=\"\" data-image-caption=\"&lt;p&gt;Philipp Hann\u00f6ver&lt;\/p&gt;\n\" data-medium-file=\"https:\/\/i0.wp.com\/www.aberhallo.news\/news\/wp-content\/uploads\/2020\/11\/200603_Philipp_Hann%C3%B6ver_Max_Arens_014-scaled.jpg?fit=300%2C200&amp;ssl=1\" data-large-file=\"https:\/\/i0.wp.com\/www.aberhallo.news\/news\/wp-content\/uploads\/2020\/11\/200603_Philipp_Hann%C3%B6ver_Max_Arens_014-scaled.jpg?fit=1000%2C667&amp;ssl=1\" src=\"https:\/\/i0.wp.com\/www.aberhallo.news\/news\/wp-content\/uploads\/2020\/11\/200603_Philipp_Hann%C3%B6ver_Max_Arens_014.jpg?resize=1000%2C667&#038;ssl=1\" alt=\"\" class=\"wp-image-4800\" srcset=\"https:\/\/i0.wp.com\/www.aberhallo.news\/news\/wp-content\/uploads\/2020\/11\/200603_Philipp_Hann%C3%B6ver_Max_Arens_014-scaled.jpg?resize=1024%2C683&amp;ssl=1 1024w, https:\/\/i0.wp.com\/www.aberhallo.news\/news\/wp-content\/uploads\/2020\/11\/200603_Philipp_Hann%C3%B6ver_Max_Arens_014-scaled.jpg?resize=300%2C200&amp;ssl=1 300w, https:\/\/i0.wp.com\/www.aberhallo.news\/news\/wp-content\/uploads\/2020\/11\/200603_Philipp_Hann%C3%B6ver_Max_Arens_014-scaled.jpg?resize=768%2C512&amp;ssl=1 768w, https:\/\/i0.wp.com\/www.aberhallo.news\/news\/wp-content\/uploads\/2020\/11\/200603_Philipp_Hann%C3%B6ver_Max_Arens_014-scaled.jpg?resize=1536%2C1024&amp;ssl=1 1536w, https:\/\/i0.wp.com\/www.aberhallo.news\/news\/wp-content\/uploads\/2020\/11\/200603_Philipp_Hann%C3%B6ver_Max_Arens_014-scaled.jpg?resize=2048%2C1365&amp;ssl=1 2048w, https:\/\/i0.wp.com\/www.aberhallo.news\/news\/wp-content\/uploads\/2020\/11\/200603_Philipp_Hann%C3%B6ver_Max_Arens_014-scaled.jpg?resize=150%2C100&amp;ssl=1 150w\" sizes=\"auto, (max-width: 1000px) 100vw, 1000px\" \/><figcaption>Das Handy geh\u00f6rt nat\u00fcrlich dazu &#8211; nur im Klassenraum dreht sich die Welt 20 Jahre zur\u00fcck, sagt Philipp Hann\u00f6ver.<\/figcaption><\/figure>\n\n\n\n<p><strong>ABER HALLO: <\/strong>Was denken Sie m\u00fcsste oder k\u00f6nnte getan werden, um der Jugend in Ihrem Wahlkreis genug Zukunftsperspektiven zu erm\u00f6glichen?<\/p>\n\n\n\n<p><strong>Herr Hann\u00f6ver:<\/strong> Das geht ehrlich gesagt bei ganz einfachen Dingen los wie einem ordentlichen Kulturangebot. Dann will man nach der Ausbildung oder dem Studium auch eher wieder in die Heimat zur\u00fcckzukehren. Klar, da braucht es dann auch vern\u00fcnftige Arbeitspl\u00e4tze \u2013 nicht nur, aber auch in Zukunftsfeldern wie der Digitalisierung. F\u00fcr junge Leute in der Landwirtschaft brauchen wir au\u00dferdem mehr Planungssicherheit, dazu habe ich schon ein paar Ideen vorgestellt.<\/p>\n\n\n\n<p><strong>ABER HALLO: <\/strong>Denken Sie, dass &#8211; gerade in Zeiten von Corona &#8211; die Digitalisierung an den Schulen auf dem Land ausreichend ist?<\/p>\n\n\n\n<p><strong>Herr Hann\u00f6ver:<\/strong> Das Digitalste an Schulen ist aktuell noch die Pause. Jede Sch\u00fclerin und jeder Sch\u00fcler hat ein Smartphone \u2013 und nutzt alle Funktionen ganz easy. Zur\u00fcck im Klassenraum dreht sich die Welt dann aber irgendwie zwanzig Jahre zur\u00fcck. Das eine ist die Technik: Klar, man braucht erstmal eine ordentliche Internetverbindung und technische Ausstattung. Aber viel wichtige ist das digitale Mindset \u2013 also Lehrer, die verstehen, wie unsere neue Welt funktioniert.<\/p>\n\n\n\n<p class=\"has-text-align-right\">| Interview: Sandra Eilers, Kl. 9b |<\/p>\n","protected":false},"excerpt":{"rendered":"<p>Philipp Hann\u00f6ver will Bundestagskandidat der CDU werden Philipp Hann\u00f6ver ist 26 Jahre alt, hat nach seinem Studium vier Jahre im Deutschen Bundestag als Referent der CDU\/CSU-Fraktion gearbeitet und ist heute selbstst\u00e4ndiger Unternehmer. So jung und schon auf dem Weg nach Berlin? Warum er Abgeordneter werden will und andere Fragen hat er f\u00fcr ABER HALLO beantwortet&#8230;.<\/p>\n","protected":false},"author":14,"featured_media":4798,"comment_status":"open","ping_status":"open","sticky":false,"template":"","format":"standard","meta":{"jetpack_post_was_ever_published":false,"_jetpack_newsletter_access":"","_jetpack_dont_email_post_to_subs":false,"_jetpack_newsletter_tier_id":0,"_jetpack_memberships_contains_paywalled_content":false,"_jetpack_memberships_contains_paid_content":false,"footnotes":"","jetpack_publicize_message":"","jetpack_publicize_feature_enabled":true,"jetpack_social_post_already_shared":true,"jetpack_social_options":{"image_generator_settings":{"template":"highway","default_image_id":0,"font":"","enabled":false},"version":2}},"categories":[165,246],"tags":[248,247],"class_list":["post-4796","post","type-post","status-publish","format-standard","has-post-thumbnail","hentry","category-bigb","category-bigb-wahl2021","tag-big-b","tag-bundestag","loop-entry clr"],"jetpack_publicize_connections":[],"jetpack_featured_media_url":"https:\/\/i0.wp.com\/www.aberhallo.news\/news\/wp-content\/uploads\/2020\/11\/200603_Philipp_Hann%C3%B6ver_%C3%BCberarbeitet1.jpg?fit=600%2C400&ssl=1","jetpack_sharing_enabled":true,"jetpack_shortlink":"https:\/\/wp.me\/p83yhZ-1fm","jetpack-related-posts":[],"_links":{"self":[{"href":"https:\/\/www.aberhallo.news\/news\/wp-json\/wp\/v2\/posts\/4796","targetHints":{"allow":["GET"]}}],"collection":[{"href":"https:\/\/www.aberhallo.news\/news\/wp-json\/wp\/v2\/posts"}],"about":[{"href":"https:\/\/www.aberhallo.news\/news\/wp-json\/wp\/v2\/types\/post"}],"author":[{"embeddable":true,"href":"https:\/\/www.aberhallo.news\/news\/wp-json\/wp\/v2\/users\/14"}],"replies":[{"embeddable":true,"href":"https:\/\/www.aberhallo.news\/news\/wp-json\/wp\/v2\/comments?post=4796"}],"version-history":[{"count":2,"href":"https:\/\/www.aberhallo.news\/news\/wp-json\/wp\/v2\/posts\/4796\/revisions"}],"predecessor-version":[{"id":4802,"href":"https:\/\/www.aberhallo.news\/news\/wp-json\/wp\/v2\/posts\/4796\/revisions\/4802"}],"wp:featuredmedia":[{"embeddable":true,"href":"https:\/\/www.aberhallo.news\/news\/wp-json\/wp\/v2\/media\/4798"}],"wp:attachment":[{"href":"https:\/\/www.aberhallo.news\/news\/wp-json\/wp\/v2\/media?parent=4796"}],"wp:term":[{"taxonomy":"category","embeddable":true,"href":"https:\/\/www.aberhallo.news\/news\/wp-json\/wp\/v2\/categories?post=4796"},{"taxonomy":"post_tag","embeddable":true,"href":"https:\/\/www.aberhallo.news\/news\/wp-json\/wp\/v2\/tags?post=4796"}],"curies":[{"name":"wp","href":"https:\/\/api.w.org\/{rel}","templated":true}]}}