{"id":4753,"date":"2022-02-07T09:40:00","date_gmt":"2022-02-07T08:40:00","guid":{"rendered":"http:\/\/www.aberhallo.news\/news\/?p=4753"},"modified":"2022-04-26T14:46:11","modified_gmt":"2022-04-26T12:46:11","slug":"das-corona-tagebuch","status":"publish","type":"post","link":"https:\/\/www.aberhallo.news\/news\/das-corona-tagebuch\/","title":{"rendered":"Das Corona-Tagebuch"},"content":{"rendered":"\n<p>Die Redaktion von ABER HALLO hat die Ereignisse rund um die Corona-Pandemie und die Einschr\u00e4nkungen f\u00fcr den Schulbetrieb zusammengetragen. Die Redaktion von aberhallo.news erg\u00e4nzt diesen Artikel um immer neue Entwicklungen. Dies ist aber ein journalistischer Beitrag, aktuell g\u00fcltige Auflagen etc. sind bitte der offiziellen Homepage der Schule zu entnehmen.<\/p>\n\n\n\n<h2 class=\"wp-block-heading\"><strong>Die Ereignisse im \u00dcberblick:<\/strong><\/h2>\n\n\n\n<p><strong>Mittwoch, 20. April 2022:<\/strong><\/p>\n\n\n\n<p>Mit dem ersten Schultag nach den Osterferien beginnt die neue Freiheit: Maskenfreiheit! Das Tragen von medizinischen Mund-Nase-Bedeckungen ist nun nur noch freiwillig. Auch die &#8222;Kohorten-Regelung&#8220; entf\u00e4llt: Es gibt keine nach Jahrg\u00e4ngen sortierten Pausenh\u00f6fe mehr. Das &#8222;Runden laufen&#8220; ist wieder m\u00f6glich! <\/p>\n\n\n\n<p>Wie immer nach den Ferien wird noch einmal umfangreich getestet: Alle m\u00fcssen sich 8 Schultage t\u00e4glich testen. Ab dem 2. Mai entf\u00e4llt auch die Testpflicht.<\/p>\n\n\n\n<p><strong>Donnerstag, 10. Februar<\/strong> <strong>2022:<\/strong><\/p>\n\n\n\n<p>Das neue Testverfahren f\u00fcr Sch\u00fcler hei\u00dft &#8222;Anlassbezogenes intensives Testen&#8220;, kurz auch &#8222;Abit&#8220; genannt. Es wird nur genutzt, wenn ein Sch\u00fcler in der Klasse oder im Kurs durch einen PCR-Test positiv getestet wurde. Abit hei\u00dft, dass f\u00fcr f\u00fcnf Tage alle Sch\u00fcler*innen in der Klasse oder im selben Kurs sich mit Schnelltests testen m\u00fcssen, um m\u00f6gliche Infektionsketten zu unterbrechen.<\/p>\n\n\n\n<p><strong>Schuljahr 2021\/22<\/strong>:<\/p>\n\n\n\n<p>Das neue Schuljahr beginnt f\u00fcr alle Sch\u00fcler*innen, es gibt keine Aufteilung der Klassen nach A- und B-Gruppen. Das Kultusministerium will m\u00f6glichst lange m\u00f6glichst alle Schulen offen halten.<\/p>\n\n\n\n<p>Alle Personen in der Schule m\u00fcssen dreimal in der Woche getestet sein, in der Schule muss eine medizinische Mund-Nasen-Bedeckung getragen werden, alle 20 Minuten werden die Fenster ge\u00f6ffnet, um die Luft im Raum auszutauschen. Die Sitzpl\u00e4tze sind festgelegt und werden dem Gesundheitsamt im Falle von Coronainfektionen \u00fcbermittelt.<\/p>\n\n\n\n<p><strong>Montag, 31. Mai 2021:<\/strong><\/p>\n\n\n\n<p>Aufgrund sehr niedriger Inzidenzen hat das Kultusministerium angeordnet, dass alle Schulen wieder \u00f6ffnen! 1. Schultag in diesem Jahr mit allen Sch\u00fclerinnen und Sch\u00fclern in der Klasse!<\/p>\n\n\n\n<p><strong>Donnerstag, 6. Mai 2021:<\/strong><\/p>\n\n\n\n<p>Aufgrund der weit unter 100 gesunkeden Inzidenz ist heute ist der erste Tag des Szenario B f\u00fcr alle Sch\u00fcler seit ungef\u00e4hr f\u00fcnf Monaten. Bei der Testpflicht bleibt es nat\u00fcrlich um die Sicherheit aller zu gew\u00e4hrleisten. <\/p>\n\n\n\n<p><strong>Montag, 12. April 2021:<\/strong><\/p>\n\n\n\n<p>Am Montag ist &#8222;Abholtag&#8220;. Die Testkits f\u00fcr die Selbstschnelltests werden durch die Sch\u00fclerinnen und Sch\u00fcler abgeholt. Es findet ausschlie\u00dflich Lernen zu Hause statt und es gibt keine Notbetreuung am Montag. Die Tests kommen aber erst zum Einsatz, wenn die Sch\u00fclerinnen und Sch\u00fcler in den Pr\u00e4senzunterricht gehen. Schon jetzt ist klar: Das wird auch in dieser Woche noch nicht der Fall sein.<\/p>\n\n\n\n<p><strong>Montag, 8. M\u00e4rz:<\/strong><\/p>\n\n\n\n<p>Der Lockdown zieht sich noch hin. Aber das Kultusministerium will, dass alle Sch\u00fclerinnen und Sch\u00fcler vor Ostern noch einmal in die Schule kommen. Diesen Montag wird die &#8222;Aufhebung der Pr\u00e4zenspflicht&#8220; wieder aufgehoben, hei\u00dft: Alle Zehntkl\u00e4ssler m\u00fcssen wieder zur Schule. Allerdings kommt auch jeweils nur die H\u00e4lfte zur Schule und die andere H\u00e4lfte ist im Homeschooling (also Szenario B). Von den Neuntkl\u00e4sslern kommen auch nur die Sch\u00fclerinnen und Sch\u00fcler, die in diesem Jahr den Hauptschulabschluss machen.<\/p>\n\n\n\n<p>Die anderen Klassen gucken auf den Inzidenzwert: Bleibt der in der Wesermarsch \u00fcber 100, d\u00fcrfen auch die Klassen 5 bis 7 n\u00e4chste Woche noch nicht wieder zur Schule kommen.<\/p>\n\n\n\n<p>Bis zu den <strong>Osterferien<\/strong> ver\u00e4nderte sich das Szenario aufgrund der hohen Inzidenzwerte in der Wesermarsch nicht: Nur die Abschlussklassen 10 und die Abschlusssch\u00fcler 9 kamen in die Schule. Einen Tag vor den Osterferien hatten die Lehrkr\u00e4fte eine schulinterne Fortbildung zur Anwendung der Schnelltests, falls &#8211; nach den Ferien &#8211; die Tests in der Schule durchgef\u00fchrt werden m\u00fcssen (Verordnung wurde aber wieder ge\u00e4ndert).<\/p>\n\n\n\n<p><strong>Montag, 15. Februar:<\/strong><\/p>\n\n\n\n<p>Im Landkreis Wesermarsch ist die sogenannte Tagesinzidenz \u00fcber 200 gestiegen &#8211; also in den vergangenen 7 Tagen haben sich auf 100.000 Einwohner mehr als 200 Menschen mit dem Corona-Virus infiziert. Die Wesermarsch hat damit in Niedersachsen das h\u00f6chste Ansteckungsniveau erreicht, deutschlandweit ist der Landkreis auf Platz 2!<\/p>\n\n\n\n<p>Das Gesundheitsamt hat darum angeordnet, dass alle allgemein- und berufsbildenden Schulen im Landkreis schlie\u00dfen m\u00fcssen. Auch f\u00fcr die Abschlussklassen findet kein Unterricht mehr statt. Bis Freitag, 19. Februar, gibt es h\u00f6chstens die Notbetreuung in der Schule. Alle Sch\u00fclerinnen und Sch\u00fcler nehmen am &#8222;Lernen zu Hause&#8220; teil.<\/p>\n\n\n\n<p><strong>Donnerstag, 21. Januar:<\/strong><\/p>\n\n\n\n<p>Die Sch\u00fcler der Jahrg\u00e4nge f\u00fcnf bis acht sind alle komplett im Lernen zu Hause. Anders ist das bei den Sch\u00fclern und Sch\u00fclerinnnen des neunten Jahrgangs: Hier sind die Sch\u00fcler*innen in der Schule, die planen, die Schule nach 9. Klasse zu verlassen oder einen F\u00f6rderschulabschluss machen.<\/p>\n\n\n\n<p><strong>Freitag, 8. Januar 2021:<\/strong><\/p>\n\n\n\n<p>Am Freitagnachmittag, dem 8. Januar 2021, gab das Kultusministerium mit einer neuen Verordnung bekannt, dass alle Klausuren, die bis zu den 31.01.2021 eingetragen sind, ausfallen. Das gab den Sch\u00fclern mehr Zeit, um sich auf die bevorstehenden Klausuren vorzubereiten, jedoch haben sie weniger Zeit, sich in den verschiedenen F\u00e4chern zu verbessern.<\/p>\n\n\n\n<p>Den Lehrern gefiel die neue Verordnung ganz und gar nicht: Die ganze Arbeit, die sie Wochen zuvor investiert haben, um die Arbeiten vorzubereiten und zu planen, ist sinnlos gewesen. Stattdessen mussten sich die Lehrer \u00fcber eine Ersatzleistung Gedanken machen, die je nachdem, welche Leistungen die Sch\u00fcler erbringen m\u00fcssen, als fachspezifische oder m\u00fcndliche Leistung benotet wird.<\/p>\n\n\n\n<p>Am Dienstagmorgen kam, durch die vielen Beschwerden, die eingereicht wurden, der R\u00fcckruf der neuen Verordnung. Es finden wieder alle Klausuren wie gewohnt zum vorherigen Termin statt und die Sch\u00fcler k\u00f6nnen sich noch vor dem Halbjahreszeugnis verbessern.<\/p>\n\n\n\n<p><strong>Freitag, 16. Dezember 2020:<\/strong><\/p>\n\n\n\n<p>Letzter &#8222;Schultag&#8220; in der Schule und im Homeschooling. Im Laufe der Woche wurden immer mehr Kinder von ihren Eltern vom Pr\u00e4senzunterricht abgemeldet. Von fast 620 Sch\u00fclern sind noch 14 in der Schule; alle \u00fcbrigen werden im &#8222;Lernen zu Hause&#8220; betreut.<\/p>\n\n\n\n<p><strong>Montag, 14. Dezember 2020:<\/strong><\/p>\n\n\n\n<p>Nach einer erneuten Vereinbarung von Bundeskanzlerin und Ministerpr\u00e4sidenten ist ab heute Pr\u00e4senzschulpflicht aufgehoben. Eltern k\u00f6nnen ihre Kinder von der Schule ab und zum &#8222;Lernen zu Hause&#8220; anmelden. Das verursacht im Schulbetrieb ziemlich viel Chaos: Lehrer*innen sitzen zum Teil alleine im Klassenraum und warten, ob noch Sch\u00fcler*innen kommen, in mancher Klasse sitzt noch ein Sch\u00fcler zwei Lehrern gegen\u00fcber &#8211; fast wie eine m\u00fcndliche Pr\u00fcfung.<\/p>\n\n\n\n<p><strong>Donnerstag, 11. Dezember:<\/strong><\/p>\n\n\n\n<p>Eltern k\u00f6nnen ihre Kinder auf Antrag f\u00fcr den 17. und 18. Dezember freistellen lassen, um f\u00fcr Weihnachten in &#8222;Selbstquarant\u00e4ne&#8220; zu gehen. Etwa 20% der Sch\u00fclerinnen und Sch\u00fcler werden bis zum Ende der Antragsfrist am 11. Dezember von Eltern freigestellt.<\/p>\n\n\n\n<p><strong>Montag, 30. November:<\/strong><\/p>\n\n\n\n<p>Szenario B beginnt &#8211; pro Klasse kommen jetzt maximal 15 Sch\u00fclerinnen und Sch\u00fcler. In einem Raum d\u00fcrfen sich maximal 16 Menschen aufhalten (inkl. Lehrkraft), sofern alle zueinander einen Mindestabstand von 1,50 Meter Abstand haben. Die Pausenzeiten sind f\u00fcr die Jahrg\u00e4nge wieder versetzt. Das bedeutet, dass Unterrichtsbl\u00f6cke auch unterbrochen werden f\u00fcr Pausen. In den Pausen m\u00fcssen alle Sch\u00fcler drau\u00dfen stehen in Feldern, die gekennzeichnet sind f\u00fcr ihre Klasse.<\/p>\n\n\n\n<p><strong>Freitag, 27. November:<\/strong><\/p>\n\n\n\n<p>Die 6b geht als dritte Klasse der Schule (teilweise) in Quarant\u00e4ne.<\/p>\n\n\n\n<p>Der Inzidenzwert in der Wesermarsch klettert \u00fcber 100 Neuinfektionen pro 100.000 Einwohner innerhalb von 7 Tagen. Da auch Ma\u00dfnahmen des Gesundheitsamtes laufen, muss die gesamte Schule ab Montag in das Szenario B wechseln.<\/p>\n\n\n\n<p><strong>Mittwoch, 25. November:<\/strong><\/p>\n\n\n\n<p>Der zweite Corona-Fall betrifft eine Klasse aus Jahrgang 10. Da auch hier Sportunterricht stattfand, wird wieder fast die ganze Klasse in Quarant\u00e4ne geschickt. Da das Testergebnis erst am sp\u00e4ten Nachmittag kam, werden abends noch die Eltern der Sch\u00fcler angerufen. F\u00fcr den 26. November ist vorsorglich &#8222;Lernen zu Hause&#8220; angeordnet, im Laufe des 26. November ergehen die Quarant\u00e4ne-Anordnungen an die Sch\u00fcler.<\/p>\n\n\n\n<p><a href=\"https:\/\/www.aberhallo.news\/news\/kritik-zu-den-corona-regeln-an-der-obs-1-nordenham\/\"><strong>Kritik an den Corona-Regeln:<\/strong><br>Ein Meinungsbeitrag von Remi Neugebauer, Kl. 10a<\/a><\/p>\n\n\n\n<p><strong>Freitag, 20. November:<\/strong><\/p>\n\n\n\n<p>Der erste Fall einer Corona-Infektion einer Person in Jahrgang 8 ist bekannt geworden. Da im Sportunterricht die Abstandsregeln nicht immer eingehalten werden konnten und keine Masken getragen werden m\u00fcssen, wird die ganze Klasse vom Gesundheitsamt in Quarant\u00e4ne geschickt, inkl. Sportlehrerin. Auch Sch\u00fcler*innen, die in Kursen neben der betroffenen Person<\/p>\n\n\n\n<p><strong>Freitag, 6. November:<\/strong><\/p>\n\n\n\n<p>Der Inzidenzwert der Neuansteckungen (gerechnet im Schnitt der letzten 7 Tage auf 100.000 Einwohner) ist nun in der Wesermarsch auch \u00fcber 50 gestiegen, damit gilt: Auch im Unterricht m\u00fcssen alle (Sch\u00fcler*innen und Lehrer*innen) ab kommenden Montag (= n\u00e4chster Unterrichtstag) eine Mund-Nasen-Bedeckung tragen.<\/p>\n\n\n\n<p><strong>Montag, 5. Oktober:<\/strong><\/p>\n\n\n\n<p>Die Klasse 10a war zu einem Besuch im Deutschen Bundestag eingeladen: Mittwoch sollte es f\u00fcr einen Tag nach Berlin gehen. Heute dann der Schock: Berlin wurde zum &#8222;Risikogebiet&#8220; erkl\u00e4rt, da 4 Stadtbezirke einen hohen Inzidenzwert haben. Die Fahrt wird kurzfristig abgesagt.<\/p>\n\n\n\n<p><strong>Donnerstag, 27. August:<\/strong><\/p>\n\n\n\n<p>Das Schuljahr startet neu: Jetzt gilt &#8222;Szenario A: Eingeschr\u00e4nkter Regelbetrieb&#8220;. Eigentlich ist alles normal: Alle Sch\u00fcler*innen einer Klasse kommen zum Unterricht und werden im Klassenraum gemeinsam unterrichtet. Jedoch gilt auf den Fluren und dem Schulhof eine Pflicht zum Tragen einer Mund-Nasen-Bedeckung. Auch die Lehrer tragen eine Maske, sofern sie sich Sch\u00fcler mehr als 1,5 Metern n\u00e4hern.<\/p>\n\n\n\n<p>Die Pausen verbringen die Sch\u00fcler*innen getrennt nach Jahrg\u00e4ngen auf den Schulh\u00f6fen (7 und 8 Hafenschule, 5 und 6 gro\u00dfer Hof, 9 Mensa, 10 Cafeteria). Sie bilden &#8222;Kohorten&#8220; und d\u00fcrfen sich nicht vermischen.<\/p>\n\n\n\n<p><strong>14. &amp; 15. Juli:<\/strong><\/p>\n\n\n\n<p>Die Schuljahreszeugnisse werden versetzt ausgegeben, da die Klassen bis zum letzten Tag geteilt waren. Eine sch\u00fclergruppe bekommt die Zeugnisse am Dienstag, 14. Juli, im 3. Block, die andere Gruppe am Mittwoch, 15. Juli, im 2. Block.<\/p>\n\n\n\n<p><strong>Donnerstag, 2. Juli:<\/strong><\/p>\n\n\n\n<p>Die Verabschiedungsfeier der Zehntkl\u00e4ssler kann nun doch mit Eltern stattfinden. Die Sch\u00fclerinnen und Sch\u00fcler feiern ihren Schulabschluss mit einem Picknick auf dem Kunstrasenplatz am Plaatweg. <a href=\"https:\/\/www.aberhallo.news\/news\/picknick-zum-abschluss\/\">Mehr dazu im Bericht von aberhallo.news HIER.<\/a><\/p>\n\n\n\n<figure class=\"wp-block-image size-large\"><img data-recalc-dims=\"1\" loading=\"lazy\" decoding=\"async\" width=\"1000\" height=\"667\" data-attachment-id=\"5343\" data-permalink=\"https:\/\/www.aberhallo.news\/news\/das-corona-tagebuch\/image-5\/\" data-orig-file=\"https:\/\/i0.wp.com\/www.aberhallo.news\/news\/wp-content\/uploads\/2021\/04\/image.png?fit=1000%2C667&amp;ssl=1\" data-orig-size=\"1000,667\" data-comments-opened=\"1\" data-image-meta=\"{&quot;aperture&quot;:&quot;0&quot;,&quot;credit&quot;:&quot;&quot;,&quot;camera&quot;:&quot;&quot;,&quot;caption&quot;:&quot;&quot;,&quot;created_timestamp&quot;:&quot;0&quot;,&quot;copyright&quot;:&quot;&quot;,&quot;focal_length&quot;:&quot;0&quot;,&quot;iso&quot;:&quot;0&quot;,&quot;shutter_speed&quot;:&quot;0&quot;,&quot;title&quot;:&quot;&quot;,&quot;orientation&quot;:&quot;0&quot;}\" data-image-title=\"image\" data-image-description=\"\" data-image-caption=\"\" data-medium-file=\"https:\/\/i0.wp.com\/www.aberhallo.news\/news\/wp-content\/uploads\/2021\/04\/image.png?fit=300%2C200&amp;ssl=1\" data-large-file=\"https:\/\/i0.wp.com\/www.aberhallo.news\/news\/wp-content\/uploads\/2021\/04\/image.png?fit=1000%2C667&amp;ssl=1\" src=\"https:\/\/i0.wp.com\/www.aberhallo.news\/news\/wp-content\/uploads\/2021\/04\/image.png?resize=1000%2C667&#038;ssl=1\" alt=\"\" class=\"wp-image-5343\" srcset=\"https:\/\/i0.wp.com\/www.aberhallo.news\/news\/wp-content\/uploads\/2021\/04\/image.png?w=1000&amp;ssl=1 1000w, https:\/\/i0.wp.com\/www.aberhallo.news\/news\/wp-content\/uploads\/2021\/04\/image.png?resize=300%2C200&amp;ssl=1 300w, https:\/\/i0.wp.com\/www.aberhallo.news\/news\/wp-content\/uploads\/2021\/04\/image.png?resize=768%2C512&amp;ssl=1 768w, https:\/\/i0.wp.com\/www.aberhallo.news\/news\/wp-content\/uploads\/2021\/04\/image.png?resize=150%2C100&amp;ssl=1 150w\" sizes=\"auto, (max-width: 1000px) 100vw, 1000px\" \/><\/figure>\n\n\n\n<p><strong>Montag, 15. Juni:<\/strong><\/p>\n\n\n\n<p>Als letzte Sch\u00fclergruppe kehren die F\u00fcnft\u2013 und Sechstkl\u00e4ssler in die Schule zur\u00fcck.<\/p>\n\n\n\n<p><strong>Donnerstag, 11. Juni:<\/strong><\/p>\n\n\n\n<p>Heute ist f\u00fcr die Sch\u00fclerinnen und Sch\u00fcler, die nach Klasse 9 mit dem Hauptschulabschluss die Schule verlassen, der letzte Unterrichtstag.<\/p>\n\n\n\n<p><strong>Freitag, 5. Juni:<\/strong> Bis zu den Sommerferien sind es noch sechs Wochen. Doch f\u00fcr die Zehntkl\u00e4ssler ist heute der letzte Unterrichtstag. Sie m\u00fcssen nur noch zweimal zur Schule kommen: zur m\u00fcndlichen Abschlusspr\u00fcfung (die mittlerweile auch nicht mehr verpflichtend, sondern optional geworden ist), und zur \u00dcbergabe des Zeugnisses<\/p>\n\n\n\n<figure class=\"wp-block-image size-large\"><img data-recalc-dims=\"1\" loading=\"lazy\" decoding=\"async\" width=\"1000\" height=\"750\" data-attachment-id=\"5344\" data-permalink=\"https:\/\/www.aberhallo.news\/news\/das-corona-tagebuch\/image-1\/\" data-orig-file=\"https:\/\/i0.wp.com\/www.aberhallo.news\/news\/wp-content\/uploads\/2021\/04\/image-1.png?fit=1024%2C768&amp;ssl=1\" data-orig-size=\"1024,768\" data-comments-opened=\"1\" data-image-meta=\"{&quot;aperture&quot;:&quot;0&quot;,&quot;credit&quot;:&quot;&quot;,&quot;camera&quot;:&quot;&quot;,&quot;caption&quot;:&quot;&quot;,&quot;created_timestamp&quot;:&quot;0&quot;,&quot;copyright&quot;:&quot;&quot;,&quot;focal_length&quot;:&quot;0&quot;,&quot;iso&quot;:&quot;0&quot;,&quot;shutter_speed&quot;:&quot;0&quot;,&quot;title&quot;:&quot;&quot;,&quot;orientation&quot;:&quot;0&quot;}\" data-image-title=\"image-1\" data-image-description=\"\" data-image-caption=\"\" data-medium-file=\"https:\/\/i0.wp.com\/www.aberhallo.news\/news\/wp-content\/uploads\/2021\/04\/image-1.png?fit=300%2C225&amp;ssl=1\" data-large-file=\"https:\/\/i0.wp.com\/www.aberhallo.news\/news\/wp-content\/uploads\/2021\/04\/image-1.png?fit=1000%2C750&amp;ssl=1\" src=\"https:\/\/i0.wp.com\/www.aberhallo.news\/news\/wp-content\/uploads\/2021\/04\/image-1.png?resize=1000%2C750&#038;ssl=1\" alt=\"\" class=\"wp-image-5344\" srcset=\"https:\/\/i0.wp.com\/www.aberhallo.news\/news\/wp-content\/uploads\/2021\/04\/image-1.png?w=1024&amp;ssl=1 1024w, https:\/\/i0.wp.com\/www.aberhallo.news\/news\/wp-content\/uploads\/2021\/04\/image-1.png?resize=300%2C225&amp;ssl=1 300w, https:\/\/i0.wp.com\/www.aberhallo.news\/news\/wp-content\/uploads\/2021\/04\/image-1.png?resize=768%2C576&amp;ssl=1 768w, https:\/\/i0.wp.com\/www.aberhallo.news\/news\/wp-content\/uploads\/2021\/04\/image-1.png?resize=150%2C113&amp;ssl=1 150w\" sizes=\"auto, (max-width: 1000px) 100vw, 1000px\" \/><\/figure>\n\n\n\n<p>Abschluss mit Abstand: Die HS-Abschlusssch\u00fcler 2020<br>konnten nur im kleinen Rahmen feiern.<\/p>\n\n\n\n<p>Da keine Schulveranstaltungen stattfinden d\u00fcrfen, entfallen in diesem Jahr alle Abschiedsfeiern: keine Mottowoche, kein Abschlussgottesdienst, kein Schulball. Wie der \u201eCorona-Schulabschluss\u201c verlief, werden wir in der n\u00e4chsten Ausgabe der ABER HALLO berichten.<\/p>\n\n\n\n<p><strong>Mittwoch, 3. Juni:<\/strong><\/p>\n\n\n\n<p>Die R\u00fcckkehr der Massen: Die \u201egro\u00dfen\u201c Jahrg\u00e4nge 7 und 8 mit vielen Sch\u00fclerinnen und mit Sch\u00fclern kommen zur\u00fcck in die Schule &#8211; auch diese Klassen werden halbiert.<\/p>\n\n\n\n<p>Der Unterricht findet nach \u201enormalem\u201c Stundenplan statt, die Klassenlehrerzeit entf\u00e4llt allerdings und die Unterrichtsbl\u00f6cke sind 90 Minuten lang. Jede Sch\u00fclergruppe soll m\u00f6glichst wochenweise zur Schule kommen &#8211; in der jeweils anderen Woche haben die Sch\u00fclerinnen und Sch\u00fcler \u201eLernen zu Hause\u201c.<\/p>\n\n\n\n<p>Um die Lerngruppen in den Pausen nicht zu mischen, malt Herr Roblick nummerierte \u201eBereiche\u201c mit Kreide auf den Schulhof; jede Lerngruppe hat einen eigenen Bereich, in dem sie sich jetzt stehend oder sitzend mit Mindestabstand aufhalten d\u00fcrfen.<\/p>\n\n\n\n<p><strong>Mittwoch, 20. Mai:<\/strong><\/p>\n\n\n\n<p>Abschlusspr\u00fcfung! Die Deutschkurse wurden halbiert, die \u201eRisikosch\u00fcler\u201c mit Vorerkrankungen wie Asthma oder Bluthochdruck haben jeweils einen eigenen Pr\u00fcfungsraum mit jeweils einem eigenen Pr\u00fcfungslehrer zur Aufsicht. Gleiches passiert in der Englischpr\u00fcfung am 26. Mai (nur die Zehntkl\u00e4ssler) und f\u00fcr die Mathepr\u00fcfung am 28. Mai.<\/p>\n\n\n\n<p><strong>Montag, 18. Mai:<\/strong><\/p>\n\n\n\n<p>Heute kommen auch die \u201eanderen\u201c Neuntkl\u00e4ssler zur\u00fcck in die Schule &#8211; also auch diejenigen, die n\u00e4chstes Schuljahr den Realschulabschluss machen. Da weiterhin nur wenige Sch\u00fclerinnen und Sch\u00fcler in einen Klassenraum d\u00fcrfen, werden nun die Klassen geteilt.<\/p>\n\n\n\n<p>Unterrichtet wird nur im Klassenverband, es gibt keine Aufteilung in G\u2013 und E-Kurse. Auch Wahlpflichtunterricht findet nicht mehr statt. Jegliche \u201eMischung von Lerngruppen soll unterbleiben. Die Lerngruppen haben jeweils einen \u201eStammraum\u201c &#8211; die gr\u00f6\u00dften Klassenr\u00e4ume der Schule werden genutzt mit m\u00f6glichst wenig Tischen im Raum. Die Fachr\u00e4ume d\u00fcrfen nicht genutzt werden. Auch der Sport\u2013 und Schwimmunterricht findet nicht mehr statt.<\/p>\n\n\n\n<p><strong>Montag, 27. April:<\/strong><\/p>\n\n\n\n<p>Sie sind wieder da: Die ersten Sch\u00fclerinnen und Sch\u00fcler kommen zur Schule. Aber nur die Zehntkl\u00e4ssler und diejenigen aus Jahrgang 9, die die Hauptschulpr\u00fcfung machen. Damit nicht so viele Sch\u00fcler auf einmal in die Schule kommen, kommen tageweise die Klassen 9a und 9d bzw. 9b und 9c. Manche \u201eKlasse\u201c besteht nur aus sechs Sch\u00fclerinnen und Sch\u00fclern. Die Klassen des zehnten Jahrgangs werden jeweils halbiert, jeden Tag kommt nur eine Gruppe der Klasse.<\/p>\n\n\n\n<p>An diesem ersten \u201eSchultag\u201c gibt es auch nur 90 Minuten Sicherheitseinweisungen: die \u201eCorona-Regeln\u201c werden besprochen und Hygienevorschriften erl\u00e4utert. Au\u00dferdem gibt es Hinweise zum neuen Stundenplan. Unterrichtet wird nur f\u00fcr die Pr\u00fcfungsvorbereitung: Deutsch und Mathe und in 10 zus\u00e4tzlich Englisch. F\u00fcr die Neuner gibt es einen zus\u00e4tzlichen Block Pr\u00fcfungsvorbereitung. Die Kurse sind aufgel\u00f6st. Jede Lerngruppe hat jetzt eine feste Fachlehrkraft und keine Kurslehrkraft mehr.<\/p>\n\n\n\n<p>Der normale Stundenplanrhythmus entf\u00e4llt: Der Unterricht beginnt um 7.30 Uhr, ein Block dauert 90 Minuten. Zwischendurch gibt es Pausen von jeweils 30 Minuten. Unterrichtsschluss ist um 13 Uhr.<\/p>\n\n\n\n<p><strong>Mittwoch, 22. April:<\/strong><\/p>\n\n\n\n<p>Nachdem vor den Osterferien das \u201eLernen zu Hause\u201c quasi freiwillig war, wird es jetzt vom Kultusministerium f\u00fcr alle Sch\u00fclerinnen und Sch\u00fcler verpflichtend. Die Lehrerinnen und Lehrer der OBS 1 Nordenham erstellen Wochenpl\u00e4ne. Die Jahrgangsleiter kontrollieren, ob alle F\u00e4cher des Stundenplans vertreten sind und achten darauf, dass die Sch\u00fclerinnen und Sch\u00fcler nicht zu viele Aufgaben bekommen.<\/p>\n\n\n\n<p><strong>Kontakt \u00fcber Messanger und Videokonferenz<\/strong><\/p>\n\n\n\n<p>Die Schulgemeinschaft entdeckt zwei neue Tools im Online-System der Schule, IServ: den Messanger und die Videokonferenz. Klassenlehrer sollen einmal die Woche Kontakt mit ihren Sch\u00fcler*innen haben. Viele machen dies \u00fcber diese beiden Funktionen. Auch Lehrerkonferenzen finden nicht mehr in der Schule statt: Alle schalten sich von zu Hause in die Videokonferenz ein.<\/p>\n\n\n\n<p><strong>Sonntag, 19. April:<\/strong><\/p>\n\n\n\n<p>(Ja, auch sonntags arbeiten Lehrer*innen!) Frau Pasel ist zust\u00e4ndig f\u00fcr das Nachmittagsangebot an der OBS 1. Sie entnimmt der neuen Verf\u00fcgung der Landesregierung die Anweisung, dass Arbeitsgemeinschaften nicht mehr stattfinden k\u00f6nnen. Zitat: \u201eEs finden bis auf Weiteres KEINE AGs mehr statt. Keine. Nada. Null. Egal welchen Inhalts &#8211; ob Singen, Tanzen, Kochen, Stricken oder Klatschen &#8211; gor nix.\u201c<\/p>\n\n\n\n<p><strong>Mittwoch, 15. April:<\/strong><\/p>\n\n\n\n<p>So ein kurzes Schuljahr hatten wohl zuletzt unsere Gro\u00dfeltern. Jedenfalls erinnerten sich einige daran, dass fr\u00fcher (bis in die 1960er Jahre) an Ostern das Schuljahr endete. Bis zu diesem 15. April mussten die Lehrerinnen und Lehrer in diesem Jahr eine Schuljahresnote ermitteln und ins Zeugnisprogramm eintragen. Eigentlich w\u00e4re heute der erste Tag nach den Osterferien gewesen. Ob es dieses Schuljahr noch einmal \u201enormalen\u201c Unterricht gibt? Die Osterferien werden zun\u00e4chst um drei Tage \u201ecoronafrei\u201c verl\u00e4ngert, und auch nach dem n\u00e4chsten Wochenende kommt noch kein Sch\u00fcler wieder zur Schule:<\/p>\n\n\n\n<p><strong><em>\u201eKeine. Nada. Null.\u201c<\/em><\/strong><\/p>\n\n\n\n<p><strong>Freitag, 27. M\u00e4rz:<\/strong> Der \u201eletzte Schultag\u201c vor den Osterferien geht fast spurlos an Sch\u00fclern und Lehrern vor\u00fcber. Die Schulleitung verabschiedet sich in die Ferien &#8211; es gibt nur eine Notbesetzung. Kinder k\u00f6nnten auch in den Ferien in die Notbetreuung gehen, allerdings machen die Eltern der Kinder der OBS 1 Nordenham davon keinen Gebrauch. Die Lehrerinnen und Lehrer haben tageweise Notdienst in der Schule.<\/p>\n\n\n\n<p><strong>Dienstag, 24. M\u00e4rz:<\/strong><\/p>\n\n\n\n<p>Heute w\u00e4ren eigentliche m\u00fcndliche Abschlusspr\u00fcfungen in Englisch f\u00fcr die Zehntkl\u00e4ssler. Der Pr\u00fcfungstermin ist verschoben. Sp\u00e4ter steht auch fest: Die schriftlichen Abschlusspr\u00fcfungen werden ebenfalls verschoben.<\/p>\n\n\n\n<p><strong>Klassenfahrten m\u00fcssen abgesagt werden<\/strong><\/p>\n\n\n\n<p>Es stellt sich heraus: Nicht nur die Abschlusspr\u00fcfungen sind vom Corona-Virus bedroht. Es entfallen auch eine ganze Menge Veranstaltungen: Am schmerzlichsten empfunden wird das Verbot von Klassenfahrten. Die F\u00fcnftkl\u00e4ssler d\u00fcrfen nicht ins Blockhaus Ahlhorn fahren, den Zehntkl\u00e4sslern wird die Bildungsfahrt &#8211; umgangssprachlich auch gerne Abschlussfahrt &#8211; gestrichen. Die Klassenfahrt in das vom Corona-Virus besonders betroffene Italien musste bereits am 12. M\u00e4rz storniert werden, jetzt gilt das Reiseverbot auch f\u00fcr alle anderen Ziele.<\/p>\n\n\n\n<p>F\u00fcr alle Jahrg\u00e4nge entfallen gr\u00f6\u00dfere und kleine Veranstaltungen, etwa die \u201eInfotage Betrieb &amp; Beruf\u201c der 9. Klassen, die Auff\u00fchrung von \u201eRomeo &amp; Julia\u201c von der Musical-AG muss abgesagt werden und die Projektwoche zum Thema \u201eZukunft\u201c entf\u00e4llt f\u00fcr alle Jahrg\u00e4nge.<\/p>\n\n\n\n<p><strong>Montag, 23. M\u00e4rz:<\/strong><\/p>\n\n\n\n<p>Die Bundesregierung und die Ministerpr\u00e4sidenten haben gestern Kontaktbeschr\u00e4nkungen beschlossen. Die bef\u00fcrchteten Ausgangssperren kommen nicht. Unn\u00f6tige Kontakte sollten vermieden werden. Zudem gibt es f\u00fcr bestimmte Gebiete Reise\u2013 und Aufenthaltsbeschr\u00e4nkungen. Jetzt sollen m\u00f6glichst auch alle Lehrkr\u00e4fte zu Hause bleiben.<\/p>\n\n\n\n<p>Damit die Lehrkr\u00e4fte, die in der Kindernotbetreuung arbeiten, trotzdem zur Schule kommen k\u00f6nnen, bekommen sie von der Schulleitung eine Bescheinigung im Falle von Ausgangsbeschr\u00e4nkungen &#8211; ein Brief mit Unterschrift der Schulleitung und Siegel der Schule. Diesen sperrigen Titel hat die Schulleitung f\u00fcr den Schulalltag abgek\u00fcrzt mit \u201ePassierschein A 38\u201c &#8211; eine Anspielung auf einen Band der \u201eAsterix\u201c-Comic\u2013 und Filmreihe.<\/p>\n\n\n\n<p>Im \u201eLockdown\u201c zur Eind\u00e4mmung der Virenausbreitung m\u00fcssen m\u00f6glichst alle Menschen in ihrem Zuhause bleiben. Viele Gruppen im Internet erstellen Bildcollagen und wollen so dazu aufrufen, die Regeln einzuhalten. Auch einige Lehrerinnen und Lehrer der Schule erstellen so eine Collage und stellen sie ins Internet und in soziale Medien.<\/p>\n\n\n\n<p><strong>Montag, 16. M\u00e4rz:<\/strong><\/p>\n\n\n\n<p>Erster schulfreier Tag \/ \u201eCorona-ferien\u201c.&nbsp; Anders als Freitag viele Lehrerinnen und Lehrer angek\u00fcndigt haben, sind die Aufgaben des h\u00e4uslichen Lernens (noch nicht) verpflichtend.<\/p>\n\n\n\n<p>In der Schule ist jetzt immer nur jemand von der Schulleitung, ein paar p\u00e4dagogische Mitarbeiter und Verwaltungskr\u00e4fte sowie einige Lehrkr\u00e4fte, die die Notbetreuung \u00fcbernehmen. In der Notbetreuung sind Sch\u00fclerinnen und Sch\u00fcler, deren Eltern in \u201esystemrelevanten Berufen\u201c sind, zum Beispiel Krankenschwestern oder \u00c4rzte, aber auch alleinerziehende M\u00fctter, die in Superm\u00e4rkten Sonderschichten arbeiten m\u00fcssen (um Klopapier nachzuf\u00fcllen).<\/p>\n\n\n\n<p>Die \u00fcbrigen Lehrerinnen und Lehrer m\u00fcssen \u00fcbrigens auch \u201eHausaufgaben\u201c machen: schulinterne Arbeitspl\u00e4ne aktualisieren, F\u00f6rderpl\u00e4ne f\u00fcr die Kinder schreiben und Materialsammlungen \u00fcberarbeiten. Einige sind auch in der Schule, r\u00e4umen den \u201eKartenraum\u201c oder die Lehrerb\u00fccherei auf, bringen Updates auf die Sch\u00fclercomputer oder sortieren den total chaotischen Theaterkost\u00fcmfundus. Am Ende der Woche stellt Hausmeister Hergen Brun\u00dfen fest: \u201eSo aufger\u00e4umt war die Schule noch nie.\u201c<\/p>\n\n\n\n<p><strong><em>Passierschein A 38<\/em><\/strong><\/p>\n\n\n\n<p>informelle Bezeichnung der Bescheinigung f\u00fcr Lehrkr\u00e4fte<\/p>\n\n\n\n<p><strong>Freitag, 13. M\u00e4rz:<\/strong><\/p>\n\n\n\n<p>Auch wenn noch nichts offiziell ist, die Nachrichtenlage verdichtet sich. Viele Lehrer lassen am Freitagmorgen in der Klassenlehrerzeit die Sch\u00fclerinnen und Sch\u00fcler vorsorglich alle B\u00fccher aus dem Fach im Klassenraum mit nach Hause nehmen.<\/p>\n\n\n\n<p>Zu Beginn der zweiten Pause kommt die Durchsage: \u201eAlle Lehrer, die nicht Aufsicht f\u00fchren, bitte ins Lehrerzimmer\u201c (siehe Bild unten S. 25). Die Schulleitung informiert: Ab Montag schlie\u00dft die Schule, der Unterricht wird ins Internet verlagert. Im dritten Unterrichtsblock geben die Lehrkr\u00e4fte die Information an die Sch\u00fclerinnen und Sch\u00fcler weiter &#8211; und eine Reihe von Aufgaben auf.<\/p>\n\n\n\n<p><strong>Donnerstag, 12. M\u00e4rz:<\/strong><\/p>\n\n\n\n<p>Erste Ger\u00fcchte kommen auf: Die Schule ist ab morgen zu! Die Internetseiten, die Schulausfall bekanntgegeben, sind schnell \u00fcberlastet. Ein Radiosender prescht mit der Nachricht vor; das Kultusministerium schweigt noch.<\/p>\n","protected":false},"excerpt":{"rendered":"<p>Die Redaktion von ABER HALLO hat die Ereignisse rund um die Corona-Pandemie und die Einschr\u00e4nkungen f\u00fcr den Schulbetrieb zusammengetragen. Die Redaktion von aberhallo.news erg\u00e4nzt diesen Artikel um immer neue Entwicklungen. Dies ist aber ein journalistischer Beitrag, aktuell g\u00fcltige Auflagen etc. sind bitte der offiziellen Homepage der Schule zu entnehmen. Die Ereignisse im \u00dcberblick: Mittwoch, 20&#8230;.<\/p>\n","protected":false},"author":1,"featured_media":4760,"comment_status":"open","ping_status":"open","sticky":false,"template":"","format":"standard","meta":{"jetpack_post_was_ever_published":false,"_jetpack_newsletter_access":"","_jetpack_dont_email_post_to_subs":false,"_jetpack_newsletter_tier_id":0,"_jetpack_memberships_contains_paywalled_content":false,"_jetpack_memberships_contains_paid_content":false,"footnotes":"","jetpack_publicize_message":"","jetpack_publicize_feature_enabled":true,"jetpack_social_post_already_shared":true,"jetpack_social_options":{"image_generator_settings":{"template":"highway","default_image_id":0,"font":"","enabled":false},"version":2}},"categories":[9],"tags":[240],"class_list":["post-4753","post","type-post","status-publish","format-standard","has-post-thumbnail","hentry","category-aber-hallo-textet","tag-corona","loop-entry clr"],"jetpack_publicize_connections":[],"jetpack_featured_media_url":"https:\/\/i0.wp.com\/www.aberhallo.news\/news\/wp-content\/uploads\/2020\/11\/desinfektion.jpg?fit=600%2C400&ssl=1","jetpack_sharing_enabled":true,"jetpack_shortlink":"https:\/\/wp.me\/p83yhZ-1eF","jetpack-related-posts":[],"_links":{"self":[{"href":"https:\/\/www.aberhallo.news\/news\/wp-json\/wp\/v2\/posts\/4753","targetHints":{"allow":["GET"]}}],"collection":[{"href":"https:\/\/www.aberhallo.news\/news\/wp-json\/wp\/v2\/posts"}],"about":[{"href":"https:\/\/www.aberhallo.news\/news\/wp-json\/wp\/v2\/types\/post"}],"author":[{"embeddable":true,"href":"https:\/\/www.aberhallo.news\/news\/wp-json\/wp\/v2\/users\/1"}],"replies":[{"embeddable":true,"href":"https:\/\/www.aberhallo.news\/news\/wp-json\/wp\/v2\/comments?post=4753"}],"version-history":[{"count":24,"href":"https:\/\/www.aberhallo.news\/news\/wp-json\/wp\/v2\/posts\/4753\/revisions"}],"predecessor-version":[{"id":5920,"href":"https:\/\/www.aberhallo.news\/news\/wp-json\/wp\/v2\/posts\/4753\/revisions\/5920"}],"wp:featuredmedia":[{"embeddable":true,"href":"https:\/\/www.aberhallo.news\/news\/wp-json\/wp\/v2\/media\/4760"}],"wp:attachment":[{"href":"https:\/\/www.aberhallo.news\/news\/wp-json\/wp\/v2\/media?parent=4753"}],"wp:term":[{"taxonomy":"category","embeddable":true,"href":"https:\/\/www.aberhallo.news\/news\/wp-json\/wp\/v2\/categories?post=4753"},{"taxonomy":"post_tag","embeddable":true,"href":"https:\/\/www.aberhallo.news\/news\/wp-json\/wp\/v2\/tags?post=4753"}],"curies":[{"name":"wp","href":"https:\/\/api.w.org\/{rel}","templated":true}]}}