{"id":4740,"date":"2020-11-05T14:53:40","date_gmt":"2020-11-05T13:53:40","guid":{"rendered":"http:\/\/www.aberhallo.news\/news\/?p=4740"},"modified":"2020-11-05T14:54:02","modified_gmt":"2020-11-05T13:54:02","slug":"der-anschlag-des-02-11-2020","status":"publish","type":"post","link":"https:\/\/www.aberhallo.news\/news\/der-anschlag-des-02-11-2020\/","title":{"rendered":"Der Anschlag des 02.11.2020"},"content":{"rendered":"\n<p>Sch\u00fcsse fallen in der Wiener Innenstadt. Ein schwer bewaffneter Attent\u00e4ter hat in dem 1. Bezirk mehrere Sch\u00fcsse in Mengen von Passanten abgegeben. Laut Bericht der Polizei sind bei dem Anschlag vier Menschen ums Leben gekommen und 15 weitere, darunter ein Polizist, wurden verletzt, einige schweben in Lebensgefahr. Der Attent\u00e4ter ist der terroristischen Organisation &#8222;Islamischer Staat&#8220; zuzuschreiben, welche dies auch best\u00e4tigt hat.<\/p>\n\n\n\n<p>Die MMA (Mixed Martial Arts) K\u00e4mpfer Mikhail \u00d6zen und Recep Tayyip G\u00fcltekin waren Vorort. Die Beiden wollten vor dem Lockdown noch einmal Kaffee trinken, als die Sch\u00fcsse fielen. Sie retten eine \u00e4ltere Dame und einen Polizisten aus dem Kugelhagel. Sie beide sind die Helden der Wiener Terrornacht.<\/p>\n\n\n\n<p>Die Redaktion gedenkt der Verstorbenen und hofft auf die  Genesung der Verletzten.<\/p>\n\n\n\n<p class=\"has-text-align-right\">| Text: Niclas K\u00fchn, Kl. 10b |<\/p>\n","protected":false},"excerpt":{"rendered":"<p>Sch\u00fcsse fallen in der Wiener Innenstadt. Ein schwer bewaffneter Attent\u00e4ter hat in dem 1. Bezirk mehrere Sch\u00fcsse in Mengen von Passanten abgegeben. Laut Bericht der Polizei sind bei dem Anschlag vier Menschen ums Leben gekommen und 15 weitere, darunter ein Polizist, wurden verletzt, einige schweben in Lebensgefahr. Der Attent\u00e4ter ist der terroristischen Organisation &#8222;Islamischer Staat&#8220;&#8230;<\/p>\n","protected":false},"author":14,"featured_media":4751,"comment_status":"open","ping_status":"open","sticky":false,"template":"","format":"standard","meta":{"jetpack_post_was_ever_published":false,"_jetpack_newsletter_access":"","_jetpack_dont_email_post_to_subs":false,"_jetpack_newsletter_tier_id":0,"_jetpack_memberships_contains_paywalled_content":false,"_jetpack_memberships_contains_paid_content":false,"footnotes":"","jetpack_publicize_message":"","jetpack_publicize_feature_enabled":true,"jetpack_social_post_already_shared":true,"jetpack_social_options":{"image_generator_settings":{"template":"highway","default_image_id":0,"font":"","enabled":false},"version":2}},"categories":[1],"tags":[245,244,243],"class_list":["post-4740","post","type-post","status-publish","format-standard","has-post-thumbnail","hentry","category-allgemein","tag-anschlag","tag-terror","tag-wien","loop-entry clr"],"jetpack_publicize_connections":[],"jetpack_featured_media_url":"https:\/\/i0.wp.com\/www.aberhallo.news\/news\/wp-content\/uploads\/2020\/11\/PrayForVienna-05-11-2020.png?fit=600%2C400&ssl=1","jetpack_sharing_enabled":true,"jetpack_shortlink":"https:\/\/wp.me\/p83yhZ-1es","jetpack-related-posts":[],"_links":{"self":[{"href":"https:\/\/www.aberhallo.news\/news\/wp-json\/wp\/v2\/posts\/4740","targetHints":{"allow":["GET"]}}],"collection":[{"href":"https:\/\/www.aberhallo.news\/news\/wp-json\/wp\/v2\/posts"}],"about":[{"href":"https:\/\/www.aberhallo.news\/news\/wp-json\/wp\/v2\/types\/post"}],"author":[{"embeddable":true,"href":"https:\/\/www.aberhallo.news\/news\/wp-json\/wp\/v2\/users\/14"}],"replies":[{"embeddable":true,"href":"https:\/\/www.aberhallo.news\/news\/wp-json\/wp\/v2\/comments?post=4740"}],"version-history":[{"count":2,"href":"https:\/\/www.aberhallo.news\/news\/wp-json\/wp\/v2\/posts\/4740\/revisions"}],"predecessor-version":[{"id":4750,"href":"https:\/\/www.aberhallo.news\/news\/wp-json\/wp\/v2\/posts\/4740\/revisions\/4750"}],"wp:featuredmedia":[{"embeddable":true,"href":"https:\/\/www.aberhallo.news\/news\/wp-json\/wp\/v2\/media\/4751"}],"wp:attachment":[{"href":"https:\/\/www.aberhallo.news\/news\/wp-json\/wp\/v2\/media?parent=4740"}],"wp:term":[{"taxonomy":"category","embeddable":true,"href":"https:\/\/www.aberhallo.news\/news\/wp-json\/wp\/v2\/categories?post=4740"},{"taxonomy":"post_tag","embeddable":true,"href":"https:\/\/www.aberhallo.news\/news\/wp-json\/wp\/v2\/tags?post=4740"}],"curies":[{"name":"wp","href":"https:\/\/api.w.org\/{rel}","templated":true}]}}