{"id":4713,"date":"2020-10-10T09:38:03","date_gmt":"2020-10-10T07:38:03","guid":{"rendered":"http:\/\/www.aberhallo.news\/news\/?p=4713"},"modified":"2020-10-10T09:40:32","modified_gmt":"2020-10-10T07:40:32","slug":"ab-jetzt-zwei-schuelersprecherinnen","status":"publish","type":"post","link":"https:\/\/www.aberhallo.news\/news\/ab-jetzt-zwei-schuelersprecherinnen\/","title":{"rendered":"Ab jetzt: Zwei Sch\u00fclersprecher*innen"},"content":{"rendered":"\n<p>In der ersten Sitzung des Sch\u00fclerrates (SR) beschlossen die Klassenvertreter*innen eine \u00c4nderung: Ab diesem Schuljahr gibt es zwei Sch\u00fclersprecher*innen. Sie teilen sich ihre Aufgabe und sprechen jeweils f\u00fcr drei Jahrg\u00e4nge: Lisa Stenger wurde zur Sch\u00fclersprecherin der Jahrg\u00e4nge 5 bis 7 gew\u00e4hlt, Max Carstens zum Sch\u00fclersprecher der Jahrg\u00e4nge 8 bis 10.<\/p>\n\n\n\n<p>Mit dieser Aufteilung haben andere Schulen im Landkreis Wesermarsch bereits gute Erfahrungen gemacht. Das berichtete Herr Lange, der als SV-Lehrer die Sch\u00fclervertretung begleitet. Er trifft sich zudem mit anderen SV-Lehrern aus dem ganzen Landkreis im Kreishaus in Brake. Auf Anregung einer Klassensprecherin haben die beiden Sch\u00fclersprecher jeweils eine Stellvertretung: Yasin Kaya ist stellvertretender Sch\u00fclersprecher f\u00fcr die j\u00fcngeren Jahrg\u00e4nge, Madlen Sloma f\u00fcr die \u00e4lteren Klassen.<\/p>\n\n\n\n<p>Die Sch\u00fclersprecher bilden zusammen mit den Jahrgangssprechern die Sch\u00fclervertretung (SV). Die SV trifft sich alle 14 Tage montags um 13 Uhr im Multimediapool der Schule. Jahrgangssprecher sind Luc Min\u00dfen (5), Yasin Kaya (6), Priscilla Gutmann (7), Ida Buchholz (9) und Leonie Poppe (10). Der Jahrgangssprecher f\u00fcr Jahrgang 8 muss noch gew\u00e4hlt werden, weil in der Sch\u00fclerratssitzung vier von f\u00fcnf Klassensprechern aus dem 8. Jahrgang fehlten.<\/p>\n","protected":false},"excerpt":{"rendered":"<p>In der ersten Sitzung des Sch\u00fclerrates (SR) beschlossen die Klassenvertreter*innen eine \u00c4nderung: Ab diesem Schuljahr gibt es zwei Sch\u00fclersprecher*innen. Sie teilen sich ihre Aufgabe und sprechen jeweils f\u00fcr drei Jahrg\u00e4nge: Lisa Stenger wurde zur Sch\u00fclersprecherin der Jahrg\u00e4nge 5 bis 7 gew\u00e4hlt, Max Carstens zum Sch\u00fclersprecher der Jahrg\u00e4nge 8 bis 10. Mit dieser Aufteilung haben andere&#8230;<\/p>\n","protected":false},"author":1,"featured_media":4715,"comment_status":"open","ping_status":"open","sticky":false,"template":"","format":"standard","meta":{"jetpack_post_was_ever_published":false,"_jetpack_newsletter_access":"","_jetpack_dont_email_post_to_subs":false,"_jetpack_newsletter_tier_id":0,"_jetpack_memberships_contains_paywalled_content":false,"_jetpack_memberships_contains_paid_content":false,"footnotes":"","jetpack_publicize_message":"","jetpack_publicize_feature_enabled":true,"jetpack_social_post_already_shared":true,"jetpack_social_options":{"image_generator_settings":{"template":"highway","default_image_id":0,"font":"","enabled":false},"version":2}},"categories":[9,6],"tags":[107,18],"class_list":["post-4713","post","type-post","status-publish","format-standard","has-post-thumbnail","hentry","category-aber-hallo-textet","category-aus-der-schule","tag-schuelervertretung","tag-sv","loop-entry clr"],"jetpack_publicize_connections":[],"jetpack_featured_media_url":"https:\/\/i0.wp.com\/www.aberhallo.news\/news\/wp-content\/uploads\/2020\/10\/wahl.jpg?fit=1920%2C1280&ssl=1","jetpack_sharing_enabled":true,"jetpack_shortlink":"https:\/\/wp.me\/p83yhZ-1e1","jetpack-related-posts":[],"_links":{"self":[{"href":"https:\/\/www.aberhallo.news\/news\/wp-json\/wp\/v2\/posts\/4713","targetHints":{"allow":["GET"]}}],"collection":[{"href":"https:\/\/www.aberhallo.news\/news\/wp-json\/wp\/v2\/posts"}],"about":[{"href":"https:\/\/www.aberhallo.news\/news\/wp-json\/wp\/v2\/types\/post"}],"author":[{"embeddable":true,"href":"https:\/\/www.aberhallo.news\/news\/wp-json\/wp\/v2\/users\/1"}],"replies":[{"embeddable":true,"href":"https:\/\/www.aberhallo.news\/news\/wp-json\/wp\/v2\/comments?post=4713"}],"version-history":[{"count":1,"href":"https:\/\/www.aberhallo.news\/news\/wp-json\/wp\/v2\/posts\/4713\/revisions"}],"predecessor-version":[{"id":4714,"href":"https:\/\/www.aberhallo.news\/news\/wp-json\/wp\/v2\/posts\/4713\/revisions\/4714"}],"wp:featuredmedia":[{"embeddable":true,"href":"https:\/\/www.aberhallo.news\/news\/wp-json\/wp\/v2\/media\/4715"}],"wp:attachment":[{"href":"https:\/\/www.aberhallo.news\/news\/wp-json\/wp\/v2\/media?parent=4713"}],"wp:term":[{"taxonomy":"category","embeddable":true,"href":"https:\/\/www.aberhallo.news\/news\/wp-json\/wp\/v2\/categories?post=4713"},{"taxonomy":"post_tag","embeddable":true,"href":"https:\/\/www.aberhallo.news\/news\/wp-json\/wp\/v2\/tags?post=4713"}],"curies":[{"name":"wp","href":"https:\/\/api.w.org\/{rel}","templated":true}]}}