{"id":4539,"date":"2020-02-27T14:21:43","date_gmt":"2020-02-27T13:21:43","guid":{"rendered":"http:\/\/www.aberhallo.news\/news\/?p=4539"},"modified":"2020-02-27T14:21:48","modified_gmt":"2020-02-27T13:21:48","slug":"elternsprechtag","status":"publish","type":"post","link":"https:\/\/www.aberhallo.news\/news\/elternsprechtag\/","title":{"rendered":"Elternsprechtag"},"content":{"rendered":"\n<p>Der n\u00e4chste Elternsprechtag ist am Dienstag, 10. M\u00e4rz. Eltern der Sch\u00fclerinnen und Sch\u00fcler aller Klassen sind eingeladen, im Vorfeld Termine mit den Lehrkr\u00e4ften abzusprechen. Daf\u00fcr haben die Sch\u00fclerinnen und Sch\u00fcler bereits &#8222;Laufzettel&#8220; f\u00fcr den Elternsprechtag bekommen.<\/p>\n\n\n\n<p>Zur \u00dcberbr\u00fcckung von Wartezeiten zwischen den Terminen wird in der Mensa der Schule ein Caf\u00e9 eingerichtet. Zudem gibt es im Spiel- und Ruheraum eine Kinderbetreuung, die von Sch\u00fclerinnen und Sch\u00fclern aus den 10. Klassen und den FSJlern organisiert wird.<\/p>\n\n\n\n<p>Des Weiteren stehen den Eltern Frau Francksen von den WeserMarschMellows von 16 bis 18 Uhr im Raum 1.011 f\u00fcr Gespr\u00e4che f\u00fcr Familien mit Sorgen bez\u00fcglich Schuleschw\u00e4nzen zur Verf\u00fcgung. Termine hierf\u00fcr k\u00f6nnen auch \u00fcber das Schulsekretariat vereinbart werden.<br><\/p>\n\n\n\n<p>Herr Schiwy von der Bundesagentur f\u00fcr Arbeit steht bei Fragen zur Berufs- und Ausbildungswahl in Raum 103 (Hafenschule) zur Verf\u00fcgung.<\/p>\n\n\n\n<p style=\"text-align:right\">| Information der Schulleitung |<\/p>\n","protected":false},"excerpt":{"rendered":"<p>Der n\u00e4chste Elternsprechtag ist am Dienstag, 10. M\u00e4rz. Eltern der Sch\u00fclerinnen und Sch\u00fcler aller Klassen sind eingeladen, im Vorfeld Termine mit den Lehrkr\u00e4ften abzusprechen. Daf\u00fcr haben die Sch\u00fclerinnen und Sch\u00fcler bereits &#8222;Laufzettel&#8220; f\u00fcr den Elternsprechtag bekommen. Zur \u00dcberbr\u00fcckung von Wartezeiten zwischen den Terminen wird in der Mensa der Schule ein Caf\u00e9 eingerichtet. Zudem gibt es&#8230;<\/p>\n","protected":false},"author":1,"featured_media":4547,"comment_status":"open","ping_status":"open","sticky":false,"template":"","format":"standard","meta":{"jetpack_post_was_ever_published":false,"_jetpack_newsletter_access":"","_jetpack_dont_email_post_to_subs":false,"_jetpack_newsletter_tier_id":0,"_jetpack_memberships_contains_paywalled_content":false,"_jetpack_memberships_contains_paid_content":false,"footnotes":"","jetpack_publicize_message":"","jetpack_publicize_feature_enabled":true,"jetpack_social_post_already_shared":true,"jetpack_social_options":{"image_generator_settings":{"template":"highway","default_image_id":0,"font":"","enabled":false},"version":2}},"categories":[9,6],"tags":[236],"class_list":["post-4539","post","type-post","status-publish","format-standard","has-post-thumbnail","hentry","category-aber-hallo-textet","category-aus-der-schule","tag-elternsprechtag","loop-entry clr"],"jetpack_publicize_connections":[],"jetpack_featured_media_url":"https:\/\/i0.wp.com\/www.aberhallo.news\/news\/wp-content\/uploads\/2020\/02\/elternsprechtag.jpg?fit=600%2C450&ssl=1","jetpack_sharing_enabled":true,"jetpack_shortlink":"https:\/\/wp.me\/p83yhZ-1bd","jetpack-related-posts":[],"_links":{"self":[{"href":"https:\/\/www.aberhallo.news\/news\/wp-json\/wp\/v2\/posts\/4539","targetHints":{"allow":["GET"]}}],"collection":[{"href":"https:\/\/www.aberhallo.news\/news\/wp-json\/wp\/v2\/posts"}],"about":[{"href":"https:\/\/www.aberhallo.news\/news\/wp-json\/wp\/v2\/types\/post"}],"author":[{"embeddable":true,"href":"https:\/\/www.aberhallo.news\/news\/wp-json\/wp\/v2\/users\/1"}],"replies":[{"embeddable":true,"href":"https:\/\/www.aberhallo.news\/news\/wp-json\/wp\/v2\/comments?post=4539"}],"version-history":[{"count":1,"href":"https:\/\/www.aberhallo.news\/news\/wp-json\/wp\/v2\/posts\/4539\/revisions"}],"predecessor-version":[{"id":4540,"href":"https:\/\/www.aberhallo.news\/news\/wp-json\/wp\/v2\/posts\/4539\/revisions\/4540"}],"wp:featuredmedia":[{"embeddable":true,"href":"https:\/\/www.aberhallo.news\/news\/wp-json\/wp\/v2\/media\/4547"}],"wp:attachment":[{"href":"https:\/\/www.aberhallo.news\/news\/wp-json\/wp\/v2\/media?parent=4539"}],"wp:term":[{"taxonomy":"category","embeddable":true,"href":"https:\/\/www.aberhallo.news\/news\/wp-json\/wp\/v2\/categories?post=4539"},{"taxonomy":"post_tag","embeddable":true,"href":"https:\/\/www.aberhallo.news\/news\/wp-json\/wp\/v2\/tags?post=4539"}],"curies":[{"name":"wp","href":"https:\/\/api.w.org\/{rel}","templated":true}]}}