{"id":4502,"date":"2020-02-14T09:14:40","date_gmt":"2020-02-14T08:14:40","guid":{"rendered":"http:\/\/www.aberhallo.news\/news\/?p=4502"},"modified":"2020-02-14T09:14:47","modified_gmt":"2020-02-14T08:14:47","slug":"noch-plaetze-in-der-werder-ag","status":"publish","type":"post","link":"https:\/\/www.aberhallo.news\/news\/noch-plaetze-in-der-werder-ag\/","title":{"rendered":"Noch Pl\u00e4tze in der &#8222;Werder-AG&#8220;"},"content":{"rendered":"\n<p>F\u00fcr den Rest des Schuljahres haben sich aufgrund des Halbjahreswechsels noch Pl\u00e4tze in der Werder-AG ergeben. Aufgrund der Zusammensetzung der AG k\u00f6nnen nur Sch\u00fcler ab dem Jahrgang 2006 teilnehmen.<\/p>\n\n\n\n<p>Wer also an der AG teilnehmen m\u00f6chte, muss sich bei Herrn Kreikebohm per Email oder pers\u00f6nlich melden. Die Werder-AG kann auch&nbsp;freiwillig als&nbsp;zus\u00e4tzliche AG gew\u00e4hlt werden.<\/p>\n\n\n\n<h4 class=\"wp-block-heading\">Schnupperstunde<\/h4>\n\n\n\n<p>Wer sich die AG erst einmal anschauen m\u00f6chte, kann sich f\u00fcr diesen oder n\u00e4chsten Freitag anmelden (Pl\u00e4tze sind begrenzt!). Die AG findet immer freitags auf der Sportanlage Plaatweg statt. Wichtig ist, dass die Sch\u00fclerinnen und Sch\u00fcler&nbsp;verl\u00e4sslich an der AG teilnehmen.<\/p>\n\n\n\n<p>Die Werder-AG wird n\u00e4chstest Schuljahr aufgrund des Werder Schul-Cups f\u00fcr die j\u00fcngeren Jahrg\u00e4nge (2008 und j\u00fcnger) ge\u00f6ffnet, denn da d\u00fcrfen n\u00e4chstes Jahr nur die Jahrg\u00e4nge 2008-2010 teilnehmen. Das Auswahlverfahren l\u00e4uft wie folgt: Sch\u00fclerInnen und Sch\u00fcler mit einem Sozialverhalten von mindestens C bewerben sich mit einer Email bei Herrn Kreikebohm. Je nach Anmeldungen erfolgt die Auswahl dann nach Geschlecht (M\u00e4dchen und Jungen zu gleichen anteilen), Arbeits- und Sozialverhalten und schlussendlich mit einem Losverfahren. Es k\u00f6nnen auch Kinder mit wenig Fu\u00dfballerfahrung teilnehmen.<\/p>\n\n\n\n<p>&#8222;Wie ihr gerade live erleben m\u00fcsst, braucht Werder dringend motivierte Fu\u00dfballer aus der Region, also Fu\u00dfballschuhe schnappen und den Profis zeigen, was Einsatz ist!&#8220; so Herr Kreikebohm (ein Werder-Fan).<\/p>\n\n\n\n<p style=\"text-align:right\">| Text: Hussein Jaber, Kl. 7b |<\/p>\n","protected":false},"excerpt":{"rendered":"<p>F\u00fcr den Rest des Schuljahres haben sich aufgrund des Halbjahreswechsels noch Pl\u00e4tze in der Werder-AG ergeben. Aufgrund der Zusammensetzung der AG k\u00f6nnen nur Sch\u00fcler ab dem Jahrgang 2006 teilnehmen. Wer also an der AG teilnehmen m\u00f6chte, muss sich bei Herrn Kreikebohm per Email oder pers\u00f6nlich melden. Die Werder-AG kann auch&nbsp;freiwillig als&nbsp;zus\u00e4tzliche AG gew\u00e4hlt werden. Schnupperstunde&#8230;<\/p>\n","protected":false},"author":14,"featured_media":0,"comment_status":"open","ping_status":"open","sticky":false,"template":"","format":"standard","meta":{"jetpack_post_was_ever_published":false,"_jetpack_newsletter_access":"","_jetpack_dont_email_post_to_subs":false,"_jetpack_newsletter_tier_id":0,"_jetpack_memberships_contains_paywalled_content":false,"_jetpack_memberships_contains_paid_content":false,"footnotes":"","jetpack_publicize_message":"","jetpack_publicize_feature_enabled":true,"jetpack_social_post_already_shared":true,"jetpack_social_options":{"image_generator_settings":{"template":"highway","default_image_id":0,"font":"","enabled":false},"version":2}},"categories":[4],"tags":[235],"class_list":["post-4502","post","type-post","status-publish","format-standard","hentry","category-rund-um-den-sport","tag-werder","no-featured-image","loop-entry clr"],"jetpack_publicize_connections":[],"jetpack_featured_media_url":"","jetpack_sharing_enabled":true,"jetpack_shortlink":"https:\/\/wp.me\/p83yhZ-1aC","jetpack-related-posts":[],"_links":{"self":[{"href":"https:\/\/www.aberhallo.news\/news\/wp-json\/wp\/v2\/posts\/4502","targetHints":{"allow":["GET"]}}],"collection":[{"href":"https:\/\/www.aberhallo.news\/news\/wp-json\/wp\/v2\/posts"}],"about":[{"href":"https:\/\/www.aberhallo.news\/news\/wp-json\/wp\/v2\/types\/post"}],"author":[{"embeddable":true,"href":"https:\/\/www.aberhallo.news\/news\/wp-json\/wp\/v2\/users\/14"}],"replies":[{"embeddable":true,"href":"https:\/\/www.aberhallo.news\/news\/wp-json\/wp\/v2\/comments?post=4502"}],"version-history":[{"count":2,"href":"https:\/\/www.aberhallo.news\/news\/wp-json\/wp\/v2\/posts\/4502\/revisions"}],"predecessor-version":[{"id":4517,"href":"https:\/\/www.aberhallo.news\/news\/wp-json\/wp\/v2\/posts\/4502\/revisions\/4517"}],"wp:attachment":[{"href":"https:\/\/www.aberhallo.news\/news\/wp-json\/wp\/v2\/media?parent=4502"}],"wp:term":[{"taxonomy":"category","embeddable":true,"href":"https:\/\/www.aberhallo.news\/news\/wp-json\/wp\/v2\/categories?post=4502"},{"taxonomy":"post_tag","embeddable":true,"href":"https:\/\/www.aberhallo.news\/news\/wp-json\/wp\/v2\/tags?post=4502"}],"curies":[{"name":"wp","href":"https:\/\/api.w.org\/{rel}","templated":true}]}}