{"id":4104,"date":"2019-09-26T14:54:30","date_gmt":"2019-09-26T12:54:30","guid":{"rendered":"http:\/\/www.aberhallo.news\/news\/?p=4104"},"modified":"2019-09-26T15:03:31","modified_gmt":"2019-09-26T13:03:31","slug":"was-machen-die-mit-unserem-dach","status":"publish","type":"post","link":"https:\/\/www.aberhallo.news\/news\/was-machen-die-mit-unserem-dach\/","title":{"rendered":"Was machen die mit unserem Dach?"},"content":{"rendered":"\n<p>Seit den Sommerferien 2019 ist ein gro\u00dfes Ger\u00fcst rund um das Geb\u00e4ude 5 aufgebaut. Das Ger\u00fcst ist da, weil das alte Dach erneuert und ged\u00e4mmt wird. <\/p>\n\n\n\n<p>Das Dach wird erneuert, weil es schon \u00fcber 40 Jahre alt ist. Es war nicht mehr dicht und Regenwasser konnte durchdringen. Fr\u00fcher wurde das Wasser mithilfe von R\u00f6hren im Inneren des Geb\u00e4udes weggeleitet, berichtete Hausmeister Hergen Brun\u00dfen. Jetzt wird eine Regenrinne an das Geb\u00e4ude gebaut, damit das Wasser au\u00dfen wegflie\u00dfen kann. Au\u00dferdem wird das Dach jetzt noch ged\u00e4mmt, damit es im Winter w\u00e4rmer ist.<\/p>\n\n\n\n<p style=\"text-align:right\">| Text und Bild: Elias Hellmund, Kl. 10b | <\/p>\n","protected":false},"excerpt":{"rendered":"<p>Seit den Sommerferien 2019 ist ein gro\u00dfes Ger\u00fcst rund um das Geb\u00e4ude 5 aufgebaut. Das Ger\u00fcst ist da, weil das alte Dach erneuert und ged\u00e4mmt wird. Das Dach wird erneuert, weil es schon \u00fcber 40 Jahre alt ist. Es war nicht mehr dicht und Regenwasser konnte durchdringen. Fr\u00fcher wurde das Wasser mithilfe von R\u00f6hren im&#8230;<\/p>\n","protected":false},"author":1,"featured_media":4105,"comment_status":"open","ping_status":"open","sticky":false,"template":"","format":"standard","meta":{"jetpack_post_was_ever_published":false,"_jetpack_newsletter_access":"","_jetpack_dont_email_post_to_subs":false,"_jetpack_newsletter_tier_id":0,"_jetpack_memberships_contains_paywalled_content":false,"_jetpack_memberships_contains_paid_content":false,"footnotes":"","jetpack_publicize_message":"","jetpack_publicize_feature_enabled":true,"jetpack_social_post_already_shared":true,"jetpack_social_options":{"image_generator_settings":{"template":"highway","default_image_id":0,"font":"","enabled":false},"version":2}},"categories":[6],"tags":[215],"class_list":["post-4104","post","type-post","status-publish","format-standard","has-post-thumbnail","hentry","category-aus-der-schule","tag-bau","loop-entry clr"],"jetpack_publicize_connections":[],"jetpack_featured_media_url":"https:\/\/i0.wp.com\/www.aberhallo.news\/news\/wp-content\/uploads\/2019\/09\/Dach-2.jpeg?fit=600%2C298&ssl=1","jetpack_sharing_enabled":true,"jetpack_shortlink":"https:\/\/wp.me\/p83yhZ-14c","jetpack-related-posts":[],"_links":{"self":[{"href":"https:\/\/www.aberhallo.news\/news\/wp-json\/wp\/v2\/posts\/4104","targetHints":{"allow":["GET"]}}],"collection":[{"href":"https:\/\/www.aberhallo.news\/news\/wp-json\/wp\/v2\/posts"}],"about":[{"href":"https:\/\/www.aberhallo.news\/news\/wp-json\/wp\/v2\/types\/post"}],"author":[{"embeddable":true,"href":"https:\/\/www.aberhallo.news\/news\/wp-json\/wp\/v2\/users\/1"}],"replies":[{"embeddable":true,"href":"https:\/\/www.aberhallo.news\/news\/wp-json\/wp\/v2\/comments?post=4104"}],"version-history":[{"count":4,"href":"https:\/\/www.aberhallo.news\/news\/wp-json\/wp\/v2\/posts\/4104\/revisions"}],"predecessor-version":[{"id":4116,"href":"https:\/\/www.aberhallo.news\/news\/wp-json\/wp\/v2\/posts\/4104\/revisions\/4116"}],"wp:featuredmedia":[{"embeddable":true,"href":"https:\/\/www.aberhallo.news\/news\/wp-json\/wp\/v2\/media\/4105"}],"wp:attachment":[{"href":"https:\/\/www.aberhallo.news\/news\/wp-json\/wp\/v2\/media?parent=4104"}],"wp:term":[{"taxonomy":"category","embeddable":true,"href":"https:\/\/www.aberhallo.news\/news\/wp-json\/wp\/v2\/categories?post=4104"},{"taxonomy":"post_tag","embeddable":true,"href":"https:\/\/www.aberhallo.news\/news\/wp-json\/wp\/v2\/tags?post=4104"}],"curies":[{"name":"wp","href":"https:\/\/api.w.org\/{rel}","templated":true}]}}