{"id":3907,"date":"2019-05-23T14:23:33","date_gmt":"2019-05-23T12:23:33","guid":{"rendered":"http:\/\/www.aberhallo.news\/news\/?p=3907"},"modified":"2019-05-23T14:23:37","modified_gmt":"2019-05-23T12:23:37","slug":"feedback-zum-muellerpraktikum-1900","status":"publish","type":"post","link":"https:\/\/www.aberhallo.news\/news\/feedback-zum-muellerpraktikum-1900\/","title":{"rendered":"Feedback zum &#8222;M\u00fcllerpraktikum 1900&#8220;"},"content":{"rendered":"\n<p>Ich fand das Arbeiten drau\u00dfen am besten. Was mich nicht so angesprochen hat, war das Bearbeiten der Arbeitsbl\u00e4tter zum Thema Schafswolle. Das war ziemlich langweilig. Ich fand das Arbeiten drau\u00dfen gut, weil man da lernt, dass das Leben nicht so einfach ist, wie man denkt.<\/p>\n\n\n\n<p style=\"text-align:right\">Manuel Mischewski, Kl. 8a<\/p>\n\n\n\n<hr class=\"wp-block-separator\"\/>\n\n\n\n<p>Ich fand gut, dass wir viel drau\u00dfen waren und nicht nur die Schulbank dr\u00fccken mussten. Es hat immer viel Spa\u00df gemacht und ich fand es ging echt mega schnell um.<\/p>\n\n\n\n<p style=\"text-align:right\">Lea-Sophie Martens, Kl. 8d<\/p>\n\n\n\n<hr class=\"wp-block-separator\"\/>\n\n\n\n<p>Mir gefiel die Feldarbeit, Schafe zu versorgen und den Stall s\u00e4ubern, den Museumsrundgang und dass man die M\u00f6glichkeit hatte, sich zu entscheiden, was man macht. Die Betreuer, die uns aufgenommen haben, waren auch ganz nett und haben auch viele und gute Tipps gegeben.<\/p>\n\n\n\n<p>Was mir nicht gut gefallen hat: Die Busfahrt war ein bisschen zu anstrengend, aber es war vieles auch zu kurz. Zum Beispiel h\u00e4tte ich den Museumsrundgang ein bisschen l\u00e4nger gemacht. Aber im Allgemeinen war alles toll und hat auch viel Spa\u00df gemacht.<\/p>\n\n\n\n<p style=\"text-align:right\">Mary-Jane Woligand, Kl. 8d<\/p>\n\n\n\n<hr class=\"wp-block-separator\"\/>\n\n\n\n<p>Ich finde das M\u00fcllerpraktium abwechslungsreicher, weil wir sonst immer nur in der Klasse Unterricht haben. Die Mitarbeiter in der M\u00fchle sind sehr freundlich und es macht Spa\u00df mit ihnen zu arbeiten, daf\u00fcr ist das Arbeitsklima im Kurs nicht sehr gut. Mich st\u00f6rt au\u00dferdem auch die Busfahrt, da sich viele nicht vern\u00fcnftig benehmen und ich schon \u00f6fter mitbekommen habe, wie sich andere Fahrg\u00e4ste beschwerten.<\/p>\n\n\n\n<p style=\"text-align:right\">Daisy Eimann, Kl. 8a<\/p>\n\n\n\n<hr class=\"wp-block-separator\"\/>\n\n\n\n<p>Ich fand das Projekt gut, denn ich musste wenig im Klassenzimmer sitzen und konnte richtig arbeiten, und zwar k\u00f6rperlich. Die Leute, mit denen ich zu tun hatte, waren alle ganz nett und haben ihr Wissen weitergeleiten an uns. Ich konnte mit Sch\u00fclern arbeiten, mit denen ich sonst nicht viel zu tun habe, und auch die waren alle ganz nett und man konnte mit denen zusammenarbeiten. Schlechte Erfahrung habe ich nicht gemacht, ich fand alles ganz gut und habe nichts zu meckern.<\/p>\n\n\n\n<p style=\"text-align:right\"> Kevin Kaulen, Kl. 8c<\/p>\n\n\n\n<hr class=\"wp-block-separator\"\/>\n\n\n\n<p>Der BO-M\u00fchle Kurs hat mir sehr viel Spa\u00df gemacht. Ich habe viele neue Sachen kennengelernt und konnte mich \u00fcber vieles informieren. Der BO-M\u00fchle Kurs ist perfekt f\u00fcr Sch\u00fcler, die sich f\u00fcr die Arbeitswelt interessieren und gerne mal mit anpacken wollen. Daher empfehle ich den Kurs besonders f\u00fcr Jungs. Wobei M\u00e4dchen aber auch viel bei diesem Kurs lernen und mitnehmen k\u00f6nnen.<\/p>\n\n\n\n<p>Der Kurs hat mir selber viel Spa\u00df gemacht, vor allen mit meinen Mitsch\u00fclern. Das Schuljahr war meiner Meinung etwas zu kurz, auch die M\u00fchlenf\u00fchrung h\u00e4tte, wie ich finde, noch l\u00e4nger gehen k\u00f6nnen.<\/p>\n\n\n\n<p style=\"text-align:right\">Tom Wieland, Kl. 8d<\/p>\n\n\n\n<hr class=\"wp-block-separator\"\/>\n\n\n\n<p>Ich fand\u2019s gut, weil man an der frischen Luft war, aber die Busfahrt war zu lang. Die Lehrer waren nett und haben mitgeholfen.<\/p>\n\n\n\n<p>Viele haben sich nicht f\u00fcr das Thema interessiert, da der Kurs haupts\u00e4chlich von Unfreiwilligen belegt war. Man m\u00fcsste n\u00e4chstes Jahr den Kurs freiwillig machen, um mehr interessierte Leute zu bekommen.<\/p>\n\n\n\n<p style=\"text-align:right\">Leonie Tietz, Kl. 8d<\/p>\n\n\n\n<hr class=\"wp-block-separator\"\/>\n\n\n\n<p>Ich finde, dass es dort sehr langweilig war und wir nicht so viel gemacht haben. Ich finde es sch****, dass wir dort l\u00e4nger geblieben sind.<\/p>\n\n\n\n<p style=\"text-align:right\">Floriana Cakoli, Kl. 8a<\/p>\n\n\n\n<hr class=\"wp-block-separator\"\/>\n\n\n\n<p>Das positive Feedback ist, dass die Sch\u00fcler lernen ,wie man im landwirtschaftlichen Betrieb arbeiten muss. Die Sch\u00fcler lernen auch, wie man mit Tieren umgeht (Schafe). Es ist gut, dass die Moorseer M\u00fchle die Vorschl\u00e4ge der Jugendlichen f\u00fcr das Museum wahrnimmt.<\/p>\n\n\n\n<p>Negativ ist, dass die Sch\u00fcler kaum Pause haben, weil sie mit dem Bus zur Moorseer M\u00fchle fahren m\u00fcssen. Die Dauer der Fahrt betr\u00e4gt zehn Minuten. Es ist auch nicht gut, dass man erst zwischen 14 Uhr und 14.10 Uhr an der Haltestelle zur\u00fcck ist.<\/p>\n\n\n\n<p style=\"text-align:right\">Yasin Camdere, Kl. 8d<\/p>\n\n\n\n<hr class=\"wp-block-separator\"\/>\n\n\n\n<p>Da ich selber in der Landwirtschaft t\u00e4tig bin, fand ich es sehr interessant, einmal die Landwirtschaft von fr\u00fcher zu erforschen. Bis auf die Busfahrten fand ich das Projekt sehr gut gelungen, wir haben jeden Tag verschiedene Sachen gemacht. Ich fand es auch sehr sch\u00f6n zu sehen, wie ein Feld angebaut und gepflegt wird. Die Winterpause fand ich sehr entspannend nach dem sehr warmen Sommer im Letzen Jahr, das Backen von Keksen etc. und das Anfertigen von warmem Punsch war ebenfalls sehr sch\u00f6n.<\/p>\n\n\n\n<p style=\"text-align:right\">Jel Funk, Kl. 8b <\/p>\n","protected":false},"excerpt":{"rendered":"<p>Ich fand das Arbeiten drau\u00dfen am besten. Was mich nicht so angesprochen hat, war das Bearbeiten der Arbeitsbl\u00e4tter zum Thema Schafswolle. Das war ziemlich langweilig. Ich fand das Arbeiten drau\u00dfen gut, weil man da lernt, dass das Leben nicht so einfach ist, wie man denkt. Manuel Mischewski, Kl. 8a Ich fand gut, dass wir viel&#8230;<\/p>\n","protected":false},"author":1,"featured_media":2362,"comment_status":"open","ping_status":"open","sticky":false,"template":"","format":"standard","meta":{"jetpack_post_was_ever_published":false,"_jetpack_newsletter_access":"","_jetpack_dont_email_post_to_subs":false,"_jetpack_newsletter_tier_id":0,"_jetpack_memberships_contains_paywalled_content":false,"_jetpack_memberships_contains_paid_content":false,"footnotes":"","jetpack_publicize_message":"","jetpack_publicize_feature_enabled":true,"jetpack_social_post_already_shared":true,"jetpack_social_options":{"image_generator_settings":{"template":"highway","default_image_id":0,"font":"","enabled":false},"version":2}},"categories":[155],"tags":[156],"class_list":["post-3907","post","type-post","status-publish","format-standard","has-post-thumbnail","hentry","category-mueller-1900","tag-mueller1900","loop-entry clr"],"jetpack_publicize_connections":[],"jetpack_featured_media_url":"https:\/\/i0.wp.com\/www.aberhallo.news\/news\/wp-content\/uploads\/2018\/09\/C3A9BF8D-0926-4BBA-BA5C-DCF87C697BB12.jpeg?fit=600%2C400&ssl=1","jetpack_sharing_enabled":true,"jetpack_shortlink":"https:\/\/wp.me\/p83yhZ-111","jetpack-related-posts":[],"_links":{"self":[{"href":"https:\/\/www.aberhallo.news\/news\/wp-json\/wp\/v2\/posts\/3907","targetHints":{"allow":["GET"]}}],"collection":[{"href":"https:\/\/www.aberhallo.news\/news\/wp-json\/wp\/v2\/posts"}],"about":[{"href":"https:\/\/www.aberhallo.news\/news\/wp-json\/wp\/v2\/types\/post"}],"author":[{"embeddable":true,"href":"https:\/\/www.aberhallo.news\/news\/wp-json\/wp\/v2\/users\/1"}],"replies":[{"embeddable":true,"href":"https:\/\/www.aberhallo.news\/news\/wp-json\/wp\/v2\/comments?post=3907"}],"version-history":[{"count":8,"href":"https:\/\/www.aberhallo.news\/news\/wp-json\/wp\/v2\/posts\/3907\/revisions"}],"predecessor-version":[{"id":3980,"href":"https:\/\/www.aberhallo.news\/news\/wp-json\/wp\/v2\/posts\/3907\/revisions\/3980"}],"wp:featuredmedia":[{"embeddable":true,"href":"https:\/\/www.aberhallo.news\/news\/wp-json\/wp\/v2\/media\/2362"}],"wp:attachment":[{"href":"https:\/\/www.aberhallo.news\/news\/wp-json\/wp\/v2\/media?parent=3907"}],"wp:term":[{"taxonomy":"category","embeddable":true,"href":"https:\/\/www.aberhallo.news\/news\/wp-json\/wp\/v2\/categories?post=3907"},{"taxonomy":"post_tag","embeddable":true,"href":"https:\/\/www.aberhallo.news\/news\/wp-json\/wp\/v2\/tags?post=3907"}],"curies":[{"name":"wp","href":"https:\/\/api.w.org\/{rel}","templated":true}]}}