{"id":390,"date":"2017-02-20T15:59:04","date_gmt":"2017-02-20T14:59:04","guid":{"rendered":"http:\/\/www.aberhallo.news\/news\/?p=390"},"modified":"2017-03-02T14:46:22","modified_gmt":"2017-03-02T13:46:22","slug":"ministerpraesident-zeichnet-aber-hallo-aus","status":"publish","type":"post","link":"https:\/\/www.aberhallo.news\/news\/ministerpraesident-zeichnet-aber-hallo-aus\/","title":{"rendered":"Ministerpr\u00e4sident zeichnet ABER HALLO aus"},"content":{"rendered":"<p>Ministerpr\u00e4sident Stephan Weil zeichnete am Sonnabend die Arbeit der Schulzeitungsredaktion ABER HALLO der Oberschule 1 Nordenham aus: Die 33. Ausgabe, die im Sommer 2016 erschienen ist, ist die beste Sch\u00fclerzeitung Niedersachsens im Bereich der Realschulen. Eine Fachjury hatte im Januar alle Einsendungen begutachtet und bewertet. Die Preisverleihung fand am 18. Februar 2017 im Zoo in Hannover statt. Ausgerichtet wird der Juniorenpressepreis vom Verband der Nieders\u00e4chsischen Jugendredakteure (VNJ).<\/p>\n<p><!--more--><\/p>\n<p><a href=\"https:\/\/i0.wp.com\/www.aberhallo.news\/news\/wp-content\/uploads\/2017\/02\/main_mp.jpg?ssl=1\"><img data-recalc-dims=\"1\" loading=\"lazy\" decoding=\"async\" data-attachment-id=\"386\" data-permalink=\"https:\/\/www.aberhallo.news\/news\/ministerpraesident-zeichnet-aber-hallo-aus\/main_mp\/\" data-orig-file=\"https:\/\/i0.wp.com\/www.aberhallo.news\/news\/wp-content\/uploads\/2017\/02\/main_mp.jpg?fit=3360%2C2000&amp;ssl=1\" data-orig-size=\"3360,2000\" data-comments-opened=\"1\" data-image-meta=\"{&quot;aperture&quot;:&quot;0&quot;,&quot;credit&quot;:&quot;&quot;,&quot;camera&quot;:&quot;&quot;,&quot;caption&quot;:&quot;&quot;,&quot;created_timestamp&quot;:&quot;0&quot;,&quot;copyright&quot;:&quot;&quot;,&quot;focal_length&quot;:&quot;0&quot;,&quot;iso&quot;:&quot;0&quot;,&quot;shutter_speed&quot;:&quot;0&quot;,&quot;title&quot;:&quot;&quot;,&quot;orientation&quot;:&quot;0&quot;}\" data-image-title=\"main_mp\" data-image-description=\"\" data-image-caption=\"\" data-medium-file=\"https:\/\/i0.wp.com\/www.aberhallo.news\/news\/wp-content\/uploads\/2017\/02\/main_mp.jpg?fit=300%2C179&amp;ssl=1\" data-large-file=\"https:\/\/i0.wp.com\/www.aberhallo.news\/news\/wp-content\/uploads\/2017\/02\/main_mp.jpg?fit=1000%2C596&amp;ssl=1\" class=\"alignleft size-medium wp-image-386\" src=\"https:\/\/i0.wp.com\/www.aberhallo.news\/news\/wp-content\/uploads\/2017\/02\/main_mp.jpg?resize=300%2C179&#038;ssl=1\" alt=\"main_mp\" width=\"300\" height=\"179\" srcset=\"https:\/\/i0.wp.com\/www.aberhallo.news\/news\/wp-content\/uploads\/2017\/02\/main_mp.jpg?resize=300%2C179&amp;ssl=1 300w, https:\/\/i0.wp.com\/www.aberhallo.news\/news\/wp-content\/uploads\/2017\/02\/main_mp.jpg?resize=768%2C457&amp;ssl=1 768w, https:\/\/i0.wp.com\/www.aberhallo.news\/news\/wp-content\/uploads\/2017\/02\/main_mp.jpg?resize=1024%2C610&amp;ssl=1 1024w, https:\/\/i0.wp.com\/www.aberhallo.news\/news\/wp-content\/uploads\/2017\/02\/main_mp.jpg?resize=150%2C89&amp;ssl=1 150w, https:\/\/i0.wp.com\/www.aberhallo.news\/news\/wp-content\/uploads\/2017\/02\/main_mp.jpg?w=2000&amp;ssl=1 2000w, https:\/\/i0.wp.com\/www.aberhallo.news\/news\/wp-content\/uploads\/2017\/02\/main_mp.jpg?w=3000&amp;ssl=1 3000w\" sizes=\"auto, (max-width: 300px) 100vw, 300px\" \/><\/a>Eine Abordnung der Redaktion um den aktuellen Chefredakteur Jonas K\u00fcck nahm den Preis vom Ministerpr\u00e4sidenten entgegen. Der Ministerpr\u00e4sident sagte, dass die Arbeit an einer Sch\u00fclerzeitung die Demokratie st\u00e4rke. Es erfordere, sich kritisch mit Themen auseinander zu setzen und sich eine eigene Meinung zu bilden. Die Sch\u00fcler der ABER HALLO hatten in der Titelgeschichte ihrer Ausgabe \u00fcber die Fl\u00fcchtlinge berichtet, die 2015 und 2016 an die Schule gekommen waren. Auch der Direktor des Zoos Hannover, Herr Metzner, hat fr\u00fcher selbst einmal in einer Sch\u00fclerzeitung gearbeitet. Auch darum hat er erm\u00f6glicht, dass die Preisverleihung im Zoo Hannover stattfinden konnte. Neben der Urkunde erhielten die Nachwuchsredakteure eine Einladung f\u00fcr die Redaktion ins Wissenschaftsmuseum \u201ephaeno\u201c in Wolfsburg.<\/p>\n<p>Seit \u00fcber zehn Jahren geh\u00f6rt die ABER HALLO zu den besten Sch\u00fclerzeitungen in Niedersachsen und wurde zweimal auf Bundesebene ausgezeichnet. \u201eDer Titelgewinn ist keine Selbstverst\u00e4ndlichkeit\u201c, sagt Torsten Lange, der als Lehrer die Arbeitsgemeinschaft betreut. Wenn Sch\u00fclerredakteure nach<img data-recalc-dims=\"1\" loading=\"lazy\" decoding=\"async\" data-attachment-id=\"388\" data-permalink=\"https:\/\/www.aberhallo.news\/news\/ministerpraesident-zeichnet-aber-hallo-aus\/mp2\/\" data-orig-file=\"https:\/\/i0.wp.com\/www.aberhallo.news\/news\/wp-content\/uploads\/2017\/02\/mp2.jpg?fit=2984%2C1892&amp;ssl=1\" data-orig-size=\"2984,1892\" data-comments-opened=\"1\" data-image-meta=\"{&quot;aperture&quot;:&quot;0&quot;,&quot;credit&quot;:&quot;&quot;,&quot;camera&quot;:&quot;&quot;,&quot;caption&quot;:&quot;&quot;,&quot;created_timestamp&quot;:&quot;0&quot;,&quot;copyright&quot;:&quot;&quot;,&quot;focal_length&quot;:&quot;0&quot;,&quot;iso&quot;:&quot;0&quot;,&quot;shutter_speed&quot;:&quot;0&quot;,&quot;title&quot;:&quot;&quot;,&quot;orientation&quot;:&quot;0&quot;}\" data-image-title=\"mp2\" data-image-description=\"\" data-image-caption=\"\" data-medium-file=\"https:\/\/i0.wp.com\/www.aberhallo.news\/news\/wp-content\/uploads\/2017\/02\/mp2.jpg?fit=300%2C190&amp;ssl=1\" data-large-file=\"https:\/\/i0.wp.com\/www.aberhallo.news\/news\/wp-content\/uploads\/2017\/02\/mp2.jpg?fit=1000%2C634&amp;ssl=1\" class=\"alignright size-medium wp-image-388\" src=\"https:\/\/i0.wp.com\/www.aberhallo.news\/news\/wp-content\/uploads\/2017\/02\/mp2.jpg?resize=300%2C190&#038;ssl=1\" alt=\"mp2\" width=\"300\" height=\"190\" srcset=\"https:\/\/i0.wp.com\/www.aberhallo.news\/news\/wp-content\/uploads\/2017\/02\/mp2.jpg?resize=300%2C190&amp;ssl=1 300w, https:\/\/i0.wp.com\/www.aberhallo.news\/news\/wp-content\/uploads\/2017\/02\/mp2.jpg?resize=768%2C487&amp;ssl=1 768w, https:\/\/i0.wp.com\/www.aberhallo.news\/news\/wp-content\/uploads\/2017\/02\/mp2.jpg?resize=1024%2C649&amp;ssl=1 1024w, https:\/\/i0.wp.com\/www.aberhallo.news\/news\/wp-content\/uploads\/2017\/02\/mp2.jpg?resize=150%2C95&amp;ssl=1 150w, https:\/\/i0.wp.com\/www.aberhallo.news\/news\/wp-content\/uploads\/2017\/02\/mp2.jpg?w=2000&amp;ssl=1 2000w\" sizes=\"auto, (max-width: 300px) 100vw, 300px\" \/> ihrem Schulabschluss in der 10. Klasse die Schule verlassen, m\u00fcssen neue Sch\u00fcler aus den unteren Jahrgangsstufen gewonnen und in die Redaktionsarbeit eingewiesen werden. \u201eDie Sch\u00fclerinnen und Sch\u00fcler m\u00fcssen immer wieder gute Leistungen bringen, mit den Jahren in ihren Aufgaben und M\u00f6glichkeiten wachsen und bereit sein, \u00fcber das schulisch normale Ma\u00df hinaus Engagement zu zeigen\u201c, so Herr Lange.<\/p>\n<p style=\"text-align: right;\">| Text: Max Hasler, Kl. 8a |<br \/>\n| Fotos: Inessa Ostendorp und Malte Hollmann |<\/p>\n","protected":false},"excerpt":{"rendered":"<p>Ministerpr\u00e4sident Stephan Weil zeichnete am Sonnabend die Arbeit der Schulzeitungsredaktion ABER HALLO der Oberschule 1 Nordenham aus: Die 33. Ausgabe, die im Sommer 2016 erschienen ist, ist die beste Sch\u00fclerzeitung Niedersachsens im Bereich der Realschulen. Eine Fachjury hatte im Januar alle Einsendungen begutachtet und bewertet. Die Preisverleihung fand am 18. Februar 2017 im Zoo in&#8230;<\/p>\n","protected":false},"author":1,"featured_media":389,"comment_status":"open","ping_status":"open","sticky":false,"template":"","format":"standard","meta":{"jetpack_post_was_ever_published":false,"_jetpack_newsletter_access":"","_jetpack_dont_email_post_to_subs":true,"_jetpack_newsletter_tier_id":0,"_jetpack_memberships_contains_paywalled_content":false,"_jetpack_memberships_contains_paid_content":false,"footnotes":"","jetpack_publicize_message":"","jetpack_publicize_feature_enabled":true,"jetpack_social_post_already_shared":true,"jetpack_social_options":{"image_generator_settings":{"template":"highway","default_image_id":0,"font":"","enabled":false},"version":2}},"categories":[9,1,6,5],"tags":[22,59,58,57],"class_list":["post-390","post","type-post","status-publish","format-standard","has-post-thumbnail","hentry","category-aber-hallo-textet","category-allgemein","category-aus-der-schule","category-redaktion-intern","tag-aber-hallo","tag-hannover","tag-juniorenpressepreis","tag-stephan-weil","loop-entry clr"],"jetpack_publicize_connections":[],"jetpack_featured_media_url":"https:\/\/i0.wp.com\/www.aberhallo.news\/news\/wp-content\/uploads\/2017\/02\/mp3.jpg?fit=3476%2C2232&ssl=1","jetpack_sharing_enabled":true,"jetpack_shortlink":"https:\/\/wp.me\/p83yhZ-6i","jetpack-related-posts":[],"_links":{"self":[{"href":"https:\/\/www.aberhallo.news\/news\/wp-json\/wp\/v2\/posts\/390","targetHints":{"allow":["GET"]}}],"collection":[{"href":"https:\/\/www.aberhallo.news\/news\/wp-json\/wp\/v2\/posts"}],"about":[{"href":"https:\/\/www.aberhallo.news\/news\/wp-json\/wp\/v2\/types\/post"}],"author":[{"embeddable":true,"href":"https:\/\/www.aberhallo.news\/news\/wp-json\/wp\/v2\/users\/1"}],"replies":[{"embeddable":true,"href":"https:\/\/www.aberhallo.news\/news\/wp-json\/wp\/v2\/comments?post=390"}],"version-history":[{"count":19,"href":"https:\/\/www.aberhallo.news\/news\/wp-json\/wp\/v2\/posts\/390\/revisions"}],"predecessor-version":[{"id":476,"href":"https:\/\/www.aberhallo.news\/news\/wp-json\/wp\/v2\/posts\/390\/revisions\/476"}],"wp:featuredmedia":[{"embeddable":true,"href":"https:\/\/www.aberhallo.news\/news\/wp-json\/wp\/v2\/media\/389"}],"wp:attachment":[{"href":"https:\/\/www.aberhallo.news\/news\/wp-json\/wp\/v2\/media?parent=390"}],"wp:term":[{"taxonomy":"category","embeddable":true,"href":"https:\/\/www.aberhallo.news\/news\/wp-json\/wp\/v2\/categories?post=390"},{"taxonomy":"post_tag","embeddable":true,"href":"https:\/\/www.aberhallo.news\/news\/wp-json\/wp\/v2\/tags?post=390"}],"curies":[{"name":"wp","href":"https:\/\/api.w.org\/{rel}","templated":true}]}}