{"id":3761,"date":"2019-03-23T21:16:06","date_gmt":"2019-03-23T20:16:06","guid":{"rendered":"http:\/\/www.aberhallo.news\/news\/?p=3761"},"modified":"2019-03-28T14:30:18","modified_gmt":"2019-03-28T13:30:18","slug":"kultusminister-gratuliert-gleich-zweimal","status":"publish","type":"post","link":"https:\/\/www.aberhallo.news\/news\/kultusminister-gratuliert-gleich-zweimal\/","title":{"rendered":"Kultusminister gratuliert gleich zweimal"},"content":{"rendered":"\n<p>Am 23. M\u00e4rz gab es Auszeichnungen f\u00fcr ABER HALLO und aberhallo.news:  In Oldenburg wurde der \u201eJugendpressepreis 2018\u201c verliehen. Eine Fachjury hatte Sch\u00fclerzeitungen und Sch\u00fcler-Internetblogs bewertet, die 2018 erschienen sind. Die ABER HALLO und deren Online-Ausgabe www.aberhallo.news erhielten jeweils den 2. Platz in den Kategorien \u201eBeste Sch\u00fclerzeitung von Realschulen\u201c und \u201eOnline\u201c.<\/p>\n\n\n\n<p>Jonas K\u00fcck war Chefredakteur der pr\u00e4mierten Schulzeitungsausgabe. Der mittlerweile ehemalige Sch\u00fcler f\u00fchrte die Delegation an, die am Sonnabend den Preis in der OLB-Zentrale in Oldenburg in Empfang nahm. Neben einer Urkunde gab es Fachliteratur zum Umgang mit Sachtexten und zum Schreiben von journalistischen Texten. Zu den Gratulanten z\u00e4hlten Niedersachsens Kultusminister Grant Hendrik Tonne, die Sprecherin der nieders\u00e4chsischen Landesregierung, Staatssekret\u00e4rin Anke P\u00f6rksen, und Oldenburgs Oberb\u00fcrgermeister J\u00fcrgen Krogmann. <\/p>\n\n\n\n<p>Ebenfalls den 2. Platz erreichte die Online-Sch\u00fclerzeitung aberhallo.news. Auf die Frage, was die beiden Sch\u00fclerzeitungen unterscheide, antwortete der Sch\u00fclerredakteur Niclas K\u00fchn: \u201eOnline haben wir viel mehr Bilder und auch Videos. In der Druckausgabe gibt es vor allem Texte\u201c. Moderator Philipp Struck gratulierte der Web-Redaktion, die ihr Angebot im vergangenen Jahr deutlich ausgebaut habe.<\/p>\n\n\n\n<p>Der Jugendpressepreis war zum 29. Mal vom Verband Nieders\u00e4chsischer Jugendredakteure (VNJ) ausgerichtet worden. In ihm engagiert sich auch der Brake Claus Plachetka. Er warb f\u00fcr eine aktive Mitarbeit im Verband und f\u00fcr den Austausch unter den Redaktionen, der in dem Verein stattfinde. Plachetka nannte das Oldenburger Land einen Hotspot der Sch\u00fclerzeitungsarbeit \u2013 auch die Sch\u00fclerzeitung der Grundschule S\u00fcd aus Nordenham wurde ausgezeichnet.<\/p>\n\n\n\n<p style=\"text-align:right\">| Text: Pressestelle der OBS 1 Nordenham |<br>| Foto: Philipp Nagel |<br><\/p>\n","protected":false},"excerpt":{"rendered":"<p>Am 23. M\u00e4rz gab es Auszeichnungen f\u00fcr ABER HALLO und aberhallo.news: In Oldenburg wurde der \u201eJugendpressepreis 2018\u201c verliehen. Eine Fachjury hatte Sch\u00fclerzeitungen und Sch\u00fcler-Internetblogs bewertet, die 2018 erschienen sind. Die ABER HALLO und deren Online-Ausgabe www.aberhallo.news erhielten jeweils den 2. Platz in den Kategorien \u201eBeste Sch\u00fclerzeitung von Realschulen\u201c und \u201eOnline\u201c. Jonas K\u00fcck war Chefredakteur der&#8230;<\/p>\n","protected":false},"author":1,"featured_media":3763,"comment_status":"open","ping_status":"open","sticky":false,"template":"","format":"standard","meta":{"jetpack_post_was_ever_published":false,"_jetpack_newsletter_access":"","_jetpack_dont_email_post_to_subs":false,"_jetpack_newsletter_tier_id":0,"_jetpack_memberships_contains_paywalled_content":false,"_jetpack_memberships_contains_paid_content":false,"footnotes":"","jetpack_publicize_message":"","jetpack_publicize_feature_enabled":true,"jetpack_social_post_already_shared":true,"jetpack_social_options":{"image_generator_settings":{"template":"highway","default_image_id":0,"font":"","enabled":false},"version":2}},"categories":[9,6,5],"tags":[22,45,202],"class_list":["post-3761","post","type-post","status-publish","format-standard","has-post-thumbnail","hentry","category-aber-hallo-textet","category-aus-der-schule","category-redaktion-intern","tag-aber-hallo","tag-aberhallo-news","tag-vnj","loop-entry clr"],"jetpack_publicize_connections":[],"jetpack_featured_media_url":"https:\/\/i0.wp.com\/www.aberhallo.news\/news\/wp-content\/uploads\/2019\/03\/pressepreis_2018_2.jpg?fit=600%2C400&ssl=1","jetpack_sharing_enabled":true,"jetpack_shortlink":"https:\/\/wp.me\/p83yhZ-YF","jetpack-related-posts":[],"_links":{"self":[{"href":"https:\/\/www.aberhallo.news\/news\/wp-json\/wp\/v2\/posts\/3761","targetHints":{"allow":["GET"]}}],"collection":[{"href":"https:\/\/www.aberhallo.news\/news\/wp-json\/wp\/v2\/posts"}],"about":[{"href":"https:\/\/www.aberhallo.news\/news\/wp-json\/wp\/v2\/types\/post"}],"author":[{"embeddable":true,"href":"https:\/\/www.aberhallo.news\/news\/wp-json\/wp\/v2\/users\/1"}],"replies":[{"embeddable":true,"href":"https:\/\/www.aberhallo.news\/news\/wp-json\/wp\/v2\/comments?post=3761"}],"version-history":[{"count":2,"href":"https:\/\/www.aberhallo.news\/news\/wp-json\/wp\/v2\/posts\/3761\/revisions"}],"predecessor-version":[{"id":3765,"href":"https:\/\/www.aberhallo.news\/news\/wp-json\/wp\/v2\/posts\/3761\/revisions\/3765"}],"wp:featuredmedia":[{"embeddable":true,"href":"https:\/\/www.aberhallo.news\/news\/wp-json\/wp\/v2\/media\/3763"}],"wp:attachment":[{"href":"https:\/\/www.aberhallo.news\/news\/wp-json\/wp\/v2\/media?parent=3761"}],"wp:term":[{"taxonomy":"category","embeddable":true,"href":"https:\/\/www.aberhallo.news\/news\/wp-json\/wp\/v2\/categories?post=3761"},{"taxonomy":"post_tag","embeddable":true,"href":"https:\/\/www.aberhallo.news\/news\/wp-json\/wp\/v2\/tags?post=3761"}],"curies":[{"name":"wp","href":"https:\/\/api.w.org\/{rel}","templated":true}]}}