{"id":3743,"date":"2019-03-21T14:55:00","date_gmt":"2019-03-21T13:55:00","guid":{"rendered":"http:\/\/www.aberhallo.news\/news\/?p=3743"},"modified":"2019-03-22T21:14:49","modified_gmt":"2019-03-22T20:14:49","slug":"14-tag-projekt-besprechung","status":"publish","type":"post","link":"https:\/\/www.aberhallo.news\/news\/14-tag-projekt-besprechung\/","title":{"rendered":"M\u00fcller 1900 &#8211; 14. Tag: Fr\u00fchjahrsputz und Projektbesprechung"},"content":{"rendered":"\n<p>Am 18. M\u00e4rz 2019 waren wir mit Herrn K\u00f6stern bei der M\u00fchle. Herr K\u00f6ster hat Herrn Lange vertreten.<\/p>\n\n\n\n<p>Wir haben uns an dem Tag um den Aufbau unserer eigenen Ausstellungsst\u00fccke gek\u00fcmmert, die ab April im M\u00fcllerhaus zu sehen sein werden. Eine zweite Gruppe hat in der Dauerausstellung mit Herrn Reumann einen &#8222;Fr\u00fchjahrsputz&#8220; gemacht.<\/p>\n\n\n\n<p style=\"text-align:right\">| Text: Tom Wieland, Kl. 8d |<\/p>\n","protected":false},"excerpt":{"rendered":"<p>Am 18. M\u00e4rz 2019 waren wir mit Herrn K\u00f6stern bei der M\u00fchle. Herr K\u00f6ster hat Herrn Lange vertreten. Wir haben uns an dem Tag um den Aufbau unserer eigenen Ausstellungsst\u00fccke gek\u00fcmmert, die ab April im M\u00fcllerhaus zu sehen sein werden. Eine zweite Gruppe hat in der Dauerausstellung mit Herrn Reumann einen &#8222;Fr\u00fchjahrsputz&#8220; gemacht. | Text:&#8230;<\/p>\n","protected":false},"author":14,"featured_media":0,"comment_status":"open","ping_status":"open","sticky":false,"template":"","format":"standard","meta":{"jetpack_post_was_ever_published":false,"_jetpack_newsletter_access":"","_jetpack_dont_email_post_to_subs":false,"_jetpack_newsletter_tier_id":0,"_jetpack_memberships_contains_paywalled_content":false,"_jetpack_memberships_contains_paid_content":false,"footnotes":"","jetpack_publicize_message":"","jetpack_publicize_feature_enabled":true,"jetpack_social_post_already_shared":true,"jetpack_social_options":{"image_generator_settings":{"template":"highway","default_image_id":0,"font":"","enabled":false},"version":2}},"categories":[155],"tags":[],"class_list":["post-3743","post","type-post","status-publish","format-standard","hentry","category-mueller-1900","no-featured-image","loop-entry clr"],"jetpack_publicize_connections":[],"jetpack_featured_media_url":"","jetpack_sharing_enabled":true,"jetpack_shortlink":"https:\/\/wp.me\/p83yhZ-Yn","jetpack-related-posts":[],"_links":{"self":[{"href":"https:\/\/www.aberhallo.news\/news\/wp-json\/wp\/v2\/posts\/3743","targetHints":{"allow":["GET"]}}],"collection":[{"href":"https:\/\/www.aberhallo.news\/news\/wp-json\/wp\/v2\/posts"}],"about":[{"href":"https:\/\/www.aberhallo.news\/news\/wp-json\/wp\/v2\/types\/post"}],"author":[{"embeddable":true,"href":"https:\/\/www.aberhallo.news\/news\/wp-json\/wp\/v2\/users\/14"}],"replies":[{"embeddable":true,"href":"https:\/\/www.aberhallo.news\/news\/wp-json\/wp\/v2\/comments?post=3743"}],"version-history":[{"count":3,"href":"https:\/\/www.aberhallo.news\/news\/wp-json\/wp\/v2\/posts\/3743\/revisions"}],"predecessor-version":[{"id":3759,"href":"https:\/\/www.aberhallo.news\/news\/wp-json\/wp\/v2\/posts\/3743\/revisions\/3759"}],"wp:attachment":[{"href":"https:\/\/www.aberhallo.news\/news\/wp-json\/wp\/v2\/media?parent=3743"}],"wp:term":[{"taxonomy":"category","embeddable":true,"href":"https:\/\/www.aberhallo.news\/news\/wp-json\/wp\/v2\/categories?post=3743"},{"taxonomy":"post_tag","embeddable":true,"href":"https:\/\/www.aberhallo.news\/news\/wp-json\/wp\/v2\/tags?post=3743"}],"curies":[{"name":"wp","href":"https:\/\/api.w.org\/{rel}","templated":true}]}}