{"id":3742,"date":"2019-04-25T13:45:07","date_gmt":"2019-04-25T11:45:07","guid":{"rendered":"http:\/\/www.aberhallo.news\/news\/?p=3742"},"modified":"2019-04-25T13:45:12","modified_gmt":"2019-04-25T11:45:12","slug":"neue-gasbrenner-halterung","status":"publish","type":"post","link":"https:\/\/www.aberhallo.news\/news\/neue-gasbrenner-halterung\/","title":{"rendered":"Neue Gasbrenner-Halterung"},"content":{"rendered":"\n<p>Unser\u00a0Chemieraum\u00a0hat jetzt neue Gasbrenner-Halterungen bekommen! Die Halterungen sollen dazu dienen, dass man die hei\u00dfen Gasbrenner nicht immer im Schrank stellen muss und das die Schl\u00e4uche nicht abknicken. Gebaut und angemalt wurde die Halterung von Herrn K\u00f6ster (Werklehrer) und angebracht wurden sie von Herrn Brun\u00dfen (Schulhausmeister).<\/p>\n\n\n\n<p style=\"text-align:right\">| Text und Bild: Philipp Deters, Kl. 10a |<\/p>\n","protected":false},"excerpt":{"rendered":"<p>Unser\u00a0Chemieraum\u00a0hat jetzt neue Gasbrenner-Halterungen bekommen! Die Halterungen sollen dazu dienen, dass man die hei\u00dfen Gasbrenner nicht immer im Schrank stellen muss und das die Schl\u00e4uche nicht abknicken. Gebaut und angemalt wurde die Halterung von Herrn K\u00f6ster (Werklehrer) und angebracht wurden sie von Herrn Brun\u00dfen (Schulhausmeister). | Text und Bild: Philipp Deters, Kl. 10a |<\/p>\n","protected":false},"author":1,"featured_media":3749,"comment_status":"open","ping_status":"open","sticky":false,"template":"","format":"standard","meta":{"jetpack_post_was_ever_published":false,"_jetpack_newsletter_access":"","_jetpack_dont_email_post_to_subs":false,"_jetpack_newsletter_tier_id":0,"_jetpack_memberships_contains_paywalled_content":false,"_jetpack_memberships_contains_paid_content":false,"footnotes":"","jetpack_publicize_message":"","jetpack_publicize_feature_enabled":true,"jetpack_social_post_already_shared":true,"jetpack_social_options":{"image_generator_settings":{"template":"highway","default_image_id":0,"font":"","enabled":false},"version":2}},"categories":[1,6],"tags":[],"class_list":["post-3742","post","type-post","status-publish","format-standard","has-post-thumbnail","hentry","category-allgemein","category-aus-der-schule","loop-entry clr"],"jetpack_publicize_connections":[],"jetpack_featured_media_url":"https:\/\/i0.wp.com\/www.aberhallo.news\/news\/wp-content\/uploads\/2019\/03\/maier-bearbeitet.jpg?fit=600%2C544&ssl=1","jetpack_sharing_enabled":true,"jetpack_shortlink":"https:\/\/wp.me\/p83yhZ-Ym","jetpack-related-posts":[],"_links":{"self":[{"href":"https:\/\/www.aberhallo.news\/news\/wp-json\/wp\/v2\/posts\/3742","targetHints":{"allow":["GET"]}}],"collection":[{"href":"https:\/\/www.aberhallo.news\/news\/wp-json\/wp\/v2\/posts"}],"about":[{"href":"https:\/\/www.aberhallo.news\/news\/wp-json\/wp\/v2\/types\/post"}],"author":[{"embeddable":true,"href":"https:\/\/www.aberhallo.news\/news\/wp-json\/wp\/v2\/users\/1"}],"replies":[{"embeddable":true,"href":"https:\/\/www.aberhallo.news\/news\/wp-json\/wp\/v2\/comments?post=3742"}],"version-history":[{"count":4,"href":"https:\/\/www.aberhallo.news\/news\/wp-json\/wp\/v2\/posts\/3742\/revisions"}],"predecessor-version":[{"id":3801,"href":"https:\/\/www.aberhallo.news\/news\/wp-json\/wp\/v2\/posts\/3742\/revisions\/3801"}],"wp:featuredmedia":[{"embeddable":true,"href":"https:\/\/www.aberhallo.news\/news\/wp-json\/wp\/v2\/media\/3749"}],"wp:attachment":[{"href":"https:\/\/www.aberhallo.news\/news\/wp-json\/wp\/v2\/media?parent=3742"}],"wp:term":[{"taxonomy":"category","embeddable":true,"href":"https:\/\/www.aberhallo.news\/news\/wp-json\/wp\/v2\/categories?post=3742"},{"taxonomy":"post_tag","embeddable":true,"href":"https:\/\/www.aberhallo.news\/news\/wp-json\/wp\/v2\/tags?post=3742"}],"curies":[{"name":"wp","href":"https:\/\/api.w.org\/{rel}","templated":true}]}}