{"id":3365,"date":"2019-02-28T14:20:10","date_gmt":"2019-02-28T13:20:10","guid":{"rendered":"http:\/\/www.aberhallo.news\/news\/?p=3365"},"modified":"2019-03-07T14:56:54","modified_gmt":"2019-03-07T13:56:54","slug":"die-neuen-ags","status":"publish","type":"post","link":"https:\/\/www.aberhallo.news\/news\/die-neuen-ags\/","title":{"rendered":"Die neuen AGs"},"content":{"rendered":"\n<p>Zum zweiten Halbjahr gibt es neue Arbeitsgemeinschaften (AGs). Wir stellen euch die neuen Angebote vor:<\/p>\n\n\n\n<p>Wir beginnen mit Parkour: Die AG findet am Montag mit Herrn Niewint von 13.40 bis 15.00 Uhr statt. Jede Klassenstufe kann daran teilnehmen. Der Raum wurde noch nicht bekannt gegeben. Und was wird gemacht? Du \u00fcberwindest beim Parkour m\u00f6glichst geschickt allt\u00e4gliche Hindernisse auf deinem Weg zum Ziel! Spa\u00df ist vorprogrammiert! <\/p>\n\n\n\n<p>Weiter geht es mit Sanit\u00e4ts-AG, sie findet auch am Montag statt von 13.40 bis 15.00 Uhr. Es k\u00f6nnen Sch\u00fcler jeder Klassenstufe teilnehmen, die AG findet im Raum 3002 statt und wird von Frau H\u00fcbler vom Deutschen Roten Kreuz unterrichtet. Weitere Infos zur AG: Wie kann ich helfen, wenn eine Person in Ohnmacht f\u00e4llt? Oder aufh\u00f6rt zu atmen? Hier wirst du fit in Erster Hilfe und zum Sanit\u00e4ter der OBS 1 ausgebildet!<\/p>\n\n\n\n<p>Als n\u00e4chstes haben wir AG Gesellschaftsspiele am Montag und Dienstag von 13.40 bis 15.00 Uhr. Sch\u00fcler aller Klassen k\u00f6nnen teilnehmen, die AG findet im Spieleraum statt und wird von Frau Fehner und Frau Steinhardt betreut. Weitere Infos zur AG: Du verbringst Zeit mit deinen Freunden beim Spielen toller Gesellschaftsspiele!<\/p>\n\n\n\n<p>Wollt ihr tanzen? Kommt zur HIP HOP AG montags von 13.45 bis 14.45 Uhr, sie wird in der Sporthalle Mitte unterrichtet von Frau Deutsch, teilnehmen k\u00f6nnen Sch\u00fcler der Klassen von f\u00fcnf bis sieben. Diese AG macht gute Laune! Wenn du Spa\u00df am Tanzen zu cooler Musik hast, bist du hier genau richtig!<\/p>\n\n\n\n<p>Wir haben jetzt auch eine Karate-AG am Montag um 13.40 bis 15.00 Uhr, sie wird von Herrn Bleckert in der Sporthalle der OBS 1 unterrichtet. Teilnehmen k\u00f6nnen Sch\u00fcler der Klassen von f\u00fcnf bis sieben. Karate ist eine Kampfkunst aus Japan. Du lernst ihre Grundtechniken (Schlag- , Sto\u00df-, Tritt- und Blocktechniken) und wirst somit auch fit in Selbstverteidigung!<\/p>\n\n\n\n<p>Die Mofa AG findet Samstags im Blockunterricht und mittwochs von 13.40-15.00 Uhr statt und wird unterrichtet von Herrn K\u00f6ster. Die AG trifft sich im Multipool teilnehmen k\u00f6nnen Sch\u00fcler des Jahrganges 9.<\/p>\n\n\n\n<p>Neu ist auch die &#8222;Biografie-AG&#8220; in Zusammenarbeit mit dem Mehrgenerationenhaus Nordenham. Dar\u00fcber werden wir demn\u00e4chst auf dieser Seite berichten!<\/p>\n\n\n\n<p style=\"text-align:right\">| Text: Yasin Camdere, Kl. 8d |<\/p>\n","protected":false},"excerpt":{"rendered":"<p>Zum zweiten Halbjahr gibt es neue Arbeitsgemeinschaften (AGs). Wir stellen euch die neuen Angebote vor: Wir beginnen mit Parkour: Die AG findet am Montag mit Herrn Niewint von 13.40 bis 15.00 Uhr statt. Jede Klassenstufe kann daran teilnehmen. Der Raum wurde noch nicht bekannt gegeben. Und was wird gemacht? Du \u00fcberwindest beim Parkour m\u00f6glichst geschickt&#8230;<\/p>\n","protected":false},"author":14,"featured_media":0,"comment_status":"open","ping_status":"open","sticky":false,"template":"","format":"standard","meta":{"jetpack_post_was_ever_published":false,"_jetpack_newsletter_access":"","_jetpack_dont_email_post_to_subs":false,"_jetpack_newsletter_tier_id":0,"_jetpack_memberships_contains_paywalled_content":false,"_jetpack_memberships_contains_paid_content":false,"footnotes":"","jetpack_publicize_message":"","jetpack_publicize_feature_enabled":true,"jetpack_social_post_already_shared":true,"jetpack_social_options":{"image_generator_settings":{"template":"highway","default_image_id":0,"font":"","enabled":false},"version":2}},"categories":[1],"tags":[195],"class_list":["post-3365","post","type-post","status-publish","format-standard","hentry","category-allgemein","tag-arbeitsgemeinschaft","no-featured-image","loop-entry clr"],"jetpack_publicize_connections":[],"jetpack_featured_media_url":"","jetpack_sharing_enabled":true,"jetpack_shortlink":"https:\/\/wp.me\/p83yhZ-Sh","jetpack-related-posts":[],"_links":{"self":[{"href":"https:\/\/www.aberhallo.news\/news\/wp-json\/wp\/v2\/posts\/3365","targetHints":{"allow":["GET"]}}],"collection":[{"href":"https:\/\/www.aberhallo.news\/news\/wp-json\/wp\/v2\/posts"}],"about":[{"href":"https:\/\/www.aberhallo.news\/news\/wp-json\/wp\/v2\/types\/post"}],"author":[{"embeddable":true,"href":"https:\/\/www.aberhallo.news\/news\/wp-json\/wp\/v2\/users\/14"}],"replies":[{"embeddable":true,"href":"https:\/\/www.aberhallo.news\/news\/wp-json\/wp\/v2\/comments?post=3365"}],"version-history":[{"count":10,"href":"https:\/\/www.aberhallo.news\/news\/wp-json\/wp\/v2\/posts\/3365\/revisions"}],"predecessor-version":[{"id":3711,"href":"https:\/\/www.aberhallo.news\/news\/wp-json\/wp\/v2\/posts\/3365\/revisions\/3711"}],"wp:attachment":[{"href":"https:\/\/www.aberhallo.news\/news\/wp-json\/wp\/v2\/media?parent=3365"}],"wp:term":[{"taxonomy":"category","embeddable":true,"href":"https:\/\/www.aberhallo.news\/news\/wp-json\/wp\/v2\/categories?post=3365"},{"taxonomy":"post_tag","embeddable":true,"href":"https:\/\/www.aberhallo.news\/news\/wp-json\/wp\/v2\/tags?post=3365"}],"curies":[{"name":"wp","href":"https:\/\/api.w.org\/{rel}","templated":true}]}}