{"id":3345,"date":"2018-11-01T14:00:43","date_gmt":"2018-11-01T13:00:43","guid":{"rendered":"http:\/\/www.aberhallo.news\/news\/?p=3345"},"modified":"2019-02-14T14:33:52","modified_gmt":"2019-02-14T13:33:52","slug":"ein-ausflug-ins-berufsleben","status":"publish","type":"post","link":"https:\/\/www.aberhallo.news\/news\/ein-ausflug-ins-berufsleben\/","title":{"rendered":"Ein Ausflug ins Berufsleben"},"content":{"rendered":"\n<h2 class=\"wp-block-heading\">Achtkl\u00e4ssler arbeiten in Brake bei \u201eZeit &amp; Service\u201c<\/h2>\n\n\n\n<p><strong>Vom 15. bis 26. Oktober 2018 besuchten die Sch\u00fcler des 8. Jahrgangs die \u201eWerkstatttage\u201c bei \u201eZeit &amp; Service\u201c in Brake. Die meisten Sch\u00fcler arbeiteten in der \u201eHalle 21\u201c in Brake neben famila, einige waren aber auch bei der Kreisvolkshochschule Wesermarsch, andere beim Deutsches Rotes Kreuz Brake, dort konnten sie ausgew\u00e4hlte Berufsfelder praktisch ausprobieren. <\/strong><\/p>\n\n\n\n<p>In der Malwerkstatt durfte jeder Sch\u00fcler selbst ein Bild malen und herausfinden, was es hei\u00dft, den Beruf Maler auszu\u00fcben. Denn als Maler geht es nicht nur ums Malen, sondern auch ums tapezieren.<\/p>\n\n\n\n<h3 class=\"wp-block-heading\"><strong>Sch\u00fcler reparieren Autos<\/strong><\/h3>\n\n\n\n<p>Im Bereich KFZ haben die Sch\u00fcler herausgefunden, was es hei\u00dft, KFZ-Mechatroniker zu sein. Die Sch\u00fcler des achten Jahrgangs haben gelernt, wie man die Karosserie abnimmt und wieder anschraubt. Eine Gruppe hat es geschafft, ein Auto wieder zum Laufen zu bringen.<\/p>\n\n\n\n<p>Im<strong> <\/strong>Verkauf haben die Achtkl\u00e4ssler gelernt wie man Dinge Vorstellt und richtig pr\u00e4sentiert danach ist die Achtkl\u00e4ssler zu Famila gegangen und sollten eine Woche in der Theorie Essen machen mit Preisen von famila, Aldi etc. <\/p>\n\n\n\n<p>Die Achtkl\u00e4ssler haben beim Deutschen Rotem Kreuz erkl\u00e4rt bekommen, wie man Erste-Hilfe anwendet, sie haben sehr viel Theorie gemacht aber auch viel Praxis. Sie erhielten nach dem sie den Kurs bestanden haben denn Erste Hilfe Schein erhalten, diesen K\u00f6nnen sie im nach hinein f\u00fcr z.b. denn Rollerf\u00fchrerschein verwende aber, sie m\u00fcssen sich beeilen da diese nur 2 Jahre halten danach muss man den Lehrvorgang wiederholen.<\/p>\n\n\n\n<p>In der Metallwerkstatt haben die Sch\u00fcler eine Sicherheitseinweisung erhalten, eine Uhr gebaut und erkl\u00e4rt bekommen wie man richtig Metall verarbeitet.<\/p>\n\n\n\n<p>Im Bereich Holz haben die Sch\u00fcler Tabletts aus Holz gebaut sie mussten jeden Tag nachleimen und nachschleifen. Im Nachhinein durften die Sch\u00fcler die Tabletts behalten.<\/p>\n\n\n\n<p>Im Bereich Hotel und Gastronomie haben die Sch\u00fcler Gem\u00fcsesuppe gekocht, Nachtisch gemacht und gelernt, wie man g\u00fcnstig einkaufen kann und wie der Alltag in der K\u00fcche einfacher ist.<\/p>\n\n\n\n<p>Die Sch\u00fcler des achten Jahrgangs haben im Bereich Lager und Logistik anfangs dar\u00fcber geredet, dass man in der Zukunft kein Bargeld mehr verwenden wird. Am zweiten Tag haben sie dar\u00fcber geredet, wie man am besten Profit in einem Unternehmen macht. Am dritten Tag haben sie alle Ergebnisse ausgewertet.<\/p>\n\n\n\n<p style=\"text-align:right\">| Text: Niclas K\u00fchn, Kl. 8b |<\/p>\n\n\n\n<div class=\"wp-block-image\"><figure class=\"alignleft\"><img data-recalc-dims=\"1\" loading=\"lazy\" decoding=\"async\" width=\"600\" height=\"400\" data-attachment-id=\"3369\" data-permalink=\"https:\/\/www.aberhallo.news\/news\/werkstatttage2\/\" data-orig-file=\"https:\/\/i0.wp.com\/www.aberhallo.news\/news\/wp-content\/uploads\/2019\/02\/werkstatttage2.jpeg?fit=600%2C400&amp;ssl=1\" data-orig-size=\"600,400\" data-comments-opened=\"1\" data-image-meta=\"{&quot;aperture&quot;:&quot;2.2&quot;,&quot;credit&quot;:&quot;&quot;,&quot;camera&quot;:&quot;iPhone 5s&quot;,&quot;caption&quot;:&quot;&quot;,&quot;created_timestamp&quot;:&quot;1539679410&quot;,&quot;copyright&quot;:&quot;&quot;,&quot;focal_length&quot;:&quot;4.15&quot;,&quot;iso&quot;:&quot;320&quot;,&quot;shutter_speed&quot;:&quot;0.04&quot;,&quot;title&quot;:&quot;&quot;,&quot;orientation&quot;:&quot;1&quot;}\" data-image-title=\"werkstatttage2\" data-image-description=\"\" data-image-caption=\"\" data-medium-file=\"https:\/\/i0.wp.com\/www.aberhallo.news\/news\/wp-content\/uploads\/2019\/02\/werkstatttage2.jpeg?fit=300%2C200&amp;ssl=1\" data-large-file=\"https:\/\/i0.wp.com\/www.aberhallo.news\/news\/wp-content\/uploads\/2019\/02\/werkstatttage2.jpeg?fit=600%2C400&amp;ssl=1\" src=\"https:\/\/i0.wp.com\/www.aberhallo.news\/news\/wp-content\/uploads\/2019\/02\/werkstatttage2.jpeg?resize=600%2C400&#038;ssl=1\" alt=\"\" class=\"wp-image-3369\" srcset=\"https:\/\/i0.wp.com\/www.aberhallo.news\/news\/wp-content\/uploads\/2019\/02\/werkstatttage2.jpeg?w=600&amp;ssl=1 600w, https:\/\/i0.wp.com\/www.aberhallo.news\/news\/wp-content\/uploads\/2019\/02\/werkstatttage2.jpeg?resize=300%2C200&amp;ssl=1 300w, https:\/\/i0.wp.com\/www.aberhallo.news\/news\/wp-content\/uploads\/2019\/02\/werkstatttage2.jpeg?resize=150%2C100&amp;ssl=1 150w\" sizes=\"auto, (max-width: 600px) 100vw, 600px\" \/><figcaption>Jel Funk baut eine Kofferaumklappe ein.<\/figcaption><\/figure><\/div>\n\n\n\n<div class=\"wp-block-image\"><figure class=\"alignleft\"><img data-recalc-dims=\"1\" loading=\"lazy\" decoding=\"async\" width=\"600\" height=\"400\" data-attachment-id=\"3377\" data-permalink=\"https:\/\/www.aberhallo.news\/news\/ein-ausflug-ins-berufsleben\/werkstatttage3\/\" data-orig-file=\"https:\/\/i0.wp.com\/www.aberhallo.news\/news\/wp-content\/uploads\/2019\/02\/werkstatttage3.jpeg?fit=600%2C400&amp;ssl=1\" data-orig-size=\"600,400\" data-comments-opened=\"1\" data-image-meta=\"{&quot;aperture&quot;:&quot;2.2&quot;,&quot;credit&quot;:&quot;&quot;,&quot;camera&quot;:&quot;iPhone 5s&quot;,&quot;caption&quot;:&quot;&quot;,&quot;created_timestamp&quot;:&quot;1539946635&quot;,&quot;copyright&quot;:&quot;&quot;,&quot;focal_length&quot;:&quot;4.15&quot;,&quot;iso&quot;:&quot;50&quot;,&quot;shutter_speed&quot;:&quot;0.01&quot;,&quot;title&quot;:&quot;&quot;,&quot;orientation&quot;:&quot;0&quot;}\" data-image-title=\"werkstatttage3\" data-image-description=\"\" data-image-caption=\"\" data-medium-file=\"https:\/\/i0.wp.com\/www.aberhallo.news\/news\/wp-content\/uploads\/2019\/02\/werkstatttage3.jpeg?fit=300%2C200&amp;ssl=1\" data-large-file=\"https:\/\/i0.wp.com\/www.aberhallo.news\/news\/wp-content\/uploads\/2019\/02\/werkstatttage3.jpeg?fit=600%2C400&amp;ssl=1\" src=\"https:\/\/i0.wp.com\/www.aberhallo.news\/news\/wp-content\/uploads\/2019\/02\/werkstatttage3.jpeg?resize=600%2C400&#038;ssl=1\" alt=\"\" class=\"wp-image-3377\" srcset=\"https:\/\/i0.wp.com\/www.aberhallo.news\/news\/wp-content\/uploads\/2019\/02\/werkstatttage3.jpeg?w=600&amp;ssl=1 600w, https:\/\/i0.wp.com\/www.aberhallo.news\/news\/wp-content\/uploads\/2019\/02\/werkstatttage3.jpeg?resize=300%2C200&amp;ssl=1 300w, https:\/\/i0.wp.com\/www.aberhallo.news\/news\/wp-content\/uploads\/2019\/02\/werkstatttage3.jpeg?resize=150%2C100&amp;ssl=1 150w\" sizes=\"auto, (max-width: 600px) 100vw, 600px\" \/><figcaption>Rene Carstens und andere Sch\u00fcler warten auf das Essen.<\/figcaption><\/figure><\/div>\n","protected":false},"excerpt":{"rendered":"<p>Achtkl\u00e4ssler arbeiten in Brake bei \u201eZeit &amp; Service\u201c Vom 15. bis 26. Oktober 2018 besuchten die Sch\u00fcler des 8. Jahrgangs die \u201eWerkstatttage\u201c bei \u201eZeit &amp; Service\u201c in Brake. Die meisten Sch\u00fcler arbeiteten in der \u201eHalle 21\u201c in Brake neben famila, einige waren aber auch bei der Kreisvolkshochschule Wesermarsch, andere beim Deutsches Rotes Kreuz Brake, dort&#8230;<\/p>\n","protected":false},"author":14,"featured_media":3363,"comment_status":"open","ping_status":"open","sticky":false,"template":"","format":"standard","meta":{"jetpack_post_was_ever_published":false,"_jetpack_newsletter_access":"","_jetpack_dont_email_post_to_subs":false,"_jetpack_newsletter_tier_id":0,"_jetpack_memberships_contains_paywalled_content":false,"_jetpack_memberships_contains_paid_content":false,"footnotes":"","jetpack_publicize_message":"","jetpack_publicize_feature_enabled":true,"jetpack_social_post_already_shared":true,"jetpack_social_options":{"image_generator_settings":{"template":"highway","default_image_id":0,"font":"","enabled":false},"version":2}},"categories":[1,6],"tags":[35],"class_list":["post-3345","post","type-post","status-publish","format-standard","has-post-thumbnail","hentry","category-allgemein","category-aus-der-schule","tag-berufsorientierung","loop-entry clr"],"jetpack_publicize_connections":[],"jetpack_featured_media_url":"https:\/\/i0.wp.com\/www.aberhallo.news\/news\/wp-content\/uploads\/2019\/02\/werkstatttage1.jpeg?fit=600%2C400&ssl=1","jetpack_sharing_enabled":true,"jetpack_shortlink":"https:\/\/wp.me\/p83yhZ-RX","jetpack-related-posts":[],"_links":{"self":[{"href":"https:\/\/www.aberhallo.news\/news\/wp-json\/wp\/v2\/posts\/3345","targetHints":{"allow":["GET"]}}],"collection":[{"href":"https:\/\/www.aberhallo.news\/news\/wp-json\/wp\/v2\/posts"}],"about":[{"href":"https:\/\/www.aberhallo.news\/news\/wp-json\/wp\/v2\/types\/post"}],"author":[{"embeddable":true,"href":"https:\/\/www.aberhallo.news\/news\/wp-json\/wp\/v2\/users\/14"}],"replies":[{"embeddable":true,"href":"https:\/\/www.aberhallo.news\/news\/wp-json\/wp\/v2\/comments?post=3345"}],"version-history":[{"count":2,"href":"https:\/\/www.aberhallo.news\/news\/wp-json\/wp\/v2\/posts\/3345\/revisions"}],"predecessor-version":[{"id":3407,"href":"https:\/\/www.aberhallo.news\/news\/wp-json\/wp\/v2\/posts\/3345\/revisions\/3407"}],"wp:featuredmedia":[{"embeddable":true,"href":"https:\/\/www.aberhallo.news\/news\/wp-json\/wp\/v2\/media\/3363"}],"wp:attachment":[{"href":"https:\/\/www.aberhallo.news\/news\/wp-json\/wp\/v2\/media?parent=3345"}],"wp:term":[{"taxonomy":"category","embeddable":true,"href":"https:\/\/www.aberhallo.news\/news\/wp-json\/wp\/v2\/categories?post=3345"},{"taxonomy":"post_tag","embeddable":true,"href":"https:\/\/www.aberhallo.news\/news\/wp-json\/wp\/v2\/tags?post=3345"}],"curies":[{"name":"wp","href":"https:\/\/api.w.org\/{rel}","templated":true}]}}