{"id":3067,"date":"2019-01-14T01:34:17","date_gmt":"2019-01-14T00:34:17","guid":{"rendered":"http:\/\/www.aberhallo.news\/news\/?p=3067"},"modified":"2019-01-14T01:48:11","modified_gmt":"2019-01-14T00:48:11","slug":"mueller1900-10-tag-schietwetter-und-handarbeit","status":"publish","type":"post","link":"https:\/\/www.aberhallo.news\/news\/mueller1900-10-tag-schietwetter-und-handarbeit\/","title":{"rendered":"M\u00fcller1900 &#8211; 10. Tag: Schietwetter und Handarbeit"},"content":{"rendered":"\n<p>Am 7. Januar endete auch f\u00fcr die &#8222;M\u00fcller-Praktikanten&#8220; die Weihnachtsferien. <\/p>\n\n\n\n<p>Bei Frau Francksen lernten die Sch\u00fclerinnen und Sch\u00fcler zu stricken. Die selbstgesponnene Wolle war daf\u00fcr zu wenig. Also mussten andere Wollkn\u00e4ul genutzt werden. An einer zweiten Station wurde gef\u00e4rbte Wolle gefilzt, so dass Figuren entstehen. Die dritte Aufgabe bestand darin, ein &#8222;M\u00fchle-Brett&#8220; aus einem St\u00fcck Stoff zu machen. Dazu wurde ein Quadrat aus einem Stoffstreifen geschnitten. Mit einem gro\u00dfen Lineal und einem dicken Filzstift wurden dann die Spielfeldlinien eingezeichnet. N\u00e4chstes Mal sollen wir &#8222;Figuren&#8220; mitbringen, zum Beispiel Kn\u00f6pfe oder Kronkorken. Dann k\u00f6nnen wir damit &#8222;M\u00fchle&#8220; spielen.<\/p>\n\n\n\n<figure class=\"wp-block-image\"><img data-recalc-dims=\"1\" loading=\"lazy\" decoding=\"async\" width=\"596\" height=\"400\" data-attachment-id=\"3140\" data-permalink=\"https:\/\/www.aberhallo.news\/news\/stricken1_600\/\" data-orig-file=\"https:\/\/i0.wp.com\/www.aberhallo.news\/news\/wp-content\/uploads\/2019\/01\/stricken1_600.jpeg?fit=596%2C400&amp;ssl=1\" data-orig-size=\"596,400\" data-comments-opened=\"1\" data-image-meta=\"{&quot;aperture&quot;:&quot;2.2&quot;,&quot;credit&quot;:&quot;&quot;,&quot;camera&quot;:&quot;iPhone 5s&quot;,&quot;caption&quot;:&quot;&quot;,&quot;created_timestamp&quot;:&quot;1546862518&quot;,&quot;copyright&quot;:&quot;&quot;,&quot;focal_length&quot;:&quot;4.15&quot;,&quot;iso&quot;:&quot;250&quot;,&quot;shutter_speed&quot;:&quot;0.04&quot;,&quot;title&quot;:&quot;&quot;,&quot;orientation&quot;:&quot;1&quot;}\" data-image-title=\"stricken1_600\" data-image-description=\"\" data-image-caption=\"\" data-medium-file=\"https:\/\/i0.wp.com\/www.aberhallo.news\/news\/wp-content\/uploads\/2019\/01\/stricken1_600.jpeg?fit=300%2C201&amp;ssl=1\" data-large-file=\"https:\/\/i0.wp.com\/www.aberhallo.news\/news\/wp-content\/uploads\/2019\/01\/stricken1_600.jpeg?fit=596%2C400&amp;ssl=1\" src=\"https:\/\/i0.wp.com\/www.aberhallo.news\/news\/wp-content\/uploads\/2019\/01\/stricken1_600.jpeg?resize=596%2C400&#038;ssl=1\" alt=\"\" class=\"wp-image-3140\" srcset=\"https:\/\/i0.wp.com\/www.aberhallo.news\/news\/wp-content\/uploads\/2019\/01\/stricken1_600.jpeg?w=596&amp;ssl=1 596w, https:\/\/i0.wp.com\/www.aberhallo.news\/news\/wp-content\/uploads\/2019\/01\/stricken1_600.jpeg?resize=300%2C201&amp;ssl=1 300w, https:\/\/i0.wp.com\/www.aberhallo.news\/news\/wp-content\/uploads\/2019\/01\/stricken1_600.jpeg?resize=150%2C101&amp;ssl=1 150w\" sizes=\"auto, (max-width: 596px) 100vw, 596px\" \/><\/figure>\n\n\n\n<p>W\u00e4rendessen  haben andere Sch\u00fcler mit Herrn Reumann praktische Arbeiten auf dem M\u00fchlengel\u00e4nde gemacht. Dabei ging es an die Kroppweiden entlang des Grabens. Die B\u00e4ume k\u00f6nnen weit zur\u00fcckgeschnitten werden. Das &#8222;Schietwetter&#8220; machte den Praktikanten nichts aus. Auch von leichten Absch\u00fcrfungen und Hautkratzern von der S\u00e4ge lie\u00dfen sie sich nicht abbringen.<\/p>\n\n\n\n<p>Bei Herrn Lange wurde theoretisch gearbeitet. Er hatte einen Text mitgebracht zum Thema &#8222;Nachhaltige Schafhaltung und Wollproduktion&#8220;. Dazu m\u00fcssen in den n\u00e4chsten Wochen noch gr\u00f6\u00dfere Aufgaben erledigt werden.<\/p>\n\n\n\n<p>Zum Schluss gab es wieder lecker Krollkuchen und Tee.                                        <\/p>\n\n\n\n<p style=\"text-align:right\">| Text: Tom Wieland, Kl. 8d |<\/p>\n","protected":false},"excerpt":{"rendered":"<p>Am 7. Januar endete auch f\u00fcr die &#8222;M\u00fcller-Praktikanten&#8220; die Weihnachtsferien. Bei Frau Francksen lernten die Sch\u00fclerinnen und Sch\u00fcler zu stricken. Die selbstgesponnene Wolle war daf\u00fcr zu wenig. Also mussten andere Wollkn\u00e4ul genutzt werden. An einer zweiten Station wurde gef\u00e4rbte Wolle gefilzt, so dass Figuren entstehen. Die dritte Aufgabe bestand darin, ein &#8222;M\u00fchle-Brett&#8220; aus einem St\u00fcck&#8230;<\/p>\n","protected":false},"author":14,"featured_media":3139,"comment_status":"closed","ping_status":"open","sticky":false,"template":"","format":"standard","meta":{"jetpack_post_was_ever_published":false,"_jetpack_newsletter_access":"","_jetpack_dont_email_post_to_subs":false,"_jetpack_newsletter_tier_id":0,"_jetpack_memberships_contains_paywalled_content":false,"_jetpack_memberships_contains_paid_content":false,"footnotes":"","jetpack_publicize_message":"","jetpack_publicize_feature_enabled":true,"jetpack_social_post_already_shared":true,"jetpack_social_options":{"image_generator_settings":{"template":"highway","default_image_id":0,"font":"","enabled":false},"version":2}},"categories":[155],"tags":[156],"class_list":["post-3067","post","type-post","status-publish","format-standard","has-post-thumbnail","hentry","category-mueller-1900","tag-mueller1900","loop-entry clr"],"jetpack_publicize_connections":[],"jetpack_featured_media_url":"https:\/\/i0.wp.com\/www.aberhallo.news\/news\/wp-content\/uploads\/2019\/01\/muehlespiel.jpeg?fit=600%2C400&ssl=1","jetpack_sharing_enabled":true,"jetpack_shortlink":"https:\/\/wp.me\/p83yhZ-Nt","jetpack-related-posts":[],"_links":{"self":[{"href":"https:\/\/www.aberhallo.news\/news\/wp-json\/wp\/v2\/posts\/3067","targetHints":{"allow":["GET"]}}],"collection":[{"href":"https:\/\/www.aberhallo.news\/news\/wp-json\/wp\/v2\/posts"}],"about":[{"href":"https:\/\/www.aberhallo.news\/news\/wp-json\/wp\/v2\/types\/post"}],"author":[{"embeddable":true,"href":"https:\/\/www.aberhallo.news\/news\/wp-json\/wp\/v2\/users\/14"}],"replies":[{"embeddable":true,"href":"https:\/\/www.aberhallo.news\/news\/wp-json\/wp\/v2\/comments?post=3067"}],"version-history":[{"count":4,"href":"https:\/\/www.aberhallo.news\/news\/wp-json\/wp\/v2\/posts\/3067\/revisions"}],"predecessor-version":[{"id":3142,"href":"https:\/\/www.aberhallo.news\/news\/wp-json\/wp\/v2\/posts\/3067\/revisions\/3142"}],"wp:featuredmedia":[{"embeddable":true,"href":"https:\/\/www.aberhallo.news\/news\/wp-json\/wp\/v2\/media\/3139"}],"wp:attachment":[{"href":"https:\/\/www.aberhallo.news\/news\/wp-json\/wp\/v2\/media?parent=3067"}],"wp:term":[{"taxonomy":"category","embeddable":true,"href":"https:\/\/www.aberhallo.news\/news\/wp-json\/wp\/v2\/categories?post=3067"},{"taxonomy":"post_tag","embeddable":true,"href":"https:\/\/www.aberhallo.news\/news\/wp-json\/wp\/v2\/tags?post=3067"}],"curies":[{"name":"wp","href":"https:\/\/api.w.org\/{rel}","templated":true}]}}