{"id":3030,"date":"2018-12-20T00:24:11","date_gmt":"2018-12-19T23:24:11","guid":{"rendered":"http:\/\/www.aberhallo.news\/news\/?p=3030"},"modified":"2019-01-17T14:23:41","modified_gmt":"2019-01-17T13:23:41","slug":"jetzt-gibts-nachtisch-und-mehr","status":"publish","type":"post","link":"https:\/\/www.aberhallo.news\/news\/jetzt-gibts-nachtisch-und-mehr\/","title":{"rendered":"Jetzt gibt&#8217;s (auch) Nachtisch!"},"content":{"rendered":"\n<p><strong>Seit dem 10. Dezember ist die neue Mensa in Betrieb. Am 17. wurde sie offiziell er\u00f6ffnet. Mittags gibt es hier (nach vorheriger Bestellung) ein warmes Mittagessen, dazu Salat und auch s\u00fc\u00dfen Nachtisch.<\/strong><\/p>\n\n\n\n<p>&#8222;Ich habe gedacht, ich k\u00f6nnte eher vom neuen Berliner Flughafen abfliegen, als hier zu essen,&#8220; hatte unser kommissarischer Schulleiter Herr Voss noch Anfang Dezember gesagt. Dann aber wurden die Sicht- und Staubschutzfolien vor den T\u00fcren entfernt und die neue Mensa bot erste Einblicke. Kurz vor Fertigstellung, die sich \u00fcber Jahre hinausgez\u00f6gert hatte, gab es dann aber wieder die gewohnte Information: Die Er\u00f6ffnung verz\u00f6gert sich.<\/p>\n\n\n\n<figure class=\"wp-block-image\"><img data-recalc-dims=\"1\" loading=\"lazy\" decoding=\"async\" width=\"600\" height=\"400\" data-attachment-id=\"3126\" data-permalink=\"https:\/\/www.aberhallo.news\/news\/img_6028bearbeitet\/\" data-orig-file=\"https:\/\/i0.wp.com\/www.aberhallo.news\/news\/wp-content\/uploads\/2019\/01\/IMG_6028bearbeitet.jpg?fit=600%2C400&amp;ssl=1\" data-orig-size=\"600,400\" data-comments-opened=\"0\" data-image-meta=\"{&quot;aperture&quot;:&quot;4.5&quot;,&quot;credit&quot;:&quot;&quot;,&quot;camera&quot;:&quot;Canon EOS 200D&quot;,&quot;caption&quot;:&quot;&quot;,&quot;created_timestamp&quot;:&quot;1545060922&quot;,&quot;copyright&quot;:&quot;&quot;,&quot;focal_length&quot;:&quot;18&quot;,&quot;iso&quot;:&quot;400&quot;,&quot;shutter_speed&quot;:&quot;0.025&quot;,&quot;title&quot;:&quot;&quot;,&quot;orientation&quot;:&quot;1&quot;}\" data-image-title=\"IMG_6028bearbeitet\" data-image-description=\"\" data-image-caption=\"&lt;p&gt;Frau Kok gibt das Essen in der Mensa aus.&lt;\/p&gt;\n\" data-medium-file=\"https:\/\/i0.wp.com\/www.aberhallo.news\/news\/wp-content\/uploads\/2019\/01\/IMG_6028bearbeitet.jpg?fit=300%2C200&amp;ssl=1\" data-large-file=\"https:\/\/i0.wp.com\/www.aberhallo.news\/news\/wp-content\/uploads\/2019\/01\/IMG_6028bearbeitet.jpg?fit=600%2C400&amp;ssl=1\" src=\"https:\/\/i0.wp.com\/www.aberhallo.news\/news\/wp-content\/uploads\/2019\/01\/IMG_6028bearbeitet.jpg?resize=600%2C400&#038;ssl=1\" alt=\"\" class=\"wp-image-3126\" srcset=\"https:\/\/i0.wp.com\/www.aberhallo.news\/news\/wp-content\/uploads\/2019\/01\/IMG_6028bearbeitet.jpg?w=600&amp;ssl=1 600w, https:\/\/i0.wp.com\/www.aberhallo.news\/news\/wp-content\/uploads\/2019\/01\/IMG_6028bearbeitet.jpg?resize=300%2C200&amp;ssl=1 300w, https:\/\/i0.wp.com\/www.aberhallo.news\/news\/wp-content\/uploads\/2019\/01\/IMG_6028bearbeitet.jpg?resize=150%2C100&amp;ssl=1 150w\" sizes=\"auto, (max-width: 600px) 100vw, 600px\" \/><figcaption>Frau Kok gibt das Essen in der Mensa aus.<\/figcaption><\/figure>\n\n\n\n<p>Die K\u00fchlr\u00e4ume liefen wohl nicht zuverl\u00e4ssig und die in der Decke eingebauten Heizsysteme lie\u00dfen sich auch nicht richtig steuern. Also waren die Lagerr\u00e4ume zu warm und der Speiseraum zu kalt. Die Er\u00f6ffnung musste erneut um zwei Wochen verschoben werden. (Mehr zum Baubetrieb in einem <a aria-label=\"Beitrag von aberhallo.TV  (opens in a new tab)\" href=\"https:\/\/www.youtube.com\/watch?v=UOUssEFFFc8\" target=\"_blank\" rel=\"noreferrer noopener\">Beitrag von aberhallo.TV <\/a>oder auch dieser Seite unter dem <a href=\"https:\/\/www.aberhallo.news\/news\/tag\/mensa\/\">Schlagwort Mensa<\/a>.) Das hatte auch Auswirkungen auf den Weihnachtsmarkt: Die Sch\u00fclervertretung hatte das Schulfest f\u00fcr den 6. Dezember geplant, die Mensaer\u00f6ffnung sollte daran angebunden sein. Also verschoben Sch\u00fclervertretung und Schulleitung gemeinsam beide Veranstaltungen auf die letzte Schulwoche des Jahres. Jetzt musste aber in der Mensa wirklich alles klappen!<\/p>\n\n\n\n<figure class=\"wp-block-image\"><img data-recalc-dims=\"1\" loading=\"lazy\" decoding=\"async\" width=\"600\" height=\"400\" data-attachment-id=\"3125\" data-permalink=\"https:\/\/www.aberhallo.news\/news\/img_6025bhearbeeet\/\" data-orig-file=\"https:\/\/i0.wp.com\/www.aberhallo.news\/news\/wp-content\/uploads\/2019\/01\/IMG_6025bhearbeeet.jpg?fit=600%2C400&amp;ssl=1\" data-orig-size=\"600,400\" data-comments-opened=\"0\" data-image-meta=\"{&quot;aperture&quot;:&quot;5.6&quot;,&quot;credit&quot;:&quot;&quot;,&quot;camera&quot;:&quot;Canon EOS 200D&quot;,&quot;caption&quot;:&quot;&quot;,&quot;created_timestamp&quot;:&quot;1545060779&quot;,&quot;copyright&quot;:&quot;&quot;,&quot;focal_length&quot;:&quot;18&quot;,&quot;iso&quot;:&quot;400&quot;,&quot;shutter_speed&quot;:&quot;0.02&quot;,&quot;title&quot;:&quot;&quot;,&quot;orientation&quot;:&quot;1&quot;}\" data-image-title=\"IMG_6025bhearbeeet\" data-image-description=\"\" data-image-caption=\"\" data-medium-file=\"https:\/\/i0.wp.com\/www.aberhallo.news\/news\/wp-content\/uploads\/2019\/01\/IMG_6025bhearbeeet.jpg?fit=300%2C200&amp;ssl=1\" data-large-file=\"https:\/\/i0.wp.com\/www.aberhallo.news\/news\/wp-content\/uploads\/2019\/01\/IMG_6025bhearbeeet.jpg?fit=600%2C400&amp;ssl=1\" src=\"https:\/\/i0.wp.com\/www.aberhallo.news\/news\/wp-content\/uploads\/2019\/01\/IMG_6025bhearbeeet.jpg?resize=600%2C400&#038;ssl=1\" alt=\"\" class=\"wp-image-3125\" srcset=\"https:\/\/i0.wp.com\/www.aberhallo.news\/news\/wp-content\/uploads\/2019\/01\/IMG_6025bhearbeeet.jpg?w=600&amp;ssl=1 600w, https:\/\/i0.wp.com\/www.aberhallo.news\/news\/wp-content\/uploads\/2019\/01\/IMG_6025bhearbeeet.jpg?resize=300%2C200&amp;ssl=1 300w, https:\/\/i0.wp.com\/www.aberhallo.news\/news\/wp-content\/uploads\/2019\/01\/IMG_6025bhearbeeet.jpg?resize=150%2C100&amp;ssl=1 150w\" sizes=\"auto, (max-width: 600px) 100vw, 600px\" \/><\/figure>\n\n\n\n<p>Zum Testen startete schon am 10. Dezember die Essensausgabe mit einem Probebetrieb. Ab dann kam das Essen auch nicht mehr in Warmhalteboxen aus einer Nordenhamer Gro\u00dfk\u00fcche, sondern aus dem Dampfgahrer aus der neuen K\u00fcche. Ein Bremer Unternehmen liefert das Essen &#8211; vorgekocht, dann tiefgefroren &#8211; nach Nordenham. Hier wird es in der Mensak\u00fcche fertiggegahrt und hei\u00df auf den B\u00fcffetwagen angeboten. (Wie es dort aussieht, zeigen wir euch in einem <a href=\"https:\/\/www.youtube.com\/watch?v=idB0sTnaq0M\">Beitrag von aberhallo.TV!<\/a>) Drei in Teilzeit besch\u00e4ftigte Frauen sind daf\u00fcr zust\u00e4ndig, das Essen an die Sch\u00fcler, Lehrer und p\u00e4dagogischen Mitarbeiter auszugeben.<\/p>\n\n\n\n<p>Wer mittags essen will, muss sich aber schon eine Woche vorher anmelden. Das geht wie bisher \u00fcber das Online-Anmeldesystem. Vor Ort h\u00e4lt man dann seine Essensmarke unter einen Scanner. Das Men\u00fc wird dann automatisch vom Konto abgebucht, das die Eltern immer wieder aufladen k\u00f6nnen. Zum Mittagessenssystem kommst du [<a href=\"https:\/\/obs1.sams-on.de\/\">HIER<\/a>].<\/p>\n\n\n\n<p>Am Tag der offiziellen Er\u00f6ffnungsfeier begr\u00fc\u00dfte der kommissarische Schulleiter Ingo Voss viele G\u00e4ste in der Mensa. Schulleiter der anderen Nordenhamer Schulen waren gekommen, auch die Mitarbeiter vom Landkreis Wesermarsch, die den Umbau der ehemaligen Aula in die Mensa geplant und betreut hatten. Der Kreistag hatte urspr\u00fcnglich mal 300.000 Euro bereitgestellt, um die neue Mensa zu bauen. Am Ende standen 850.000 Euro auf der Rechnung! Alleine die neue Terrasse hatte nochmal 90.000 Euro gekostet, auch die Schadstoffentfernung aus dem Boden hatte viel Geld gekostet. Vor Ort guckten sich Abgeordnete der verschiedenen Kreistagsfraktionen und Vertreter des Stadtrates die fertige Mensa an. Auch der stellvertretende Landrat Uwe Th\u00f6le und der stellvertretende B\u00fcrgermeister Ulf Riegel nahmen an der Er\u00f6ffnungsfeier teil. Eltern und Sch\u00fcler k\u00f6nnten im Anschluss das neue Mittagsessen ebenfalls probieren. Tanja Buse, die didaktische Leiterin der Schule, forderte die Sch\u00fclervertreter dazu auf, &#8222;kritisch&#8220; die Entwicklung der Mensa zu begleiten. Was schmeckt, was schmeckt nicht? Was soll angeboten werden, was muss anders werden? Dazu sollen die Sch\u00fcler ihre Gedanken einbringen. Eventuell sollen sogar Wahlpflichtkurse zuk\u00fcnftig einen Teil des Essens in berufspraktischen Kursen zubereiten.<\/p>\n\n\n\n<figure class=\"wp-block-image\"><img data-recalc-dims=\"1\" loading=\"lazy\" decoding=\"async\" width=\"600\" height=\"400\" data-attachment-id=\"3119\" data-permalink=\"https:\/\/www.aberhallo.news\/news\/img_6005-beabrietet\/\" data-orig-file=\"https:\/\/i0.wp.com\/www.aberhallo.news\/news\/wp-content\/uploads\/2019\/01\/IMG_6005.beabrietet.jpg?fit=600%2C400&amp;ssl=1\" data-orig-size=\"600,400\" data-comments-opened=\"0\" data-image-meta=\"{&quot;aperture&quot;:&quot;4.5&quot;,&quot;credit&quot;:&quot;&quot;,&quot;camera&quot;:&quot;Canon EOS 200D&quot;,&quot;caption&quot;:&quot;&quot;,&quot;created_timestamp&quot;:&quot;1545058803&quot;,&quot;copyright&quot;:&quot;&quot;,&quot;focal_length&quot;:&quot;18&quot;,&quot;iso&quot;:&quot;400&quot;,&quot;shutter_speed&quot;:&quot;0.025&quot;,&quot;title&quot;:&quot;&quot;,&quot;orientation&quot;:&quot;1&quot;}\" data-image-title=\"IMG_6005.beabrietet\" data-image-description=\"\" data-image-caption=\"\" data-medium-file=\"https:\/\/i0.wp.com\/www.aberhallo.news\/news\/wp-content\/uploads\/2019\/01\/IMG_6005.beabrietet.jpg?fit=300%2C200&amp;ssl=1\" data-large-file=\"https:\/\/i0.wp.com\/www.aberhallo.news\/news\/wp-content\/uploads\/2019\/01\/IMG_6005.beabrietet.jpg?fit=600%2C400&amp;ssl=1\" src=\"https:\/\/i0.wp.com\/www.aberhallo.news\/news\/wp-content\/uploads\/2019\/01\/IMG_6005.beabrietet.jpg?resize=600%2C400&#038;ssl=1\" alt=\"\" class=\"wp-image-3119\" srcset=\"https:\/\/i0.wp.com\/www.aberhallo.news\/news\/wp-content\/uploads\/2019\/01\/IMG_6005.beabrietet.jpg?w=600&amp;ssl=1 600w, https:\/\/i0.wp.com\/www.aberhallo.news\/news\/wp-content\/uploads\/2019\/01\/IMG_6005.beabrietet.jpg?resize=300%2C200&amp;ssl=1 300w, https:\/\/i0.wp.com\/www.aberhallo.news\/news\/wp-content\/uploads\/2019\/01\/IMG_6005.beabrietet.jpg?resize=150%2C100&amp;ssl=1 150w\" sizes=\"auto, (max-width: 600px) 100vw, 600px\" \/><\/figure>\n\n\n\n<h3 class=\"wp-block-heading\">Alles Grau? Oder darf es etwas Farbe sein?<\/h3>\n\n\n\n<p>\u00dcber Geschmack l\u00e4sst sich bekanntlich streiten. Und so gab es schon die ersten Geschmacksdiskussionen, bevor das erste Mittagessen auf dem Tisch stand: Die neue Mensa ist sehr schlicht gestaltet. Die hohen W\u00e4nde sind verkleidet mit wei\u00dfen Schallschluckplatten, Teile der W\u00e4nde sind grau. Die Tische sind wei\u00df, die St\u00fchle abwechselnd grau und wei\u00df. Das finden einige sehr modern, andere trist. Bilder h\u00e4ngen (noch?) nicht an den W\u00e4nden: Hier gibt es Kl\u00e4rungsbedarf \u00fcber Anbringungsm\u00f6glichkeiten und Fragen des Brandschutzes m\u00fcssen gekl\u00e4rt werden.<strong> <\/strong><\/p>\n\n\n\n<p><strong>Was ist eure Meinung zur Mensa-Gestaltung? Postet in den Kommentaren oder auf unserer Facebookseite!<\/strong><\/p>\n\n\n\n<p style=\"text-align:right\">| Text und Bilder: Malte Hollmann,<br>Kain Nienaber, Philipp Deters, alle Kl. 10a |<br><\/p>\n","protected":false},"excerpt":{"rendered":"<p>Seit dem 10. Dezember ist die neue Mensa in Betrieb. Am 17. wurde sie offiziell er\u00f6ffnet. Mittags gibt es hier (nach vorheriger Bestellung) ein warmes Mittagessen, dazu Salat und auch s\u00fc\u00dfen Nachtisch. &#8222;Ich habe gedacht, ich k\u00f6nnte eher vom neuen Berliner Flughafen abfliegen, als hier zu essen,&#8220; hatte unser kommissarischer Schulleiter Herr Voss noch Anfang&#8230;<\/p>\n","protected":false},"author":2,"featured_media":3124,"comment_status":"open","ping_status":"closed","sticky":false,"template":"","format":"standard","meta":{"jetpack_post_was_ever_published":false,"_jetpack_newsletter_access":"","_jetpack_dont_email_post_to_subs":false,"_jetpack_newsletter_tier_id":0,"_jetpack_memberships_contains_paywalled_content":false,"_jetpack_memberships_contains_paid_content":false,"footnotes":"","jetpack_publicize_message":"","jetpack_publicize_feature_enabled":true,"jetpack_social_post_already_shared":true,"jetpack_social_options":{"image_generator_settings":{"template":"highway","default_image_id":0,"font":"","enabled":false},"version":2}},"categories":[9,1,6],"tags":[82],"class_list":["post-3030","post","type-post","status-publish","format-standard","has-post-thumbnail","hentry","category-aber-hallo-textet","category-allgemein","category-aus-der-schule","tag-mensa","loop-entry clr"],"jetpack_publicize_connections":[],"jetpack_featured_media_url":"https:\/\/i0.wp.com\/www.aberhallo.news\/news\/wp-content\/uploads\/2019\/01\/IMG_6023bearbeitet.jpg?fit=600%2C400&ssl=1","jetpack_sharing_enabled":true,"jetpack_shortlink":"https:\/\/wp.me\/p83yhZ-MS","jetpack-related-posts":[],"_links":{"self":[{"href":"https:\/\/www.aberhallo.news\/news\/wp-json\/wp\/v2\/posts\/3030","targetHints":{"allow":["GET"]}}],"collection":[{"href":"https:\/\/www.aberhallo.news\/news\/wp-json\/wp\/v2\/posts"}],"about":[{"href":"https:\/\/www.aberhallo.news\/news\/wp-json\/wp\/v2\/types\/post"}],"author":[{"embeddable":true,"href":"https:\/\/www.aberhallo.news\/news\/wp-json\/wp\/v2\/users\/2"}],"replies":[{"embeddable":true,"href":"https:\/\/www.aberhallo.news\/news\/wp-json\/wp\/v2\/comments?post=3030"}],"version-history":[{"count":4,"href":"https:\/\/www.aberhallo.news\/news\/wp-json\/wp\/v2\/posts\/3030\/revisions"}],"predecessor-version":[{"id":3166,"href":"https:\/\/www.aberhallo.news\/news\/wp-json\/wp\/v2\/posts\/3030\/revisions\/3166"}],"wp:featuredmedia":[{"embeddable":true,"href":"https:\/\/www.aberhallo.news\/news\/wp-json\/wp\/v2\/media\/3124"}],"wp:attachment":[{"href":"https:\/\/www.aberhallo.news\/news\/wp-json\/wp\/v2\/media?parent=3030"}],"wp:term":[{"taxonomy":"category","embeddable":true,"href":"https:\/\/www.aberhallo.news\/news\/wp-json\/wp\/v2\/categories?post=3030"},{"taxonomy":"post_tag","embeddable":true,"href":"https:\/\/www.aberhallo.news\/news\/wp-json\/wp\/v2\/tags?post=3030"}],"curies":[{"name":"wp","href":"https:\/\/api.w.org\/{rel}","templated":true}]}}