{"id":2921,"date":"2018-12-06T13:25:56","date_gmt":"2018-12-06T12:25:56","guid":{"rendered":"http:\/\/www.aberhallo.news\/news\/?p=2921"},"modified":"2018-12-07T18:07:33","modified_gmt":"2018-12-07T17:07:33","slug":"mueller-1900-tag-9-punsch-waffeln-und-stutenkerle","status":"publish","type":"post","link":"https:\/\/www.aberhallo.news\/news\/mueller-1900-tag-9-punsch-waffeln-und-stutenkerle\/","title":{"rendered":"M\u00fcller 1900 &#8211; Tag 9: Punsch, Waffeln und Stutenkerle"},"content":{"rendered":"<p>Am neunten Tag des &#8222;M\u00fcller-Praktikums 1900&#8220;\u00a0 haben wir uns in Gruppen aufgeteilt. Wir haben Punsch gekocht, Waffeln gemacht und Stutenkerle gebacken &#8211; mehr dazu in diesem Text! Au\u00dferdem ging eine Gruppe zu einer Betriebsbesichtigung mit Herrn Lange in die B\u00e4ckerei Jantzen in Abbehausen (Bericht folgt).<\/p>\n<p>Der zweite Teil des Kurses blieb mit Frau Francksen in der M\u00fchle. Einige haben dort Stutenkerle gebacken. Den Teig f\u00fcr die Stutenkerle haben wir selber zusammen gestellt und verr\u00fchrt. Wir rollten den Teig sorgf\u00e4ltig und gerade aus, um kleine oder gro\u00dfe Stutenkerle auszustechen. Anschlie\u00dfend formten wir sie noch zurecht und legten sie auf das Backblech. Die Stutenkerle mussten jetzt nur noch f\u00fcr f\u00fcnf Minuten in den Ofen.<\/p>\n<p>Die anderen, die in der Zeit das Waffeleisen und den Waffelteig vorbereiteten, hatte dabei ein paar Schwierigkeiten. Sie hatten manchmal das Problem, dass sie zu wenig Teig hatten und so die ein oder andere Waffel verloren haben. Anschlie\u00dfend bereiteten zwei Leute den Punsch vor und deckten den Tisch. Als die Waffeln und die Stutenkerle fertig waren, setzen wir uns an den Tisch und haben mit Genuss die Waffeln und die Stutenkerle verzehrt. Der Punsch war dann auch fertig.<\/p>\n<p>P\u00fcnktlich zum Essen kam die Gruppe von der B\u00e4ckerei Jantzen zur\u00fcck &#8211; was f\u00fcr ein Zufall!<\/p>\n<p>Hier noch eine kleine Anleitung zum Backen von Stutenkerlen!<\/p>\n<p>Erstmal die Zutaten:<\/p>\n<ul>\n<li>100 ml Milch<\/li>\n<li>50 g weiche Butter oder Margarine<\/li>\n<li>250 g Mehl<\/li>\n<li>3 bis 4 EL Zucker<\/li>\n<li>etwas weniger als 1\/2 P\u00e4ckchen frische Hefe<\/li>\n<li>2 Eier<\/li>\n<li>1 Prise Salz<\/li>\n<li>Rosinen<\/li>\n<\/ul>\n<p>Nach dem ihr euch die Zutaten besorgt habt, k\u00f6nnt ihr los legen:<\/p>\n<p style=\"text-align: center;\"><img data-recalc-dims=\"1\" loading=\"lazy\" decoding=\"async\" data-attachment-id=\"2965\" data-permalink=\"https:\/\/www.aberhallo.news\/news\/mueller-1900-tag-9-punsch-waffeln-und-stutenkerle\/stutenkerl1_600\/\" data-orig-file=\"https:\/\/i0.wp.com\/www.aberhallo.news\/news\/wp-content\/uploads\/2018\/12\/stutenkerl1_600.jpg?fit=600%2C400&amp;ssl=1\" data-orig-size=\"600,400\" data-comments-opened=\"0\" data-image-meta=\"{&quot;aperture&quot;:&quot;0&quot;,&quot;credit&quot;:&quot;&quot;,&quot;camera&quot;:&quot;&quot;,&quot;caption&quot;:&quot;&quot;,&quot;created_timestamp&quot;:&quot;0&quot;,&quot;copyright&quot;:&quot;&quot;,&quot;focal_length&quot;:&quot;0&quot;,&quot;iso&quot;:&quot;0&quot;,&quot;shutter_speed&quot;:&quot;0&quot;,&quot;title&quot;:&quot;&quot;,&quot;orientation&quot;:&quot;0&quot;}\" data-image-title=\"stutenkerl1_600\" data-image-description=\"\" data-image-caption=\"\" data-medium-file=\"https:\/\/i0.wp.com\/www.aberhallo.news\/news\/wp-content\/uploads\/2018\/12\/stutenkerl1_600.jpg?fit=300%2C200&amp;ssl=1\" data-large-file=\"https:\/\/i0.wp.com\/www.aberhallo.news\/news\/wp-content\/uploads\/2018\/12\/stutenkerl1_600.jpg?fit=600%2C400&amp;ssl=1\" class=\"aligncenter size-medium wp-image-2965\" src=\"https:\/\/i0.wp.com\/www.aberhallo.news\/news\/wp-content\/uploads\/2018\/12\/stutenkerl1_600.jpg?resize=300%2C200&#038;ssl=1\" alt=\"\" width=\"300\" height=\"200\" srcset=\"https:\/\/i0.wp.com\/www.aberhallo.news\/news\/wp-content\/uploads\/2018\/12\/stutenkerl1_600.jpg?resize=300%2C200&amp;ssl=1 300w, https:\/\/i0.wp.com\/www.aberhallo.news\/news\/wp-content\/uploads\/2018\/12\/stutenkerl1_600.jpg?resize=150%2C100&amp;ssl=1 150w, https:\/\/i0.wp.com\/www.aberhallo.news\/news\/wp-content\/uploads\/2018\/12\/stutenkerl1_600.jpg?w=600&amp;ssl=1 600w\" sizes=\"auto, (max-width: 300px) 100vw, 300px\" \/><\/p>\n<p>Schritt 1:<\/p>\n<p>Als erstes m\u00fcsst ihr die Milch\u00a0erw\u00e4rmen, bis sie die K\u00f6rpertemperatur erreicht (k\u00f6nnt ihr mit dem Finger probieren). Die Milch darf nicht zu hei\u00df werden, da sonst die Hefe nicht aufgeht. Dann m\u00fcsst ihr das Mehl\u00a0in eine R\u00fchrsch\u00fcssel geben und in die Mitte eine Vertiefung eindr\u00fccken. In die Vertiefung wird die Hefe hingekr\u00fcmelt. Nun noch ein wenig von der Milch in die Vertiefung geben. Die Hefe ben\u00f6tigt etwa f\u00fcnf bis zehn Minuten\u00a0zum Aufgehen.<br \/>\nIn der Zeit k\u00f6nnt ihr die Butter in den Topf mit der Milch geben und zerlassen.<\/p>\n<p>Schritt 2:<\/p>\n<p>Wenn sich die Hefe\u00a0in der Milch aufgel\u00f6st hat, k\u00f6nnt ihr die restliche Milch, Salz, Zucke und ein Ei hinzugeben und kurz auf niedrigster Stufe mit einem Knethaken mixen, dann ca. \u00a05 bis 10 Minuten\u00a0auf h\u00f6chster Stufe zu einem glatten Teig verr\u00fchren.<\/p>\n<p>Schritt 3:<\/p>\n<p>Nun m\u00fcsst ihr den Teig auf eine bemehlte Arbeitsplatte geben und noch einmal gut mit der Hand durchkneten. Wenn der Teig zu klebrig sein sollte, gebt ihr einfach etwas mehr Mehl dazu. Den Teig in vier gleich gro\u00dfe St\u00fccke\u00a0teilen.<\/p>\n<p>Jetzt geht es an das Formen der Stutenkerle. \ud83d\ude09<\/p>\n<p>Aus jedem Teigst\u00fcck formt ihr kleine Kegel, die ihr auf das Backblech legt. Am dickeren Ende formt ihr eine kleine Kugel als Kopf.<br \/>\nNun schneidet ihr mit einem scharfen Messer zwei Schlitze\u00a0in die Seiten und zieht die Arme nach au\u00dfen.\u00a0F\u00fcr die Beine halbiert\u00a0ihr das untere St\u00fcck des Kegels mit dem Messer und zieht die Beine auseinander.\u00a0Jetzt k\u00f6nnt ihr noch die Rosinen (oder N\u00fcsse) als Augen und Kn\u00f6pfe in den Teig dr\u00fccken.\u00a0Die Stutenkerle m\u00fcssen jetzt nochmal 20 Minuten\u00a0an einem warmen Ort gehen. In der Zeit kann der Backofen auf \u00a0180 Grad Umluft vorheizen<strong>.<\/strong><\/p>\n<p>&nbsp;<\/p>\n<p>Schritt 4:<\/p>\n<p>Das Eigelb mischt ihr mit 1 bis 2 E\u00dfl\u00f6ffel Milch. Damit werden die Stutenkerle bestreichen.<\/p>\n<p>Die Stutenkerle werden 15 Minuten\u00a0im vorgeheizten Ofen fertig gebacken.<\/p>\n<p>Dann k\u00f6nnt ihr sie verzehren. Guten Hunger und viel Spa\u00df beim Nachmachen!<\/p>\n<p style=\"text-align: right;\">| Text: Tom Wieland, Kl. 8d |<\/p>\n<p style=\"text-align: center;\"><img data-recalc-dims=\"1\" loading=\"lazy\" decoding=\"async\" class=\"aligncenter size-medium wp-image-2966\" src=\"https:\/\/i0.wp.com\/www.aberhallo.news\/news\/wp-content\/uploads\/2018\/12\/stutenkerl2_600-300x200.jpg?resize=300%2C200&#038;ssl=1\" alt=\"\" width=\"300\" height=\"200\" \/><\/p>\n","protected":false},"excerpt":{"rendered":"<p>Am neunten Tag des &#8222;M\u00fcller-Praktikums 1900&#8220;\u00a0 haben wir uns in Gruppen aufgeteilt. Wir haben Punsch gekocht, Waffeln gemacht und Stutenkerle gebacken &#8211; mehr dazu in diesem Text! Au\u00dferdem ging eine Gruppe zu einer Betriebsbesichtigung mit Herrn Lange in die B\u00e4ckerei Jantzen in Abbehausen (Bericht folgt). Der zweite Teil des Kurses blieb mit Frau Francksen in&#8230;<\/p>\n","protected":false},"author":14,"featured_media":2941,"comment_status":"closed","ping_status":"open","sticky":false,"template":"","format":"standard","meta":{"jetpack_post_was_ever_published":false,"_jetpack_newsletter_access":"","_jetpack_dont_email_post_to_subs":false,"_jetpack_newsletter_tier_id":0,"_jetpack_memberships_contains_paywalled_content":false,"_jetpack_memberships_contains_paid_content":false,"footnotes":"","jetpack_publicize_message":"","jetpack_publicize_feature_enabled":true,"jetpack_social_post_already_shared":true,"jetpack_social_options":{"image_generator_settings":{"template":"highway","default_image_id":0,"font":"","enabled":false},"version":2}},"categories":[155],"tags":[156],"class_list":["post-2921","post","type-post","status-publish","format-standard","has-post-thumbnail","hentry","category-mueller-1900","tag-mueller1900","loop-entry clr"],"jetpack_publicize_connections":[],"jetpack_featured_media_url":"https:\/\/i0.wp.com\/www.aberhallo.news\/news\/wp-content\/uploads\/2018\/12\/2336CBA1-9124-4E3E-B957-14A4460FE6BC1.jpeg?fit=600%2C400&ssl=1","jetpack_sharing_enabled":true,"jetpack_shortlink":"https:\/\/wp.me\/p83yhZ-L7","jetpack-related-posts":[],"_links":{"self":[{"href":"https:\/\/www.aberhallo.news\/news\/wp-json\/wp\/v2\/posts\/2921","targetHints":{"allow":["GET"]}}],"collection":[{"href":"https:\/\/www.aberhallo.news\/news\/wp-json\/wp\/v2\/posts"}],"about":[{"href":"https:\/\/www.aberhallo.news\/news\/wp-json\/wp\/v2\/types\/post"}],"author":[{"embeddable":true,"href":"https:\/\/www.aberhallo.news\/news\/wp-json\/wp\/v2\/users\/14"}],"replies":[{"embeddable":true,"href":"https:\/\/www.aberhallo.news\/news\/wp-json\/wp\/v2\/comments?post=2921"}],"version-history":[{"count":8,"href":"https:\/\/www.aberhallo.news\/news\/wp-json\/wp\/v2\/posts\/2921\/revisions"}],"predecessor-version":[{"id":2967,"href":"https:\/\/www.aberhallo.news\/news\/wp-json\/wp\/v2\/posts\/2921\/revisions\/2967"}],"wp:featuredmedia":[{"embeddable":true,"href":"https:\/\/www.aberhallo.news\/news\/wp-json\/wp\/v2\/media\/2941"}],"wp:attachment":[{"href":"https:\/\/www.aberhallo.news\/news\/wp-json\/wp\/v2\/media?parent=2921"}],"wp:term":[{"taxonomy":"category","embeddable":true,"href":"https:\/\/www.aberhallo.news\/news\/wp-json\/wp\/v2\/categories?post=2921"},{"taxonomy":"post_tag","embeddable":true,"href":"https:\/\/www.aberhallo.news\/news\/wp-json\/wp\/v2\/tags?post=2921"}],"curies":[{"name":"wp","href":"https:\/\/api.w.org\/{rel}","templated":true}]}}