{"id":2752,"date":"2018-11-22T14:21:17","date_gmt":"2018-11-22T13:21:17","guid":{"rendered":"http:\/\/www.aberhallo.news\/news\/?p=2752"},"modified":"2018-12-07T18:15:10","modified_gmt":"2018-12-07T17:15:10","slug":"die-baenke-sind-da","status":"publish","type":"post","link":"https:\/\/www.aberhallo.news\/news\/die-baenke-sind-da\/","title":{"rendered":"Neue Mensaterrasse: Die B\u00e4nke sind gekommen!"},"content":{"rendered":"<p>Mitte Oktober kamen die neuen B\u00e4nke f\u00fcr die Mensaterrasse an. Sie wurden abgeladen und sofort auf ihre Pl\u00e4tze gestellt. Viele Sch\u00fcler haben sich sofort gesetzt, als alle B\u00e4nke hingestellt waren. Es fehlen jetzt nur noch wenige Sachen, z.B. die Beleuchtung oder B\u00e4ume als Dekoration, damit die Terrasse fertig ist. Die Er\u00f6ffnung der Mensa ist f\u00fcr den 17. Dezember geplant. Damit endet eine ganz lange Bauzeit.<\/p>\n<p style=\"text-align: right;\">| Text: Leon Kasischke, Kl. 8b |<\/p>\n","protected":false},"excerpt":{"rendered":"<p>Mitte Oktober kamen die neuen B\u00e4nke f\u00fcr die Mensaterrasse an. Sie wurden abgeladen und sofort auf ihre Pl\u00e4tze gestellt. Viele Sch\u00fcler haben sich sofort gesetzt, als alle B\u00e4nke hingestellt waren. Es fehlen jetzt nur noch wenige Sachen, z.B. die Beleuchtung oder B\u00e4ume als Dekoration, damit die Terrasse fertig ist. Die Er\u00f6ffnung der Mensa ist f\u00fcr&#8230;<\/p>\n","protected":false},"author":1,"featured_media":2904,"comment_status":"closed","ping_status":"open","sticky":false,"template":"","format":"standard","meta":{"jetpack_post_was_ever_published":false,"_jetpack_newsletter_access":"","_jetpack_dont_email_post_to_subs":false,"_jetpack_newsletter_tier_id":0,"_jetpack_memberships_contains_paywalled_content":false,"_jetpack_memberships_contains_paid_content":false,"footnotes":"","jetpack_publicize_message":"","jetpack_publicize_feature_enabled":true,"jetpack_social_post_already_shared":true,"jetpack_social_options":{"image_generator_settings":{"template":"highway","default_image_id":0,"font":"","enabled":false},"version":2}},"categories":[9,1],"tags":[82],"class_list":["post-2752","post","type-post","status-publish","format-standard","has-post-thumbnail","hentry","category-aber-hallo-textet","category-allgemein","tag-mensa","loop-entry clr"],"jetpack_publicize_connections":[],"jetpack_featured_media_url":"https:\/\/i0.wp.com\/www.aberhallo.news\/news\/wp-content\/uploads\/2018\/11\/b%C3%A4nkemensa.png?fit=600%2C400&ssl=1","jetpack_sharing_enabled":true,"jetpack_shortlink":"https:\/\/wp.me\/p83yhZ-Io","jetpack-related-posts":[],"_links":{"self":[{"href":"https:\/\/www.aberhallo.news\/news\/wp-json\/wp\/v2\/posts\/2752","targetHints":{"allow":["GET"]}}],"collection":[{"href":"https:\/\/www.aberhallo.news\/news\/wp-json\/wp\/v2\/posts"}],"about":[{"href":"https:\/\/www.aberhallo.news\/news\/wp-json\/wp\/v2\/types\/post"}],"author":[{"embeddable":true,"href":"https:\/\/www.aberhallo.news\/news\/wp-json\/wp\/v2\/users\/1"}],"replies":[{"embeddable":true,"href":"https:\/\/www.aberhallo.news\/news\/wp-json\/wp\/v2\/comments?post=2752"}],"version-history":[{"count":9,"href":"https:\/\/www.aberhallo.news\/news\/wp-json\/wp\/v2\/posts\/2752\/revisions"}],"predecessor-version":[{"id":2913,"href":"https:\/\/www.aberhallo.news\/news\/wp-json\/wp\/v2\/posts\/2752\/revisions\/2913"}],"wp:featuredmedia":[{"embeddable":true,"href":"https:\/\/www.aberhallo.news\/news\/wp-json\/wp\/v2\/media\/2904"}],"wp:attachment":[{"href":"https:\/\/www.aberhallo.news\/news\/wp-json\/wp\/v2\/media?parent=2752"}],"wp:term":[{"taxonomy":"category","embeddable":true,"href":"https:\/\/www.aberhallo.news\/news\/wp-json\/wp\/v2\/categories?post=2752"},{"taxonomy":"post_tag","embeddable":true,"href":"https:\/\/www.aberhallo.news\/news\/wp-json\/wp\/v2\/tags?post=2752"}],"curies":[{"name":"wp","href":"https:\/\/api.w.org\/{rel}","templated":true}]}}