{"id":2724,"date":"2018-11-12T14:15:15","date_gmt":"2018-11-12T13:15:15","guid":{"rendered":"http:\/\/www.aberhallo.news\/news\/?p=2724"},"modified":"2018-11-23T19:15:21","modified_gmt":"2018-11-23T18:15:21","slug":"tag-6-die-rallye-und-kritik-am-museum","status":"publish","type":"post","link":"https:\/\/www.aberhallo.news\/news\/tag-6-die-rallye-und-kritik-am-museum\/","title":{"rendered":"M\u00fcller1900 &#8211; Tag 6: Die Rallye und Kritik am Museum"},"content":{"rendered":"<p>Am Montag, dem 12. November 2018, sind wir aufs Neue zur M\u00fchle gefahren. Unser Kurs wurde in drei Gruppen aufgeteilt: Wir haben mit Herrn Greim eine Rallye gemacht, die durch alle Geb\u00e4ude des M\u00fchlenmuseums f\u00fchrte. Aber wir haben uns mit ihm auch die Dauerausstellung angeguckt. Wir Sch\u00fcler konnten offen sagen, was uns dort gef\u00e4llt und was uns nicht gef\u00e4llt. Das soll dazu f\u00fchren, dass die Ausstellung nach einer \u00dcberarbeitung besser wird. Ganz wichtig: Wir brauchen Sitzpl\u00e4tze!<\/p>\n<p>Was die anderen Gruppen gemacht haben, gibt es die n\u00e4chsten Wochen hier zu lesen, denn dann tauschen wir die Aufgaben. Dabei gab es nur heute eine Spezialgruppe: Die hatte die Aufgabe, das im September angelegte Feld fertigzustellen. Insbesondere wurde noch Getreide einges\u00e4t.<\/p>\n<div id=\"attachment_2764\" style=\"width: 310px\" class=\"wp-caption aligncenter\"><a href=\"https:\/\/www.aberhallo.news\/news\/tag-6-die-rallye-und-kritik-am-museum\/ausstellung\/\"><img data-recalc-dims=\"1\" loading=\"lazy\" decoding=\"async\" aria-describedby=\"caption-attachment-2764\" data-attachment-id=\"2764\" data-permalink=\"https:\/\/www.aberhallo.news\/news\/tag-6-die-rallye-und-kritik-am-museum\/ausstellung\/\" data-orig-file=\"https:\/\/i0.wp.com\/www.aberhallo.news\/news\/wp-content\/uploads\/2018\/11\/Ausstellung.jpeg?fit=600%2C450&amp;ssl=1\" data-orig-size=\"600,450\" data-comments-opened=\"0\" data-image-meta=\"{&quot;aperture&quot;:&quot;2.2&quot;,&quot;credit&quot;:&quot;&quot;,&quot;camera&quot;:&quot;iPhone 5s&quot;,&quot;caption&quot;:&quot;&quot;,&quot;created_timestamp&quot;:&quot;1542023429&quot;,&quot;copyright&quot;:&quot;&quot;,&quot;focal_length&quot;:&quot;4.15&quot;,&quot;iso&quot;:&quot;320&quot;,&quot;shutter_speed&quot;:&quot;0.03030303030303&quot;,&quot;title&quot;:&quot;&quot;,&quot;orientation&quot;:&quot;1&quot;}\" data-image-title=\"Ausstellung\" data-image-description=\"\" data-image-caption=\"&lt;p&gt;Im Obergeschoss des Museums Moorseer M\u00fchle werden Besucher \u00fcber die M\u00fchlengeschichte im Landkreis Wesermarsch informiert.&lt;\/p&gt;\n\" data-medium-file=\"https:\/\/i0.wp.com\/www.aberhallo.news\/news\/wp-content\/uploads\/2018\/11\/Ausstellung.jpeg?fit=300%2C225&amp;ssl=1\" data-large-file=\"https:\/\/i0.wp.com\/www.aberhallo.news\/news\/wp-content\/uploads\/2018\/11\/Ausstellung.jpeg?fit=600%2C450&amp;ssl=1\" class=\"wp-image-2764 size-medium\" src=\"https:\/\/i0.wp.com\/www.aberhallo.news\/news\/wp-content\/uploads\/2018\/11\/Ausstellung.jpeg?resize=300%2C225&#038;ssl=1\" alt=\"\" width=\"300\" height=\"225\" srcset=\"https:\/\/i0.wp.com\/www.aberhallo.news\/news\/wp-content\/uploads\/2018\/11\/Ausstellung.jpeg?resize=300%2C225&amp;ssl=1 300w, https:\/\/i0.wp.com\/www.aberhallo.news\/news\/wp-content\/uploads\/2018\/11\/Ausstellung.jpeg?resize=150%2C113&amp;ssl=1 150w, https:\/\/i0.wp.com\/www.aberhallo.news\/news\/wp-content\/uploads\/2018\/11\/Ausstellung.jpeg?w=600&amp;ssl=1 600w\" sizes=\"auto, (max-width: 300px) 100vw, 300px\" \/><\/a><p id=\"caption-attachment-2764\" class=\"wp-caption-text\">Im Obergeschoss des M\u00fchlenmuseums werden Besucher informiert \u00fcber die M\u00fchlengeschichte im Landkreis Wesermarsch.<\/p><\/div>\n<p>&nbsp;<\/p>\n<p style=\"text-align: right;\">| Text: Rico Strietzel, Kl. 8c |<\/p>\n<div class=\"sharedaddy sd-sharing-enabled\"><\/div>\n","protected":false},"excerpt":{"rendered":"<p>Am Montag, dem 12. November 2018, sind wir aufs Neue zur M\u00fchle gefahren. Unser Kurs wurde in drei Gruppen aufgeteilt: Wir haben mit Herrn Greim eine Rallye gemacht, die durch alle Geb\u00e4ude des M\u00fchlenmuseums f\u00fchrte. Aber wir haben uns mit ihm auch die Dauerausstellung angeguckt. Wir Sch\u00fcler konnten offen sagen, was uns dort gef\u00e4llt und&#8230;<\/p>\n","protected":false},"author":1,"featured_media":2731,"comment_status":"closed","ping_status":"open","sticky":false,"template":"","format":"standard","meta":{"jetpack_post_was_ever_published":false,"_jetpack_newsletter_access":"","_jetpack_dont_email_post_to_subs":false,"_jetpack_newsletter_tier_id":0,"_jetpack_memberships_contains_paywalled_content":false,"_jetpack_memberships_contains_paid_content":false,"footnotes":"","jetpack_publicize_message":"","jetpack_publicize_feature_enabled":true,"jetpack_social_post_already_shared":true,"jetpack_social_options":{"image_generator_settings":{"template":"highway","default_image_id":0,"font":"","enabled":false},"version":2}},"categories":[155],"tags":[156],"class_list":["post-2724","post","type-post","status-publish","format-standard","has-post-thumbnail","hentry","category-mueller-1900","tag-mueller1900","loop-entry clr"],"jetpack_publicize_connections":[],"jetpack_featured_media_url":"https:\/\/i0.wp.com\/www.aberhallo.news\/news\/wp-content\/uploads\/2018\/11\/Lel.jpeg?fit=600%2C450&ssl=1","jetpack_sharing_enabled":true,"jetpack_shortlink":"https:\/\/wp.me\/p83yhZ-HW","jetpack-related-posts":[],"_links":{"self":[{"href":"https:\/\/www.aberhallo.news\/news\/wp-json\/wp\/v2\/posts\/2724","targetHints":{"allow":["GET"]}}],"collection":[{"href":"https:\/\/www.aberhallo.news\/news\/wp-json\/wp\/v2\/posts"}],"about":[{"href":"https:\/\/www.aberhallo.news\/news\/wp-json\/wp\/v2\/types\/post"}],"author":[{"embeddable":true,"href":"https:\/\/www.aberhallo.news\/news\/wp-json\/wp\/v2\/users\/1"}],"replies":[{"embeddable":true,"href":"https:\/\/www.aberhallo.news\/news\/wp-json\/wp\/v2\/comments?post=2724"}],"version-history":[{"count":9,"href":"https:\/\/www.aberhallo.news\/news\/wp-json\/wp\/v2\/posts\/2724\/revisions"}],"predecessor-version":[{"id":2829,"href":"https:\/\/www.aberhallo.news\/news\/wp-json\/wp\/v2\/posts\/2724\/revisions\/2829"}],"wp:featuredmedia":[{"embeddable":true,"href":"https:\/\/www.aberhallo.news\/news\/wp-json\/wp\/v2\/media\/2731"}],"wp:attachment":[{"href":"https:\/\/www.aberhallo.news\/news\/wp-json\/wp\/v2\/media?parent=2724"}],"wp:term":[{"taxonomy":"category","embeddable":true,"href":"https:\/\/www.aberhallo.news\/news\/wp-json\/wp\/v2\/categories?post=2724"},{"taxonomy":"post_tag","embeddable":true,"href":"https:\/\/www.aberhallo.news\/news\/wp-json\/wp\/v2\/tags?post=2724"}],"curies":[{"name":"wp","href":"https:\/\/api.w.org\/{rel}","templated":true}]}}