{"id":2392,"date":"2018-09-27T14:53:59","date_gmt":"2018-09-27T12:53:59","guid":{"rendered":"http:\/\/www.aberhallo.news\/news\/?p=2392"},"modified":"2018-12-07T18:15:51","modified_gmt":"2018-12-07T17:15:51","slug":"schule-ohne-rassismus-schule-mit-courage","status":"publish","type":"post","link":"https:\/\/www.aberhallo.news\/news\/schule-ohne-rassismus-schule-mit-courage\/","title":{"rendered":"Schule ohne Rassismus &#8211; Schule mit Courage"},"content":{"rendered":"<p>Am 21. September war ein Projekttag im Rahmen des Programms &#8222;Schule ohne Rassismus &#8211; Schule mit Courage&#8220;. Einige Projekte werden hier vorgestellt.<\/p>\n<blockquote><p>Die Grunds\u00e4tze einer &#8222;Schule ohne Rassismus &#8211; Schule mit Courage&#8220;:<\/p>\n<ol>\n<li>Ich werde mich daf\u00fcr einsetzen, dass es zu einer zentralen Aufgabe meiner Schule wird, nachhaltige und langfristige Projekte, Aktivit\u00e4ten und Initiativen zu entwickeln, um Diskriminierungen, insbesondere Rassismus, zu \u00fcberwinden.<\/li>\n<li>Wenn an meiner Schule Gewalt, diskriminierende \u00c4u\u00dferungen oder Handlungen ausge\u00fcbt werden, wende ich mich dagegen und setze mich daf\u00fcr ein, dass wir in einer offenen Auseinandersetzung mit diesem Problem gemeinsam Wege finden, uns zuk\u00fcnftig zu achten.<\/li>\n<li>Ich setze mich daf\u00fcr ein, dass an meiner Schule ein Mal pro Jahr ein Projekt zum Thema Diskriminierungen durchgef\u00fchrt wird, um langfristig gegen jegliche Form von Diskriminierung, insbesondere Rassismus, vorzugehen.<\/li>\n<\/ol>\n<p style=\"text-align: center;\">Weitere Informationen: <a href=\"http:\/\/www.schuleohnerassismus.org\">www.schuleohnerassismus.org<\/a><\/p>\n<\/blockquote>\n<h3>Projekt 1: Freies Schreiben<\/h3>\n<p>Im Projekt ,,Freies Schreiben\u201c erstellten die Sch\u00fcler zun\u00e4chst Mindmaps mit ihren Gedanken gegen Rassismus und f\u00fcr eine gute Gesellschaft, um dann Texte gegen Rassismus zu schreiben und kleine Rollenspiele zu schreiben. Au\u00dferdem bearbeiteten sie Arbeitsbl\u00e4tter zum Thema Courage. Das Projekt war von Frau Kahler entwickelt worden. Herr Tosun und Frau Steinhardt halfen bei der Umsetzung aus.<\/p>\n<p><img data-recalc-dims=\"1\" loading=\"lazy\" decoding=\"async\" data-attachment-id=\"2425\" data-permalink=\"https:\/\/www.aberhallo.news\/news\/schule-ohne-rassismus-schule-mit-courage\/img_5547bearbeitet\/\" data-orig-file=\"https:\/\/i0.wp.com\/www.aberhallo.news\/news\/wp-content\/uploads\/2018\/09\/IMG_5547bearbeitet.jpg?fit=600%2C400&amp;ssl=1\" data-orig-size=\"600,400\" data-comments-opened=\"0\" data-image-meta=\"{&quot;aperture&quot;:&quot;4.5&quot;,&quot;credit&quot;:&quot;&quot;,&quot;camera&quot;:&quot;Canon EOS 200D&quot;,&quot;caption&quot;:&quot;&quot;,&quot;created_timestamp&quot;:&quot;1537520444&quot;,&quot;copyright&quot;:&quot;&quot;,&quot;focal_length&quot;:&quot;18&quot;,&quot;iso&quot;:&quot;800&quot;,&quot;shutter_speed&quot;:&quot;0.016666666666667&quot;,&quot;title&quot;:&quot;&quot;,&quot;orientation&quot;:&quot;1&quot;}\" data-image-title=\"IMG_5547bearbeitet\" data-image-description=\"\" data-image-caption=\"\" data-medium-file=\"https:\/\/i0.wp.com\/www.aberhallo.news\/news\/wp-content\/uploads\/2018\/09\/IMG_5547bearbeitet.jpg?fit=300%2C200&amp;ssl=1\" data-large-file=\"https:\/\/i0.wp.com\/www.aberhallo.news\/news\/wp-content\/uploads\/2018\/09\/IMG_5547bearbeitet.jpg?fit=600%2C400&amp;ssl=1\" class=\"alignnone wp-image-2425\" src=\"https:\/\/i0.wp.com\/www.aberhallo.news\/news\/wp-content\/uploads\/2018\/09\/IMG_5547bearbeitet.jpg?resize=544%2C362&#038;ssl=1\" alt=\"\" width=\"544\" height=\"362\" srcset=\"https:\/\/i0.wp.com\/www.aberhallo.news\/news\/wp-content\/uploads\/2018\/09\/IMG_5547bearbeitet.jpg?w=600&amp;ssl=1 600w, https:\/\/i0.wp.com\/www.aberhallo.news\/news\/wp-content\/uploads\/2018\/09\/IMG_5547bearbeitet.jpg?resize=300%2C200&amp;ssl=1 300w, https:\/\/i0.wp.com\/www.aberhallo.news\/news\/wp-content\/uploads\/2018\/09\/IMG_5547bearbeitet.jpg?resize=150%2C100&amp;ssl=1 150w\" sizes=\"auto, (max-width: 544px) 100vw, 544px\" \/><\/p>\n<p style=\"text-align: right;\">|Kain Nienaber, Philipp Deters, Malte Hollmann, Kl. 10a|<\/p>\n<h3>Projekt 2: Internationale K\u00fcche<\/h3>\n<p>In der K\u00fcche arbeiteten Sch\u00fcler und Lehrer zusammen, um Gerichte aus aller Welt zu erstellen. Die Sch\u00fcler haben viele internationale Gerichte gekocht, unter anderem polnische, franz\u00f6sische, rum\u00e4nische und deutsche. Herr Drebing sagte: &#8222;Wir kochen hier internationale Gerichte, weil viele Eltern nicht aus Deutschland kommen.&#8220; Auf die Frage, wie es den so funktionieren w\u00fcrde, antwortete er mit einem kurzen: &#8222;Funktioniert recht gut&#8220;. Mit ihm zusammen in der K\u00fcche waren Frau Dr. Mayer und Frau Terzi.<\/p>\n<p style=\"text-align: right;\">| Bericht: Elias Hellmund, Kl. 9b|<\/p>\n<h3>Projekt 3: Mobilee mit Fahnen<\/h3>\n<p>Das Projekt Mobilee leiteten Herr K\u00f6ster und Herr Staebner. Das gro\u00dfe Mobilee besteht aus Holz und an ihm h\u00e4ngen viele Flaggen von den verschiedensten L\u00e4ndern, wie unter anderem Deutschland, Italien und Griechenland. Das sind die Staaten, aus denen die Sch\u00fcler der OBS 1 kommen. Das Mobilee soll demn\u00e4chst irgendwo im Schulgeb\u00e4ude h\u00e4ngen, wo es jeder bewundern kann.<\/p>\n<p><img data-recalc-dims=\"1\" loading=\"lazy\" decoding=\"async\" data-attachment-id=\"2419\" data-permalink=\"https:\/\/www.aberhallo.news\/news\/d5e8e027-6472-4497-92e0-721f3f77f577\/\" data-orig-file=\"https:\/\/i0.wp.com\/www.aberhallo.news\/news\/wp-content\/uploads\/2018\/09\/D5E8E027-6472-4497-92E0-721F3F77F577-e1537522986322.jpeg?fit=600%2C450&amp;ssl=1\" data-orig-size=\"600,450\" data-comments-opened=\"0\" data-image-meta=\"{&quot;aperture&quot;:&quot;0&quot;,&quot;credit&quot;:&quot;&quot;,&quot;camera&quot;:&quot;&quot;,&quot;caption&quot;:&quot;&quot;,&quot;created_timestamp&quot;:&quot;0&quot;,&quot;copyright&quot;:&quot;&quot;,&quot;focal_length&quot;:&quot;0&quot;,&quot;iso&quot;:&quot;0&quot;,&quot;shutter_speed&quot;:&quot;0&quot;,&quot;title&quot;:&quot;&quot;,&quot;orientation&quot;:&quot;1&quot;}\" data-image-title=\"D5E8E027-6472-4497-92E0-721F3F77F577\" data-image-description=\"\" data-image-caption=\"\" data-medium-file=\"https:\/\/i0.wp.com\/www.aberhallo.news\/news\/wp-content\/uploads\/2018\/09\/D5E8E027-6472-4497-92E0-721F3F77F577-e1537522986322.jpeg?fit=300%2C225&amp;ssl=1\" data-large-file=\"https:\/\/i0.wp.com\/www.aberhallo.news\/news\/wp-content\/uploads\/2018\/09\/D5E8E027-6472-4497-92E0-721F3F77F577-e1537522986322.jpeg?fit=1000%2C750&amp;ssl=1\" class=\"alignnone wp-image-2419\" src=\"https:\/\/i0.wp.com\/www.aberhallo.news\/news\/wp-content\/uploads\/2018\/09\/D5E8E027-6472-4497-92E0-721F3F77F577.jpeg?resize=643%2C482&#038;ssl=1\" alt=\"\" width=\"643\" height=\"482\" \/><\/p>\n<p style=\"text-align: right;\">| Bericht: Lennox Feldmann, Kl. 8d|<\/p>\n<h3>Projekt 4: Erkl\u00e4rvideos gegen Mobbing<\/h3>\n<p>Die Sch\u00fcler, die das Thema &#8222;Videos gegen Mobbing&#8220; hatten, schrieben einen Text und malten Bilder. Danach nahmen sie ein Video auf. Die Bilder sind daf\u00fcr dagewesen, um im Video den Text zu verdeutlichen. Nach einer kurzen Pausen haben sie sich erneut getroffen, um die Videos den anderen Sch\u00fclern vorzustellen. Das Projekt wurde von der Lehramtspraktikantin Frau Kallweit geleitet.<\/p>\n<p style=\"text-align: right;\">| Bericht: Jannis Ostendorp, Kl. 9b|<\/p>\n<h3 style=\"text-align: left;\">Projekt 5:\u00a0 Rock around the World<\/h3>\n<p>Beim Projekttage &#8222;Schule gegen Rassismus &#8211; Schule mit Courage\u201c\u00a0 gab es einen Musikkurs, der von Herrn Lenschau geleitet wurde. Bisso Daramsis und Jason Rettig haben ein paar Person gefragt, wie die es finden.<\/p>\n<p>Adrian: \u201eIch finde es gut, weil wir Musik machen k\u00f6nnen und lernen k\u00f6nnen, wie man Instrumente spielt.\u201c<\/p>\n<p>Corvin: \u201eIch finde es gut, weil wir lernen k\u00f6nnen wie man Instrumente spielt\u201c<\/p>\n<p>&nbsp;<\/p>\n\n\t\t<style type=\"text\/css\">\n\t\t\t#gallery-1 {\n\t\t\t\tmargin: auto;\n\t\t\t}\n\t\t\t#gallery-1 .gallery-item {\n\t\t\t\tfloat: left;\n\t\t\t\tmargin-top: 10px;\n\t\t\t\ttext-align: center;\n\t\t\t\twidth: 33%;\n\t\t\t}\n\t\t\t#gallery-1 img {\n\t\t\t\tborder: 2px solid #cfcfcf;\n\t\t\t}\n\t\t\t#gallery-1 .gallery-caption {\n\t\t\t\tmargin-left: 0;\n\t\t\t}\n\t\t\t\/* see gallery_shortcode() in wp-includes\/media.php *\/\n\t\t<\/style>\n\t\t<div data-carousel-extra='{&quot;blog_id&quot;:1,&quot;permalink&quot;:&quot;https:\/\/www.aberhallo.news\/news\/schule-ohne-rassismus-schule-mit-courage\/&quot;}' id='gallery-1' class='gallery galleryid-2392 gallery-columns-3 gallery-size-thumbnail'><dl class='gallery-item'>\n\t\t\t<dt class='gallery-icon landscape'>\n\t\t\t\t<a href=\"https:\/\/i0.wp.com\/www.aberhallo.news\/news\/wp-content\/uploads\/2018\/09\/IMG_42674.jpg?ssl=1\"><img loading=\"lazy\" decoding=\"async\" width=\"150\" height=\"150\" src=\"https:\/\/i0.wp.com\/www.aberhallo.news\/news\/wp-content\/uploads\/2018\/09\/IMG_42674.jpg?resize=150%2C150&amp;ssl=1\" class=\"attachment-thumbnail size-thumbnail\" alt=\"\" srcset=\"https:\/\/i0.wp.com\/www.aberhallo.news\/news\/wp-content\/uploads\/2018\/09\/IMG_42674.jpg?resize=150%2C150&amp;ssl=1 150w, https:\/\/i0.wp.com\/www.aberhallo.news\/news\/wp-content\/uploads\/2018\/09\/IMG_42674.jpg?zoom=2&amp;resize=150%2C150&amp;ssl=1 300w, https:\/\/i0.wp.com\/www.aberhallo.news\/news\/wp-content\/uploads\/2018\/09\/IMG_42674.jpg?zoom=3&amp;resize=150%2C150&amp;ssl=1 450w\" sizes=\"auto, (max-width: 150px) 100vw, 150px\" data-attachment-id=\"2479\" data-permalink=\"https:\/\/www.aberhallo.news\/news\/wpk-bo-muehle-bau-einer-vogelscheuche\/img_42674\/\" data-orig-file=\"https:\/\/i0.wp.com\/www.aberhallo.news\/news\/wp-content\/uploads\/2018\/09\/IMG_42674.jpg?fit=600%2C400&amp;ssl=1\" data-orig-size=\"600,400\" data-comments-opened=\"0\" data-image-meta=\"{&quot;aperture&quot;:&quot;3.5&quot;,&quot;credit&quot;:&quot;&quot;,&quot;camera&quot;:&quot;Canon EOS 1200D&quot;,&quot;caption&quot;:&quot;&quot;,&quot;created_timestamp&quot;:&quot;1537527823&quot;,&quot;copyright&quot;:&quot;&quot;,&quot;focal_length&quot;:&quot;18&quot;,&quot;iso&quot;:&quot;1000&quot;,&quot;shutter_speed&quot;:&quot;0.033333333333333&quot;,&quot;title&quot;:&quot;&quot;,&quot;orientation&quot;:&quot;1&quot;}\" data-image-title=\"IMG_42674\" data-image-description=\"\" data-image-caption=\"\" data-medium-file=\"https:\/\/i0.wp.com\/www.aberhallo.news\/news\/wp-content\/uploads\/2018\/09\/IMG_42674.jpg?fit=300%2C200&amp;ssl=1\" data-large-file=\"https:\/\/i0.wp.com\/www.aberhallo.news\/news\/wp-content\/uploads\/2018\/09\/IMG_42674.jpg?fit=600%2C400&amp;ssl=1\" \/><\/a>\n\t\t\t<\/dt><\/dl><dl class='gallery-item'>\n\t\t\t<dt class='gallery-icon landscape'>\n\t\t\t\t<a href=\"https:\/\/i0.wp.com\/www.aberhallo.news\/news\/wp-content\/uploads\/2018\/09\/IMG_42481.jpg?ssl=1\"><img loading=\"lazy\" decoding=\"async\" width=\"150\" height=\"150\" src=\"https:\/\/i0.wp.com\/www.aberhallo.news\/news\/wp-content\/uploads\/2018\/09\/IMG_42481.jpg?resize=150%2C150&amp;ssl=1\" class=\"attachment-thumbnail size-thumbnail\" alt=\"\" srcset=\"https:\/\/i0.wp.com\/www.aberhallo.news\/news\/wp-content\/uploads\/2018\/09\/IMG_42481.jpg?resize=150%2C150&amp;ssl=1 150w, https:\/\/i0.wp.com\/www.aberhallo.news\/news\/wp-content\/uploads\/2018\/09\/IMG_42481.jpg?zoom=2&amp;resize=150%2C150&amp;ssl=1 300w, https:\/\/i0.wp.com\/www.aberhallo.news\/news\/wp-content\/uploads\/2018\/09\/IMG_42481.jpg?zoom=3&amp;resize=150%2C150&amp;ssl=1 450w\" sizes=\"auto, (max-width: 150px) 100vw, 150px\" data-attachment-id=\"2478\" data-permalink=\"https:\/\/www.aberhallo.news\/news\/wpk-bo-muehle-bau-einer-vogelscheuche\/img_42481\/\" data-orig-file=\"https:\/\/i0.wp.com\/www.aberhallo.news\/news\/wp-content\/uploads\/2018\/09\/IMG_42481.jpg?fit=600%2C400&amp;ssl=1\" data-orig-size=\"600,400\" data-comments-opened=\"0\" data-image-meta=\"{&quot;aperture&quot;:&quot;4.5&quot;,&quot;credit&quot;:&quot;&quot;,&quot;camera&quot;:&quot;Canon EOS 1200D&quot;,&quot;caption&quot;:&quot;&quot;,&quot;created_timestamp&quot;:&quot;1537527007&quot;,&quot;copyright&quot;:&quot;&quot;,&quot;focal_length&quot;:&quot;28&quot;,&quot;iso&quot;:&quot;1000&quot;,&quot;shutter_speed&quot;:&quot;0.025&quot;,&quot;title&quot;:&quot;&quot;,&quot;orientation&quot;:&quot;1&quot;}\" data-image-title=\"IMG_42481\" data-image-description=\"\" data-image-caption=\"\" data-medium-file=\"https:\/\/i0.wp.com\/www.aberhallo.news\/news\/wp-content\/uploads\/2018\/09\/IMG_42481.jpg?fit=300%2C200&amp;ssl=1\" data-large-file=\"https:\/\/i0.wp.com\/www.aberhallo.news\/news\/wp-content\/uploads\/2018\/09\/IMG_42481.jpg?fit=600%2C400&amp;ssl=1\" \/><\/a>\n\t\t\t<\/dt><\/dl><dl class='gallery-item'>\n\t\t\t<dt class='gallery-icon landscape'>\n\t\t\t\t<a href=\"https:\/\/i0.wp.com\/www.aberhallo.news\/news\/wp-content\/uploads\/2018\/09\/IMG_42383.jpg?ssl=1\"><img loading=\"lazy\" decoding=\"async\" width=\"150\" height=\"150\" src=\"https:\/\/i0.wp.com\/www.aberhallo.news\/news\/wp-content\/uploads\/2018\/09\/IMG_42383.jpg?resize=150%2C150&amp;ssl=1\" class=\"attachment-thumbnail size-thumbnail\" alt=\"\" srcset=\"https:\/\/i0.wp.com\/www.aberhallo.news\/news\/wp-content\/uploads\/2018\/09\/IMG_42383.jpg?resize=150%2C150&amp;ssl=1 150w, https:\/\/i0.wp.com\/www.aberhallo.news\/news\/wp-content\/uploads\/2018\/09\/IMG_42383.jpg?zoom=2&amp;resize=150%2C150&amp;ssl=1 300w, https:\/\/i0.wp.com\/www.aberhallo.news\/news\/wp-content\/uploads\/2018\/09\/IMG_42383.jpg?zoom=3&amp;resize=150%2C150&amp;ssl=1 450w\" sizes=\"auto, (max-width: 150px) 100vw, 150px\" data-attachment-id=\"2480\" data-permalink=\"https:\/\/www.aberhallo.news\/news\/wpk-bo-muehle-bau-einer-vogelscheuche\/img_42383\/\" data-orig-file=\"https:\/\/i0.wp.com\/www.aberhallo.news\/news\/wp-content\/uploads\/2018\/09\/IMG_42383.jpg?fit=600%2C400&amp;ssl=1\" data-orig-size=\"600,400\" data-comments-opened=\"0\" data-image-meta=\"{&quot;aperture&quot;:&quot;4&quot;,&quot;credit&quot;:&quot;&quot;,&quot;camera&quot;:&quot;Canon EOS 1200D&quot;,&quot;caption&quot;:&quot;&quot;,&quot;created_timestamp&quot;:&quot;1537526853&quot;,&quot;copyright&quot;:&quot;&quot;,&quot;focal_length&quot;:&quot;30&quot;,&quot;iso&quot;:&quot;1000&quot;,&quot;shutter_speed&quot;:&quot;0.025&quot;,&quot;title&quot;:&quot;&quot;,&quot;orientation&quot;:&quot;1&quot;}\" data-image-title=\"IMG_42383\" data-image-description=\"\" data-image-caption=\"\" data-medium-file=\"https:\/\/i0.wp.com\/www.aberhallo.news\/news\/wp-content\/uploads\/2018\/09\/IMG_42383.jpg?fit=300%2C200&amp;ssl=1\" data-large-file=\"https:\/\/i0.wp.com\/www.aberhallo.news\/news\/wp-content\/uploads\/2018\/09\/IMG_42383.jpg?fit=600%2C400&amp;ssl=1\" \/><\/a>\n\t\t\t<\/dt><\/dl><br style=\"clear: both\" \/><dl class='gallery-item'>\n\t\t\t<dt class='gallery-icon landscape'>\n\t\t\t\t<a href=\"https:\/\/i0.wp.com\/www.aberhallo.news\/news\/wp-content\/uploads\/2018\/09\/IMG_42512.jpg?ssl=1\"><img loading=\"lazy\" decoding=\"async\" width=\"150\" height=\"150\" src=\"https:\/\/i0.wp.com\/www.aberhallo.news\/news\/wp-content\/uploads\/2018\/09\/IMG_42512.jpg?resize=150%2C150&amp;ssl=1\" class=\"attachment-thumbnail size-thumbnail\" alt=\"\" srcset=\"https:\/\/i0.wp.com\/www.aberhallo.news\/news\/wp-content\/uploads\/2018\/09\/IMG_42512.jpg?resize=150%2C150&amp;ssl=1 150w, https:\/\/i0.wp.com\/www.aberhallo.news\/news\/wp-content\/uploads\/2018\/09\/IMG_42512.jpg?zoom=2&amp;resize=150%2C150&amp;ssl=1 300w, https:\/\/i0.wp.com\/www.aberhallo.news\/news\/wp-content\/uploads\/2018\/09\/IMG_42512.jpg?zoom=3&amp;resize=150%2C150&amp;ssl=1 450w\" sizes=\"auto, (max-width: 150px) 100vw, 150px\" data-attachment-id=\"2481\" data-permalink=\"https:\/\/www.aberhallo.news\/news\/wpk-bo-muehle-bau-einer-vogelscheuche\/img_42512\/\" data-orig-file=\"https:\/\/i0.wp.com\/www.aberhallo.news\/news\/wp-content\/uploads\/2018\/09\/IMG_42512.jpg?fit=600%2C400&amp;ssl=1\" data-orig-size=\"600,400\" data-comments-opened=\"0\" data-image-meta=\"{&quot;aperture&quot;:&quot;3.5&quot;,&quot;credit&quot;:&quot;&quot;,&quot;camera&quot;:&quot;Canon EOS 1200D&quot;,&quot;caption&quot;:&quot;&quot;,&quot;created_timestamp&quot;:&quot;1537527098&quot;,&quot;copyright&quot;:&quot;&quot;,&quot;focal_length&quot;:&quot;18&quot;,&quot;iso&quot;:&quot;1250&quot;,&quot;shutter_speed&quot;:&quot;0.025&quot;,&quot;title&quot;:&quot;&quot;,&quot;orientation&quot;:&quot;1&quot;}\" data-image-title=\"IMG_42512\" data-image-description=\"\" data-image-caption=\"\" data-medium-file=\"https:\/\/i0.wp.com\/www.aberhallo.news\/news\/wp-content\/uploads\/2018\/09\/IMG_42512.jpg?fit=300%2C200&amp;ssl=1\" data-large-file=\"https:\/\/i0.wp.com\/www.aberhallo.news\/news\/wp-content\/uploads\/2018\/09\/IMG_42512.jpg?fit=600%2C400&amp;ssl=1\" \/><\/a>\n\t\t\t<\/dt><\/dl>\n\t\t\t<br style='clear: both' \/>\n\t\t<\/div>\n\n<p style=\"text-align: right;\">| Bericht: Bisso Daramsis, Kl. 8b|<\/p>\n<h3>Projekt 6: Begr\u00fc\u00dfungskarten und -schilder basteln<\/h3>\n<p>Am Projekttag bastelten zwei Gruppen im Kunstraum Begr\u00fc\u00dfungskarten f\u00fcr neue Sch\u00fclerinnen und Sch\u00fcler gebastelt. Die Karten bekommen Sch\u00fcler, die neu an die Oberschule kommen werden. Weil einige von ihnen noch kein oder wenig Deutsch verstehen, steht &#8222;Willkommen&#8220; in vielen Sprachen der Welt darauf. Au\u00dferdem bastelten die Sch\u00fcler Willkommensschilder, die im Schulgeb\u00e4ude ausgeh\u00e4ngt werden. Einige sehen aus wie Wimpelketten.<\/p>\n<p>Beim Basteln haben sie Frau Herter und\u00a0 Frau Dirks, sie helfen ihnen dabei, dass sie die Willkommensschilder richtig hinzubekommen.<\/p>\n\n\t\t<style type=\"text\/css\">\n\t\t\t#gallery-2 {\n\t\t\t\tmargin: auto;\n\t\t\t}\n\t\t\t#gallery-2 .gallery-item {\n\t\t\t\tfloat: left;\n\t\t\t\tmargin-top: 10px;\n\t\t\t\ttext-align: center;\n\t\t\t\twidth: 33%;\n\t\t\t}\n\t\t\t#gallery-2 img {\n\t\t\t\tborder: 2px solid #cfcfcf;\n\t\t\t}\n\t\t\t#gallery-2 .gallery-caption {\n\t\t\t\tmargin-left: 0;\n\t\t\t}\n\t\t\t\/* see gallery_shortcode() in wp-includes\/media.php *\/\n\t\t<\/style>\n\t\t<div data-carousel-extra='{&quot;blog_id&quot;:1,&quot;permalink&quot;:&quot;https:\/\/www.aberhallo.news\/news\/schule-ohne-rassismus-schule-mit-courage\/&quot;}' id='gallery-2' class='gallery galleryid-2392 gallery-columns-3 gallery-size-thumbnail'><dl class='gallery-item'>\n\t\t\t<dt class='gallery-icon landscape'>\n\t\t\t\t<a href=\"https:\/\/i0.wp.com\/www.aberhallo.news\/news\/wp-content\/uploads\/2018\/09\/Begr%C3%BC%C3%9Fungskarten.png?ssl=1\"><img loading=\"lazy\" decoding=\"async\" width=\"150\" height=\"150\" src=\"https:\/\/i0.wp.com\/www.aberhallo.news\/news\/wp-content\/uploads\/2018\/09\/Begr%C3%BC%C3%9Fungskarten.png?resize=150%2C150&amp;ssl=1\" class=\"attachment-thumbnail size-thumbnail\" alt=\"\" data-attachment-id=\"2490\" data-permalink=\"https:\/\/www.aberhallo.news\/news\/begruessungskarten\/\" data-orig-file=\"https:\/\/i0.wp.com\/www.aberhallo.news\/news\/wp-content\/uploads\/2018\/09\/Begr%C3%BC%C3%9Fungskarten.png?fit=600%2C401&amp;ssl=1\" data-orig-size=\"600,401\" data-comments-opened=\"0\" data-image-meta=\"{&quot;aperture&quot;:&quot;0&quot;,&quot;credit&quot;:&quot;&quot;,&quot;camera&quot;:&quot;&quot;,&quot;caption&quot;:&quot;&quot;,&quot;created_timestamp&quot;:&quot;0&quot;,&quot;copyright&quot;:&quot;&quot;,&quot;focal_length&quot;:&quot;0&quot;,&quot;iso&quot;:&quot;0&quot;,&quot;shutter_speed&quot;:&quot;0&quot;,&quot;title&quot;:&quot;&quot;,&quot;orientation&quot;:&quot;0&quot;}\" data-image-title=\"Begr\u00fc\u00dfungskarten\" data-image-description=\"\" data-image-caption=\"\" data-medium-file=\"https:\/\/i0.wp.com\/www.aberhallo.news\/news\/wp-content\/uploads\/2018\/09\/Begr%C3%BC%C3%9Fungskarten.png?fit=300%2C201&amp;ssl=1\" data-large-file=\"https:\/\/i0.wp.com\/www.aberhallo.news\/news\/wp-content\/uploads\/2018\/09\/Begr%C3%BC%C3%9Fungskarten.png?fit=600%2C401&amp;ssl=1\" \/><\/a>\n\t\t\t<\/dt><\/dl><dl class='gallery-item'>\n\t\t\t<dt class='gallery-icon landscape'>\n\t\t\t\t<a href=\"https:\/\/i0.wp.com\/www.aberhallo.news\/news\/wp-content\/uploads\/2018\/09\/Bergr%C3%BC...png?ssl=1\"><img loading=\"lazy\" decoding=\"async\" width=\"150\" height=\"150\" src=\"https:\/\/i0.wp.com\/www.aberhallo.news\/news\/wp-content\/uploads\/2018\/09\/Bergr%C3%BC...png?resize=150%2C150&amp;ssl=1\" class=\"attachment-thumbnail size-thumbnail\" alt=\"\" data-attachment-id=\"2491\" data-permalink=\"https:\/\/www.aberhallo.news\/news\/bergrue\/\" data-orig-file=\"https:\/\/i0.wp.com\/www.aberhallo.news\/news\/wp-content\/uploads\/2018\/09\/Bergr%C3%BC...png?fit=600%2C400&amp;ssl=1\" data-orig-size=\"600,400\" data-comments-opened=\"0\" data-image-meta=\"{&quot;aperture&quot;:&quot;0&quot;,&quot;credit&quot;:&quot;&quot;,&quot;camera&quot;:&quot;&quot;,&quot;caption&quot;:&quot;&quot;,&quot;created_timestamp&quot;:&quot;0&quot;,&quot;copyright&quot;:&quot;&quot;,&quot;focal_length&quot;:&quot;0&quot;,&quot;iso&quot;:&quot;0&quot;,&quot;shutter_speed&quot;:&quot;0&quot;,&quot;title&quot;:&quot;&quot;,&quot;orientation&quot;:&quot;0&quot;}\" data-image-title=\"Bergr\u00fc..\" data-image-description=\"\" data-image-caption=\"\" data-medium-file=\"https:\/\/i0.wp.com\/www.aberhallo.news\/news\/wp-content\/uploads\/2018\/09\/Bergr%C3%BC...png?fit=300%2C200&amp;ssl=1\" data-large-file=\"https:\/\/i0.wp.com\/www.aberhallo.news\/news\/wp-content\/uploads\/2018\/09\/Bergr%C3%BC...png?fit=600%2C400&amp;ssl=1\" \/><\/a>\n\t\t\t<\/dt><\/dl>\n\t\t\t<br style='clear: both' \/>\n\t\t<\/div>\n\n<p style=\"text-align: right;\"><span style=\"display: inline !important; float: none; background-color: transparent; color: #333333; cursor: text; font-family: Georgia,'Times New Roman','Bitstream Charter',Times,serif; font-size: 16px; font-style: normal; font-variant: normal; font-weight: 400; letter-spacing: normal; orphans: 2; text-align: left; text-decoration: none; text-indent: 0px; text-transform: none; -webkit-text-stroke-width: 0px; white-space: normal; word-spacing: 0px;\">| Bericht: <\/span>Jannes Klussmann, Kl. 8d <span style=\"display: inline !important; float: none; background-color: transparent; color: #333333; cursor: text; font-family: Georgia,'Times New Roman','Bitstream Charter',Times,serif; font-size: 16px; font-style: normal; font-variant: normal; font-weight: 400; letter-spacing: normal; orphans: 2; text-align: left; text-decoration: none; text-indent: 0px; text-transform: none; -webkit-text-stroke-width: 0px; white-space: normal; word-spacing: 0px;\">|<\/span><\/p>\n<p>&nbsp;<\/p>\n<p>&nbsp;<\/p>\n<h3>Projekt 7: Meltingpot London &#8211; English<\/h3>\n<p style=\"text-align: left;\" align=\"center\"><span style=\"color: #000000; font-family: Calibri;\">Unsere Reporter haben im Multipool das Projekt &#8222;Melting Pot London&#8220; besucht. Frau Rother hatte das Projekt in englischer Sprache organisiert. Dabei nutzenddie Sch\u00fcler das Internet f\u00fcr ihre Recherche.<br \/>\n<\/span><\/p>\n<p style=\"text-align: left;\" align=\"center\"><span style=\"color: #000000; font-family: Calibri;\">Frage: Was ist Euer Projekt und was macht ihr hier?<\/span><\/p>\n<p style=\"text-align: left;\" align=\"center\"><span style=\"color: #000000; font-family: Calibri;\">Leon Kasischke: Wir haben ein Plakat zu den Religionen und Kulturen in London erstellt wie\u00a0 Moscheen, Kirchen und Kathedralen.<\/span><\/p>\n<p style=\"text-align: left;\" align=\"center\"><span style=\"color: #000000; font-family: Calibri;\">Frage: Welche Religionen gibt es in London?<\/span><\/p>\n<p style=\"text-align: left;\" align=\"center\"><span style=\"color: #000000; font-family: Calibri;\">Leon Kasischke: Es gibt Christen, Muslime, Hinduisten, Juden, Sihks, Buddhisten, nicht Deklarierte, andere Religionen und Nichtgl\u00e4ubige.<\/span><\/p>\n\n\t\t<style type=\"text\/css\">\n\t\t\t#gallery-3 {\n\t\t\t\tmargin: auto;\n\t\t\t}\n\t\t\t#gallery-3 .gallery-item {\n\t\t\t\tfloat: left;\n\t\t\t\tmargin-top: 10px;\n\t\t\t\ttext-align: center;\n\t\t\t\twidth: 33%;\n\t\t\t}\n\t\t\t#gallery-3 img {\n\t\t\t\tborder: 2px solid #cfcfcf;\n\t\t\t}\n\t\t\t#gallery-3 .gallery-caption {\n\t\t\t\tmargin-left: 0;\n\t\t\t}\n\t\t\t\/* see gallery_shortcode() in wp-includes\/media.php *\/\n\t\t<\/style>\n\t\t<div data-carousel-extra='{&quot;blog_id&quot;:1,&quot;permalink&quot;:&quot;https:\/\/www.aberhallo.news\/news\/schule-ohne-rassismus-schule-mit-courage\/&quot;}' id='gallery-3' class='gallery galleryid-2392 gallery-columns-3 gallery-size-thumbnail'><dl class='gallery-item'>\n\t\t\t<dt class='gallery-icon landscape'>\n\t\t\t\t<a href='https:\/\/www.aberhallo.news\/news\/img_5572bearbeitet\/'><img loading=\"lazy\" decoding=\"async\" width=\"150\" height=\"150\" src=\"https:\/\/i0.wp.com\/www.aberhallo.news\/news\/wp-content\/uploads\/2018\/09\/IMG_5572bearbeitet.jpg?resize=150%2C150&amp;ssl=1\" class=\"attachment-thumbnail size-thumbnail\" alt=\"\" srcset=\"https:\/\/i0.wp.com\/www.aberhallo.news\/news\/wp-content\/uploads\/2018\/09\/IMG_5572bearbeitet.jpg?resize=150%2C150&amp;ssl=1 150w, https:\/\/i0.wp.com\/www.aberhallo.news\/news\/wp-content\/uploads\/2018\/09\/IMG_5572bearbeitet.jpg?zoom=2&amp;resize=150%2C150&amp;ssl=1 300w, https:\/\/i0.wp.com\/www.aberhallo.news\/news\/wp-content\/uploads\/2018\/09\/IMG_5572bearbeitet.jpg?zoom=3&amp;resize=150%2C150&amp;ssl=1 450w\" sizes=\"auto, (max-width: 150px) 100vw, 150px\" data-attachment-id=\"2430\" data-permalink=\"https:\/\/www.aberhallo.news\/news\/img_5572bearbeitet\/\" data-orig-file=\"https:\/\/i0.wp.com\/www.aberhallo.news\/news\/wp-content\/uploads\/2018\/09\/IMG_5572bearbeitet.jpg?fit=600%2C415&amp;ssl=1\" data-orig-size=\"600,415\" data-comments-opened=\"0\" data-image-meta=\"{&quot;aperture&quot;:&quot;4.5&quot;,&quot;credit&quot;:&quot;&quot;,&quot;camera&quot;:&quot;Canon EOS 200D&quot;,&quot;caption&quot;:&quot;&quot;,&quot;created_timestamp&quot;:&quot;1537522067&quot;,&quot;copyright&quot;:&quot;&quot;,&quot;focal_length&quot;:&quot;18&quot;,&quot;iso&quot;:&quot;400&quot;,&quot;shutter_speed&quot;:&quot;0.016666666666667&quot;,&quot;title&quot;:&quot;&quot;,&quot;orientation&quot;:&quot;1&quot;}\" data-image-title=\"IMG_5572bearbeitet\" data-image-description=\"\" data-image-caption=\"\" data-medium-file=\"https:\/\/i0.wp.com\/www.aberhallo.news\/news\/wp-content\/uploads\/2018\/09\/IMG_5572bearbeitet.jpg?fit=300%2C208&amp;ssl=1\" data-large-file=\"https:\/\/i0.wp.com\/www.aberhallo.news\/news\/wp-content\/uploads\/2018\/09\/IMG_5572bearbeitet.jpg?fit=600%2C415&amp;ssl=1\" \/><\/a>\n\t\t\t<\/dt><\/dl><dl class='gallery-item'>\n\t\t\t<dt class='gallery-icon landscape'>\n\t\t\t\t<a href='https:\/\/www.aberhallo.news\/news\/img_5575bearbeitet\/'><img loading=\"lazy\" decoding=\"async\" width=\"150\" height=\"150\" src=\"https:\/\/i0.wp.com\/www.aberhallo.news\/news\/wp-content\/uploads\/2018\/09\/IMG_5575bearbeitet.jpg?resize=150%2C150&amp;ssl=1\" class=\"attachment-thumbnail size-thumbnail\" alt=\"\" srcset=\"https:\/\/i0.wp.com\/www.aberhallo.news\/news\/wp-content\/uploads\/2018\/09\/IMG_5575bearbeitet.jpg?resize=150%2C150&amp;ssl=1 150w, https:\/\/i0.wp.com\/www.aberhallo.news\/news\/wp-content\/uploads\/2018\/09\/IMG_5575bearbeitet.jpg?zoom=2&amp;resize=150%2C150&amp;ssl=1 300w, https:\/\/i0.wp.com\/www.aberhallo.news\/news\/wp-content\/uploads\/2018\/09\/IMG_5575bearbeitet.jpg?zoom=3&amp;resize=150%2C150&amp;ssl=1 450w\" sizes=\"auto, (max-width: 150px) 100vw, 150px\" data-attachment-id=\"2431\" data-permalink=\"https:\/\/www.aberhallo.news\/news\/img_5575bearbeitet\/\" data-orig-file=\"https:\/\/i0.wp.com\/www.aberhallo.news\/news\/wp-content\/uploads\/2018\/09\/IMG_5575bearbeitet.jpg?fit=600%2C455&amp;ssl=1\" data-orig-size=\"600,455\" data-comments-opened=\"0\" data-image-meta=\"{&quot;aperture&quot;:&quot;4.5&quot;,&quot;credit&quot;:&quot;&quot;,&quot;camera&quot;:&quot;Canon EOS 200D&quot;,&quot;caption&quot;:&quot;&quot;,&quot;created_timestamp&quot;:&quot;1537522118&quot;,&quot;copyright&quot;:&quot;&quot;,&quot;focal_length&quot;:&quot;18&quot;,&quot;iso&quot;:&quot;800&quot;,&quot;shutter_speed&quot;:&quot;0.016666666666667&quot;,&quot;title&quot;:&quot;&quot;,&quot;orientation&quot;:&quot;1&quot;}\" data-image-title=\"IMG_5575bearbeitet\" data-image-description=\"\" data-image-caption=\"\" data-medium-file=\"https:\/\/i0.wp.com\/www.aberhallo.news\/news\/wp-content\/uploads\/2018\/09\/IMG_5575bearbeitet.jpg?fit=300%2C228&amp;ssl=1\" data-large-file=\"https:\/\/i0.wp.com\/www.aberhallo.news\/news\/wp-content\/uploads\/2018\/09\/IMG_5575bearbeitet.jpg?fit=600%2C455&amp;ssl=1\" \/><\/a>\n\t\t\t<\/dt><\/dl>\n\t\t\t<br style='clear: both' \/>\n\t\t<\/div>\n\n<p style=\"text-align: right;\">| Bericht: Niclas K\u00fchn, Kl. 8b|<\/p>\n<p align=\"center\"><span style=\"color: #000000; font-family: Calibri;\">\u00a0<\/span><\/p>\n","protected":false},"excerpt":{"rendered":"<p>Am 21. September war ein Projekttag im Rahmen des Programms &#8222;Schule ohne Rassismus &#8211; Schule mit Courage&#8220;. Einige Projekte werden hier vorgestellt. Die Grunds\u00e4tze einer &#8222;Schule ohne Rassismus &#8211; Schule mit Courage&#8220;: Ich werde mich daf\u00fcr einsetzen, dass es zu einer zentralen Aufgabe meiner Schule wird, nachhaltige und langfristige Projekte, Aktivit\u00e4ten und Initiativen zu entwickeln,&#8230;<\/p>\n","protected":false},"author":1,"featured_media":2395,"comment_status":"closed","ping_status":"open","sticky":false,"template":"","format":"standard","meta":{"jetpack_post_was_ever_published":false,"_jetpack_newsletter_access":"","_jetpack_dont_email_post_to_subs":false,"_jetpack_newsletter_tier_id":0,"_jetpack_memberships_contains_paywalled_content":false,"_jetpack_memberships_contains_paid_content":false,"footnotes":"","jetpack_publicize_message":"","jetpack_publicize_feature_enabled":true,"jetpack_social_post_already_shared":true,"jetpack_social_options":{"image_generator_settings":{"template":"highway","default_image_id":0,"font":"","enabled":false},"version":2}},"categories":[9,6],"tags":[158,157,18],"class_list":["post-2392","post","type-post","status-publish","format-standard","has-post-thumbnail","hentry","category-aber-hallo-textet","category-aus-der-schule","tag-courage","tag-rassismus","tag-sv","loop-entry clr"],"jetpack_publicize_connections":[],"jetpack_featured_media_url":"https:\/\/i0.wp.com\/www.aberhallo.news\/news\/wp-content\/uploads\/2018\/09\/IMG_0920.jpg?fit=1024%2C768&ssl=1","jetpack_sharing_enabled":true,"jetpack_shortlink":"https:\/\/wp.me\/p83yhZ-CA","jetpack-related-posts":[],"_links":{"self":[{"href":"https:\/\/www.aberhallo.news\/news\/wp-json\/wp\/v2\/posts\/2392","targetHints":{"allow":["GET"]}}],"collection":[{"href":"https:\/\/www.aberhallo.news\/news\/wp-json\/wp\/v2\/posts"}],"about":[{"href":"https:\/\/www.aberhallo.news\/news\/wp-json\/wp\/v2\/types\/post"}],"author":[{"embeddable":true,"href":"https:\/\/www.aberhallo.news\/news\/wp-json\/wp\/v2\/users\/1"}],"replies":[{"embeddable":true,"href":"https:\/\/www.aberhallo.news\/news\/wp-json\/wp\/v2\/comments?post=2392"}],"version-history":[{"count":14,"href":"https:\/\/www.aberhallo.news\/news\/wp-json\/wp\/v2\/posts\/2392\/revisions"}],"predecessor-version":[{"id":2515,"href":"https:\/\/www.aberhallo.news\/news\/wp-json\/wp\/v2\/posts\/2392\/revisions\/2515"}],"wp:featuredmedia":[{"embeddable":true,"href":"https:\/\/www.aberhallo.news\/news\/wp-json\/wp\/v2\/media\/2395"}],"wp:attachment":[{"href":"https:\/\/www.aberhallo.news\/news\/wp-json\/wp\/v2\/media?parent=2392"}],"wp:term":[{"taxonomy":"category","embeddable":true,"href":"https:\/\/www.aberhallo.news\/news\/wp-json\/wp\/v2\/categories?post=2392"},{"taxonomy":"post_tag","embeddable":true,"href":"https:\/\/www.aberhallo.news\/news\/wp-json\/wp\/v2\/tags?post=2392"}],"curies":[{"name":"wp","href":"https:\/\/api.w.org\/{rel}","templated":true}]}}