{"id":1976,"date":"2018-03-15T14:03:05","date_gmt":"2018-03-15T13:03:05","guid":{"rendered":"http:\/\/www.aberhallo.news\/news\/?p=1976"},"modified":"2018-03-15T14:33:39","modified_gmt":"2018-03-15T13:33:39","slug":"klasenfahrt-der-6b","status":"publish","type":"post","link":"https:\/\/www.aberhallo.news\/news\/klasenfahrt-der-6b\/","title":{"rendered":"Mit GPS-Ger\u00e4ten durch die Stadt"},"content":{"rendered":"<p><strong>Die sechsten Klassen fuhren vom 11. bis 15. September 2017 auf Klassenfahrt nach Braunschweig. An den f\u00fcnf Tagen gab es viel Programm, aber auch Freizeit.<\/strong><\/p>\n<p>Als wir mit dem Bus angekommen sind, wurde uns die Hausordnung erkl\u00e4rt. Alle aus der Klasse wollten in ihre Zimmer, aber zun\u00e4chst mussten wir essen. Hiernach sollten wir die Zimmer beziehen, alle waren \u00fcber die Zimmer und die Aussicht in die Stadt beeindruckt. Nach dem Einrichten der Zimmer hatten wir Freizeit und freuten uns auf das Grillen, das abends stattfand. Als alle satt waren, hatten wir Freizeit und durften uns in der Jugendherberge aufhalten. Die Jugendherberge ist sehr modern und mit einem S\u00fc\u00dfigkeitenautomaten, einem Billardtisch und einem Aufenthaltsraum ausgestattet. Wir fragten uns, was die Lehrer (Herr Fangmann, Herr Klein und Frau Leopold) mit uns diese Woche wohl vorhaben w\u00fcrden?<\/p>\n<h3>Die Gro\u00dfe Rally [ Tag 2 ]<\/h3>\n<p>Morgens nach dem Fr\u00fchst\u00fcck wurden wir mit GPS-Ger\u00e4ten ausger\u00fcstet, mit denen wir bestimmte Punkte im Park von Braunschweig finden sollten. Die Gruppe, die am schnellsten alle Punkte gefunden hatte, durfte sich als erstes etwas zu essen holen.<\/p>\n<p>Das Essen gefiel allen unterschiedlich gut, wir hatten eine gute Auswahl an Gerichten und man kann sagen, es war f\u00fcr jeden etwas dabei. Aber einige beschwerten sich \u00fcber die Qualit\u00e4t und gingen lieber zu Fastfood -L\u00e4den. Der Tag ging zu Ende und alle legten sich schlafen.<\/p>\n<h3>Die Aufgabe im Stadtpark [ Tag 3 ]<\/h3>\n<p>Morgens gab es wie immer Fr\u00fchst\u00fcck und wir hatten Freizeit bis wir pl\u00f6tzlich mittags in den Stadtpark sollten. Niemand wusste, was uns dort erwartet. Im Park wurde der H\u00e4lfte der Sch\u00fcler T\u00fccher um den Kopf gebunden, sodass sie ihre Umgebung nicht sehen konnten und sozusagen blind waren. Die andere H\u00e4lfte, die nicht blind war, sollte die Blinden durch den Park f\u00fchren. Der Sinn dabei war, dass die Blinden Vertrauen in ihre F\u00fchrer haben mussten. Nach dem Treffen durfte die Klasse in die Stadt, wo Sch\u00fcler sich Dinge mit dem mitgebrachten Geld von Zuhause kaufen durften.<\/p>\n<h3>Der Tag im Kletterpark [ Tag 4 ]<\/h3>\n<p>Nach dem Fr\u00fchst\u00fcck gingen wir zum Kletterpark. Es gab verschiedene Schwierigkeitsgrade. Aber bevor die Sch\u00fcler loslegen durften, mussten sie Sportschuhe anziehen, damit sie sich nicht verletzen. Nicht alle Sch\u00fcler trauten sich die schwereren W\u00e4nde hoch, aber es war f\u00fcr jeden eine passende Wand dabei.<\/p>\n<h3>Die Abreise [ Tag 5 ]<\/h3>\n<p>Auch am letzten Tag fr\u00fchst\u00fcckten die Sch\u00fcler. Auf diesen Tag freute sich eigentlich niemand, da alle Sch\u00fcler ihre Zimmer aufr\u00e4umen sollten. Am liebsten w\u00fcrden alle Sch\u00fcler ihre Zimmer so verlassen, aber die Lehrer kontrollierten die Zimmer vor der Abreise. Als die Zimmer aufger\u00e4umt waren, trafen sich alle Sch\u00fcler und Lehrer beim Ausgang und wir fuhren mit dem Bus zur\u00fcck. Wenn am Anfang viele Sch\u00fcler \u201egemeckert\u201c haben, fanden am Ende alle, dass sich die Fahrt gelohnt hat.<\/p>\n<p style=\"text-align: right;\">| Text: Leif Otholt und Fabian Wincierz, Kl. 6b |<\/p>\n","protected":false},"excerpt":{"rendered":"<p>Die sechsten Klassen fuhren vom 11. bis 15. September 2017 auf Klassenfahrt nach Braunschweig. An den f\u00fcnf Tagen gab es viel Programm, aber auch Freizeit. Als wir mit dem Bus angekommen sind, wurde uns die Hausordnung erkl\u00e4rt. Alle aus der Klasse wollten in ihre Zimmer, aber zun\u00e4chst mussten wir essen. Hiernach sollten wir die Zimmer&#8230;<\/p>\n","protected":false},"author":1,"featured_media":0,"comment_status":"open","ping_status":"open","sticky":false,"template":"","format":"standard","meta":{"jetpack_post_was_ever_published":false,"_jetpack_newsletter_access":"","_jetpack_dont_email_post_to_subs":false,"_jetpack_newsletter_tier_id":0,"_jetpack_memberships_contains_paywalled_content":false,"_jetpack_memberships_contains_paid_content":false,"footnotes":"","jetpack_publicize_message":"","jetpack_publicize_feature_enabled":true,"jetpack_social_post_already_shared":true,"jetpack_social_options":{"image_generator_settings":{"template":"highway","default_image_id":0,"font":"","enabled":false},"version":2}},"categories":[9,73],"tags":[],"class_list":["post-1976","post","type-post","status-publish","format-standard","hentry","category-aber-hallo-textet","category-klassenfahrten","no-featured-image","loop-entry clr"],"jetpack_publicize_connections":[],"jetpack_featured_media_url":"","jetpack_sharing_enabled":true,"jetpack_shortlink":"https:\/\/wp.me\/p83yhZ-vS","jetpack-related-posts":[],"_links":{"self":[{"href":"https:\/\/www.aberhallo.news\/news\/wp-json\/wp\/v2\/posts\/1976","targetHints":{"allow":["GET"]}}],"collection":[{"href":"https:\/\/www.aberhallo.news\/news\/wp-json\/wp\/v2\/posts"}],"about":[{"href":"https:\/\/www.aberhallo.news\/news\/wp-json\/wp\/v2\/types\/post"}],"author":[{"embeddable":true,"href":"https:\/\/www.aberhallo.news\/news\/wp-json\/wp\/v2\/users\/1"}],"replies":[{"embeddable":true,"href":"https:\/\/www.aberhallo.news\/news\/wp-json\/wp\/v2\/comments?post=1976"}],"version-history":[{"count":3,"href":"https:\/\/www.aberhallo.news\/news\/wp-json\/wp\/v2\/posts\/1976\/revisions"}],"predecessor-version":[{"id":2007,"href":"https:\/\/www.aberhallo.news\/news\/wp-json\/wp\/v2\/posts\/1976\/revisions\/2007"}],"wp:attachment":[{"href":"https:\/\/www.aberhallo.news\/news\/wp-json\/wp\/v2\/media?parent=1976"}],"wp:term":[{"taxonomy":"category","embeddable":true,"href":"https:\/\/www.aberhallo.news\/news\/wp-json\/wp\/v2\/categories?post=1976"},{"taxonomy":"post_tag","embeddable":true,"href":"https:\/\/www.aberhallo.news\/news\/wp-json\/wp\/v2\/tags?post=1976"}],"curies":[{"name":"wp","href":"https:\/\/api.w.org\/{rel}","templated":true}]}}