{"id":1907,"date":"2018-03-08T14:33:08","date_gmt":"2018-03-08T13:33:08","guid":{"rendered":"http:\/\/www.aberhallo.news\/news\/?p=1907"},"modified":"2018-03-08T14:39:58","modified_gmt":"2018-03-08T13:39:58","slug":"kein-stuhlgang-fuer-die-lehrer","status":"publish","type":"post","link":"https:\/\/www.aberhallo.news\/news\/kein-stuhlgang-fuer-die-lehrer\/","title":{"rendered":"Kein Klogang f\u00fcr die Lehrer?!"},"content":{"rendered":"<p>Wie wir schon letzte Woche berichteten, war das Wasser in dem Geb\u00e4ude, wo wir unseren News-Room haben, eingefroren. Die Frostzeit hielt an, es wurde sogar noch k\u00e4lter. Dann fror am Montag und Dienstag, 5. und 6. M\u00e4rz, das Wasser auch im Geb\u00e4ude des Lehrerzimmers ein. Das hie\u00df, dass die Lehrer kleine und gro\u00dfe Gesch\u00e4fte nicht mehr verrichten konnten. Schulfrei? Nein! Das hie\u00df, die Lehrer mussten &#8222;leider&#8220; ins benachtbare Geb\u00e4ude und dort aufs Klo gehen. Leider konnten die Lehrer sich auch keinen Kaffee kochen, der f\u00fcr einige Lehrer \u00fcberlebenswichtig ist.<\/p>\n<p>Zwischen dem Lehrergeb\u00e4ude und dem Fachraumgeb\u00e4ude war eine Rohrleitung durch den Frost geplatzt. Das f\u00fchrte auch dazu, dass die Lehrk\u00fcche kalt blieb. Statt des angek\u00fcndigten leckeren Kartoffelgratins gab es Theorie: Wof\u00fcr brauche ich Wasser und wie kann ich Wasser sparen?<\/p>\n<p style=\"text-align: right;\">| Text und Bild: Malte Hollmann, Kl. 9a |<\/p>\n","protected":false},"excerpt":{"rendered":"<p>Wie wir schon letzte Woche berichteten, war das Wasser in dem Geb\u00e4ude, wo wir unseren News-Room haben, eingefroren. Die Frostzeit hielt an, es wurde sogar noch k\u00e4lter. Dann fror am Montag und Dienstag, 5. und 6. M\u00e4rz, das Wasser auch im Geb\u00e4ude des Lehrerzimmers ein. Das hie\u00df, dass die Lehrer kleine und gro\u00dfe Gesch\u00e4fte nicht&#8230;<\/p>\n","protected":false},"author":2,"featured_media":1937,"comment_status":"open","ping_status":"open","sticky":false,"template":"","format":"standard","meta":{"jetpack_post_was_ever_published":false,"_jetpack_newsletter_access":"","_jetpack_dont_email_post_to_subs":false,"_jetpack_newsletter_tier_id":0,"_jetpack_memberships_contains_paywalled_content":false,"_jetpack_memberships_contains_paid_content":false,"footnotes":"","jetpack_publicize_message":"","jetpack_publicize_feature_enabled":true,"jetpack_social_post_already_shared":true,"jetpack_social_options":{"image_generator_settings":{"template":"highway","default_image_id":0,"font":"","enabled":false},"version":2}},"categories":[1,6],"tags":[81],"class_list":["post-1907","post","type-post","status-publish","format-standard","has-post-thumbnail","hentry","category-allgemein","category-aus-der-schule","tag-lehrer","loop-entry clr"],"jetpack_publicize_connections":[],"jetpack_featured_media_url":"https:\/\/i0.wp.com\/www.aberhallo.news\/news\/wp-content\/uploads\/2018\/03\/kaffee-neu.png?fit=533%2C400&ssl=1","jetpack_sharing_enabled":true,"jetpack_shortlink":"https:\/\/wp.me\/p83yhZ-uL","jetpack-related-posts":[],"_links":{"self":[{"href":"https:\/\/www.aberhallo.news\/news\/wp-json\/wp\/v2\/posts\/1907","targetHints":{"allow":["GET"]}}],"collection":[{"href":"https:\/\/www.aberhallo.news\/news\/wp-json\/wp\/v2\/posts"}],"about":[{"href":"https:\/\/www.aberhallo.news\/news\/wp-json\/wp\/v2\/types\/post"}],"author":[{"embeddable":true,"href":"https:\/\/www.aberhallo.news\/news\/wp-json\/wp\/v2\/users\/2"}],"replies":[{"embeddable":true,"href":"https:\/\/www.aberhallo.news\/news\/wp-json\/wp\/v2\/comments?post=1907"}],"version-history":[{"count":4,"href":"https:\/\/www.aberhallo.news\/news\/wp-json\/wp\/v2\/posts\/1907\/revisions"}],"predecessor-version":[{"id":1941,"href":"https:\/\/www.aberhallo.news\/news\/wp-json\/wp\/v2\/posts\/1907\/revisions\/1941"}],"wp:featuredmedia":[{"embeddable":true,"href":"https:\/\/www.aberhallo.news\/news\/wp-json\/wp\/v2\/media\/1937"}],"wp:attachment":[{"href":"https:\/\/www.aberhallo.news\/news\/wp-json\/wp\/v2\/media?parent=1907"}],"wp:term":[{"taxonomy":"category","embeddable":true,"href":"https:\/\/www.aberhallo.news\/news\/wp-json\/wp\/v2\/categories?post=1907"},{"taxonomy":"post_tag","embeddable":true,"href":"https:\/\/www.aberhallo.news\/news\/wp-json\/wp\/v2\/tags?post=1907"}],"curies":[{"name":"wp","href":"https:\/\/api.w.org\/{rel}","templated":true}]}}