{"id":1739,"date":"2018-01-12T17:42:01","date_gmt":"2018-01-12T16:42:01","guid":{"rendered":"http:\/\/www.aberhallo.news\/news\/?p=1739"},"modified":"2018-01-12T17:44:58","modified_gmt":"2018-01-12T16:44:58","slug":"geschichten-fotos-und-mehr-gesucht-frau-beck-geht-in-den-ruhestand","status":"publish","type":"post","link":"https:\/\/www.aberhallo.news\/news\/geschichten-fotos-und-mehr-gesucht-frau-beck-geht-in-den-ruhestand\/","title":{"rendered":"Geschichten, Fotos und mehr gesucht: Frau Beck geht in den Ruhestand!"},"content":{"rendered":"<p>Zum Ende dieses Schuljahres beendet unsere Schulleiterin, Frau Beck, ihre Schulkarriere und geht in den Ruhestand. Seit 1991 war sie an unserer Schule t\u00e4tig. Nat\u00fcrlich finden sich im Archiv der ABER HALLO einige Texte \u00fcber Frau Beck und auch das eine oder andere Foto. Wir m\u00f6chten von euch aber mehr: Schreibt uns eure Erlebnisse mit Frau Beck, schickt uns Fotos von Klassenfahrten, Tagesausfl\u00fcgen, Unterrichtsprojekten! Was verbindet ihr mit Frau Beck? Auch gute W\u00fcnsche f\u00fcr den anstehenden Ruhestand nehmen wir gerne entgegen.<\/p>\n<p>Unsere Print-Redaktion wird in der Sommerausgabe einen Bericht \u00fcber Frau Beck ver\u00f6ffentlichen. Die besten von euch eingesendeten Fotos und Texte drucken wir gerne mit ab. Alle Einsendungen sollen nat\u00fcrlich auch an Frau Beck \u00fcbergeben werden.<\/p>\n<p>Mailt uns an\u00a0\u00a0 redaktion @ aberhallo.news<\/p>\n<p style=\"text-align: right;\">| Malte Hollmann, Kl. 9a |<br \/>\n| Foto: Archiv |<\/p>\n","protected":false},"excerpt":{"rendered":"<p>Zum Ende dieses Schuljahres beendet unsere Schulleiterin, Frau Beck, ihre Schulkarriere und geht in den Ruhestand. Seit 1991 war sie an unserer Schule t\u00e4tig. Nat\u00fcrlich finden sich im Archiv der ABER HALLO einige Texte \u00fcber Frau Beck und auch das eine oder andere Foto. Wir m\u00f6chten von euch aber mehr: Schreibt uns eure Erlebnisse mit&#8230;<\/p>\n","protected":false},"author":2,"featured_media":1776,"comment_status":"open","ping_status":"open","sticky":false,"template":"","format":"standard","meta":{"jetpack_post_was_ever_published":false,"_jetpack_newsletter_access":"","_jetpack_dont_email_post_to_subs":false,"_jetpack_newsletter_tier_id":0,"_jetpack_memberships_contains_paywalled_content":false,"_jetpack_memberships_contains_paid_content":false,"footnotes":"","jetpack_publicize_message":"","jetpack_publicize_feature_enabled":true,"jetpack_social_post_already_shared":true,"jetpack_social_options":{"image_generator_settings":{"template":"highway","default_image_id":0,"font":"","enabled":false},"version":2}},"categories":[1,6,7],"tags":[140],"class_list":["post-1739","post","type-post","status-publish","format-standard","has-post-thumbnail","hentry","category-allgemein","category-aus-der-schule","category-projekte-reportagen","tag-frau-beck","loop-entry clr"],"jetpack_publicize_connections":[],"jetpack_featured_media_url":"https:\/\/i0.wp.com\/www.aberhallo.news\/news\/wp-content\/uploads\/2018\/01\/beck_400.jpg?fit=600%2C400&ssl=1","jetpack_sharing_enabled":true,"jetpack_shortlink":"https:\/\/wp.me\/p83yhZ-s3","jetpack-related-posts":[],"_links":{"self":[{"href":"https:\/\/www.aberhallo.news\/news\/wp-json\/wp\/v2\/posts\/1739","targetHints":{"allow":["GET"]}}],"collection":[{"href":"https:\/\/www.aberhallo.news\/news\/wp-json\/wp\/v2\/posts"}],"about":[{"href":"https:\/\/www.aberhallo.news\/news\/wp-json\/wp\/v2\/types\/post"}],"author":[{"embeddable":true,"href":"https:\/\/www.aberhallo.news\/news\/wp-json\/wp\/v2\/users\/2"}],"replies":[{"embeddable":true,"href":"https:\/\/www.aberhallo.news\/news\/wp-json\/wp\/v2\/comments?post=1739"}],"version-history":[{"count":4,"href":"https:\/\/www.aberhallo.news\/news\/wp-json\/wp\/v2\/posts\/1739\/revisions"}],"predecessor-version":[{"id":1779,"href":"https:\/\/www.aberhallo.news\/news\/wp-json\/wp\/v2\/posts\/1739\/revisions\/1779"}],"wp:featuredmedia":[{"embeddable":true,"href":"https:\/\/www.aberhallo.news\/news\/wp-json\/wp\/v2\/media\/1776"}],"wp:attachment":[{"href":"https:\/\/www.aberhallo.news\/news\/wp-json\/wp\/v2\/media?parent=1739"}],"wp:term":[{"taxonomy":"category","embeddable":true,"href":"https:\/\/www.aberhallo.news\/news\/wp-json\/wp\/v2\/categories?post=1739"},{"taxonomy":"post_tag","embeddable":true,"href":"https:\/\/www.aberhallo.news\/news\/wp-json\/wp\/v2\/tags?post=1739"}],"curies":[{"name":"wp","href":"https:\/\/api.w.org\/{rel}","templated":true}]}}