{"id":1608,"date":"2017-12-07T13:58:34","date_gmt":"2017-12-07T12:58:34","guid":{"rendered":"http:\/\/www.aberhallo.news\/news\/?p=1608"},"modified":"2017-12-07T17:49:50","modified_gmt":"2017-12-07T16:49:50","slug":"schueler-versenden-suesse-gruesse-zum-nikolaustag","status":"publish","type":"post","link":"https:\/\/www.aberhallo.news\/news\/schueler-versenden-suesse-gruesse-zum-nikolaustag\/","title":{"rendered":"Sch\u00fcler versenden s\u00fc\u00dfe Gr\u00fc\u00dfe zum Nikolaustag"},"content":{"rendered":"<p>S\u00fc\u00dfe Gr\u00fc\u00dfe zum Nikolaus erhielten viele Sch\u00fclerinnen und Sch\u00fcler am 6. Dezember. Sarah Duhm (stellvertretende Sch\u00fclersprecherin) und Louis Ohlhoff (Jahrgangssprecher 9) verteilten die Schokoladennikol\u00e4use. In den Tagen davor hatten die Sch\u00fcler die Nikol\u00e4use bestellen k\u00f6nnen und entweder anonym oder mit Namen und Gru\u00df an Freunde, Lehrer und Mitsch\u00fcler adressieren k\u00f6nnen. Die S\u00fc\u00dfigkeiten wurden schlie\u00dflich am Nikolaustag an die von den Sch\u00fclern genannten Personen \u00fcbergeben. Das Ganze war eine Aktion der Sch\u00fclervertretung und soll zur Pflege des Miteinanders in der Schulgemeinschaft beitragen.<\/p>\n<p>&nbsp;<\/p>\n<p style=\"text-align: right;\">\u00a0 |Text: Fabian Rhode, Kl. 8a|<br \/>\n|Bild: Noah Urbschat, Kl. 10c|<\/p>\n<p>&nbsp;<\/p>\n","protected":false},"excerpt":{"rendered":"<p>S\u00fc\u00dfe Gr\u00fc\u00dfe zum Nikolaus erhielten viele Sch\u00fclerinnen und Sch\u00fcler am 6. Dezember. Sarah Duhm (stellvertretende Sch\u00fclersprecherin) und Louis Ohlhoff (Jahrgangssprecher 9) verteilten die Schokoladennikol\u00e4use. In den Tagen davor hatten die Sch\u00fcler die Nikol\u00e4use bestellen k\u00f6nnen und entweder anonym oder mit Namen und Gru\u00df an Freunde, Lehrer und Mitsch\u00fcler adressieren k\u00f6nnen. Die S\u00fc\u00dfigkeiten wurden schlie\u00dflich am&#8230;<\/p>\n","protected":false},"author":1,"featured_media":1610,"comment_status":"open","ping_status":"open","sticky":false,"template":"","format":"standard","meta":{"jetpack_post_was_ever_published":false,"_jetpack_newsletter_access":"","_jetpack_dont_email_post_to_subs":false,"_jetpack_newsletter_tier_id":0,"_jetpack_memberships_contains_paywalled_content":false,"_jetpack_memberships_contains_paid_content":false,"footnotes":"","jetpack_publicize_message":"","jetpack_publicize_feature_enabled":true,"jetpack_social_post_already_shared":true,"jetpack_social_options":{"image_generator_settings":{"template":"highway","default_image_id":0,"font":"","enabled":false},"version":2}},"categories":[1,6,7],"tags":[121,107],"class_list":["post-1608","post","type-post","status-publish","format-standard","has-post-thumbnail","hentry","category-allgemein","category-aus-der-schule","category-projekte-reportagen","tag-nikolaus","tag-schuelervertretung","loop-entry clr"],"jetpack_publicize_connections":[],"jetpack_featured_media_url":"https:\/\/i0.wp.com\/www.aberhallo.news\/news\/wp-content\/uploads\/2017\/12\/IMG_99900.jpg?fit=600%2C400&ssl=1","jetpack_sharing_enabled":true,"jetpack_shortlink":"https:\/\/wp.me\/p83yhZ-pW","jetpack-related-posts":[],"_links":{"self":[{"href":"https:\/\/www.aberhallo.news\/news\/wp-json\/wp\/v2\/posts\/1608","targetHints":{"allow":["GET"]}}],"collection":[{"href":"https:\/\/www.aberhallo.news\/news\/wp-json\/wp\/v2\/posts"}],"about":[{"href":"https:\/\/www.aberhallo.news\/news\/wp-json\/wp\/v2\/types\/post"}],"author":[{"embeddable":true,"href":"https:\/\/www.aberhallo.news\/news\/wp-json\/wp\/v2\/users\/1"}],"replies":[{"embeddable":true,"href":"https:\/\/www.aberhallo.news\/news\/wp-json\/wp\/v2\/comments?post=1608"}],"version-history":[{"count":4,"href":"https:\/\/www.aberhallo.news\/news\/wp-json\/wp\/v2\/posts\/1608\/revisions"}],"predecessor-version":[{"id":1622,"href":"https:\/\/www.aberhallo.news\/news\/wp-json\/wp\/v2\/posts\/1608\/revisions\/1622"}],"wp:featuredmedia":[{"embeddable":true,"href":"https:\/\/www.aberhallo.news\/news\/wp-json\/wp\/v2\/media\/1610"}],"wp:attachment":[{"href":"https:\/\/www.aberhallo.news\/news\/wp-json\/wp\/v2\/media?parent=1608"}],"wp:term":[{"taxonomy":"category","embeddable":true,"href":"https:\/\/www.aberhallo.news\/news\/wp-json\/wp\/v2\/categories?post=1608"},{"taxonomy":"post_tag","embeddable":true,"href":"https:\/\/www.aberhallo.news\/news\/wp-json\/wp\/v2\/tags?post=1608"}],"curies":[{"name":"wp","href":"https:\/\/api.w.org\/{rel}","templated":true}]}}