{"id":1606,"date":"2017-12-07T14:02:09","date_gmt":"2017-12-07T13:02:09","guid":{"rendered":"http:\/\/www.aberhallo.news\/news\/?p=1606"},"modified":"2017-12-07T17:50:32","modified_gmt":"2017-12-07T16:50:32","slug":"praxistag-chemie-2","status":"publish","type":"post","link":"https:\/\/www.aberhallo.news\/news\/praxistag-chemie-2\/","title":{"rendered":"Praxistag Chemie"},"content":{"rendered":"<p style=\"line-height: 18.75pt; background: white;\"><span style=\"font-size: 10.0pt; font-family: 'Arial',sans-serif; color: #606060;\">Zum Praxistag Chemie hatte die Industriegewerkschaft BCE auf den Umwelthof Iffens (Butjadingen) eingeladen. Referenten leiteten die Sch\u00fclerinnen und Sch\u00fcler an, die Vielfalt der Chemie im Alltag kennenzulernen. Backpulver, Tischtennisb\u00e4lle und andere allt\u00e4gliche Stoffe dienten f\u00fcr Experimente. Mehrere Sch\u00fclerinnen und Sch\u00fcler des 9. Jahrgangs nahmen an dem Praxistag teil. Begleitet wurden sie von Frau Dr. Mayer (Fach Chemie) und Herrn Dammann (Fach Wirtschaft). Zu den Referentinnen geh\u00f6rte auch die ehemalige Realsch\u00fclerin Carolin Rott.<\/span><\/p>\n<p style=\"line-height: 18.75pt; background: white;\"><span style=\"font-size: 10.0pt; font-family: 'Arial',sans-serif; color: #606060;\">aberhallo.TV war ebenfalls vor Ort und drehte ein Video\u00a0<a href=\"https:\/\/youtu.be\/jIlLHonwlLo\" class=\"symple-social-icon \" title=\"aberhallo.TV\"  target=\"_blank\"><img data-recalc-dims=\"1\" decoding=\"async\" src=\"https:\/\/i0.wp.com\/www.aberhallo.news\/news\/wp-content\/plugins\/symple-shortcodes\/shortcodes\/images\/social\/youtube.png?w=1000&#038;ssl=1\" alt=\"youtube\" \/><\/a><\/span><\/p>\n","protected":false},"excerpt":{"rendered":"<p>Zum Praxistag Chemie hatte die Industriegewerkschaft BCE auf den Umwelthof Iffens (Butjadingen) eingeladen. Referenten leiteten die Sch\u00fclerinnen und Sch\u00fcler an, die Vielfalt der Chemie im Alltag kennenzulernen. Backpulver, Tischtennisb\u00e4lle und andere allt\u00e4gliche Stoffe dienten f\u00fcr Experimente. Mehrere Sch\u00fclerinnen und Sch\u00fcler des 9. Jahrgangs nahmen an dem Praxistag teil. Begleitet wurden sie von Frau Dr. Mayer&#8230;<\/p>\n","protected":false},"author":1,"featured_media":1615,"comment_status":"open","ping_status":"open","sticky":false,"template":"","format":"standard","meta":{"jetpack_post_was_ever_published":false,"_jetpack_newsletter_access":"","_jetpack_dont_email_post_to_subs":false,"_jetpack_newsletter_tier_id":0,"_jetpack_memberships_contains_paywalled_content":false,"_jetpack_memberships_contains_paid_content":false,"footnotes":"","jetpack_publicize_message":"","jetpack_publicize_feature_enabled":true,"jetpack_social_post_already_shared":true,"jetpack_social_options":{"image_generator_settings":{"template":"highway","default_image_id":0,"font":"","enabled":false},"version":2}},"categories":[1,6,7],"tags":[108,126],"class_list":["post-1606","post","type-post","status-publish","format-standard","has-post-thumbnail","hentry","category-allgemein","category-aus-der-schule","category-projekte-reportagen","tag-aberhallo-tv","tag-chemie","loop-entry clr"],"jetpack_publicize_connections":[],"jetpack_featured_media_url":"https:\/\/i0.wp.com\/www.aberhallo.news\/news\/wp-content\/uploads\/2017\/12\/youtubeiffens.jpeg?fit=600%2C470&ssl=1","jetpack_sharing_enabled":true,"jetpack_shortlink":"https:\/\/wp.me\/p83yhZ-pU","jetpack-related-posts":[],"_links":{"self":[{"href":"https:\/\/www.aberhallo.news\/news\/wp-json\/wp\/v2\/posts\/1606","targetHints":{"allow":["GET"]}}],"collection":[{"href":"https:\/\/www.aberhallo.news\/news\/wp-json\/wp\/v2\/posts"}],"about":[{"href":"https:\/\/www.aberhallo.news\/news\/wp-json\/wp\/v2\/types\/post"}],"author":[{"embeddable":true,"href":"https:\/\/www.aberhallo.news\/news\/wp-json\/wp\/v2\/users\/1"}],"replies":[{"embeddable":true,"href":"https:\/\/www.aberhallo.news\/news\/wp-json\/wp\/v2\/comments?post=1606"}],"version-history":[{"count":3,"href":"https:\/\/www.aberhallo.news\/news\/wp-json\/wp\/v2\/posts\/1606\/revisions"}],"predecessor-version":[{"id":1634,"href":"https:\/\/www.aberhallo.news\/news\/wp-json\/wp\/v2\/posts\/1606\/revisions\/1634"}],"wp:featuredmedia":[{"embeddable":true,"href":"https:\/\/www.aberhallo.news\/news\/wp-json\/wp\/v2\/media\/1615"}],"wp:attachment":[{"href":"https:\/\/www.aberhallo.news\/news\/wp-json\/wp\/v2\/media?parent=1606"}],"wp:term":[{"taxonomy":"category","embeddable":true,"href":"https:\/\/www.aberhallo.news\/news\/wp-json\/wp\/v2\/categories?post=1606"},{"taxonomy":"post_tag","embeddable":true,"href":"https:\/\/www.aberhallo.news\/news\/wp-json\/wp\/v2\/tags?post=1606"}],"curies":[{"name":"wp","href":"https:\/\/api.w.org\/{rel}","templated":true}]}}