{"id":1296,"date":"2017-10-19T14:03:42","date_gmt":"2017-10-19T12:03:42","guid":{"rendered":"http:\/\/www.aberhallo.news\/news\/?p=1296"},"modified":"2017-11-03T08:58:18","modified_gmt":"2017-11-03T07:58:18","slug":"ein-protokoll-des-schreibfestivals","status":"publish","type":"post","link":"https:\/\/www.aberhallo.news\/news\/ein-protokoll-des-schreibfestivals\/","title":{"rendered":"Graphic Recording: Ein Protokoll des Schreibfestivals"},"content":{"rendered":"<p><b>Auf dem Schreibfestival \u201eklartext17\u201c in Hannover entdeckten die Teilnehmer ganz ungew\u00f6hnliche Schreibformen. Anja Weiss schreibt in Bildern.<\/b><\/p>\n<p>&nbsp;<\/p>\n<p>Im Eingangsbereich des Veranstaltungsgeb\u00e4udes stehen mitten zwischen den Besuchern und den Informationsst\u00e4nden drei Tafeln, vor denen eine Frau hockt und Bilder zeichnet.\u00a0 Die Frau hei\u00dft Anja Weiss und macht Graphic Recording. Das bedeutet, dass sie zum Beispiel diese Veranstaltung in Bildern protokolliert und die Besucher dazu anregt, auch ihre eigenen Ideen und Gedanken zu zeichnen. F\u00fcr das Schreibfestival hat sie sich \u00fcberlegt, dass sie zus\u00e4tzlich verschiedene Gedichte in je einem Bild darstellen m\u00f6chte.<\/p>\n<p>Anja Weiss studierte Graphic Design. Nach ihrem Studium sah sie sich zuf\u00e4llig ein Video \u00fcber Graphic Recording an und war davon so fasziniert, dass sie entschied, diese Art des Zeichnens zu ihrem Beruf machen zu wollen. Sie informierte sich mehr \u00fcber das Thema und lernte die einzelnen Bildvokabeln auswendig.<\/p>\n<p>Mittlerweile wird sie von ganz verschiedenen Firmen gebucht.\u00a0 Sie spezialisiert sich nicht auf ein Thema. Wie sie erz\u00e4hlt, l\u00e4sst sie sich buchen und arbeitet sich dann in jedes Thema ein.<\/p>\n<h3><b>Auf engem Raum\u00a0<\/b><b>viel aussagen<\/b><\/h3>\n<p>Frau Weiss findet gut, dass die Bilder besser im Ged\u00e4chtnis bleiben als zum Beispiel Texte, da sie ganz andere Gef\u00fchle ansprechen. Sie erz\u00e4hlt auch, das ihr mal jemand erz\u00e4hlt hat, er habe w\u00e4hrend der Schulzeit Spicker mit Bildvokabeln statt Text darauf benutzt, weil man damit auf engem Raum viel mehr aussagen kann als mit Worten. Das begeisterte Frau Weiss sehr, da sie sich in dem Moment in ihrer Meinung best\u00e4tigt f\u00fchlte.<\/p>\n<p>Anja Weiss hat auch schon ein Buch \u00fcber diese Art zu zeichnen geschrieben, in dem sie die einzelnen Bildvokabeln zeigt und erkl\u00e4rt, wie man diese am besten zeichnen kann. Au\u00dferdem zeichnete sie einige Kinderb\u00fccher.<\/p>\n<p>Die Graphic Recorderin erz\u00e4hlt, dass jeder zeichnen k\u00f6nne, aber die meisten Leute w\u00fcrden es verlernen. Das k\u00f6nne man nur verhindern, wenn man trotzdem zeichnet und nicht darauf h\u00f6rt, wenn andere Leute sagen, dass sei nicht gut oder man k\u00f6nne nicht zeichnen. Es w\u00fcrde immer jemanden geben, der es besser kann, als man selber, aber das sei normal. Zu dem Schreibfestival sagte sie, dass freies Schreiben eine tolle Sache sei.<\/p>\n<p>&nbsp;<\/p>\n<p style=\"text-align: right;\">\u00a0 \u00a0 \u00a0 \u00a0 \u00a0 \u00a0 \u00a0 \u00a0 \u00a0 \u00a0 \u00a0 \u00a0 \u00a0 \u00a0 \u00a0 \u00a0 \u00a0 \u00a0 \u00a0 \u00a0 \u00a0 \u00a0 \u00a0 \u00a0 | Text: Louisa Ahrends, Kl. 10b |<\/p>\n<p>&nbsp;<\/p>\n","protected":false},"excerpt":{"rendered":"<p>Auf dem Schreibfestival \u201eklartext17\u201c in Hannover entdeckten die Teilnehmer ganz ungew\u00f6hnliche Schreibformen. Anja Weiss schreibt in Bildern. &nbsp; Im Eingangsbereich des Veranstaltungsgeb\u00e4udes stehen mitten zwischen den Besuchern und den Informationsst\u00e4nden drei Tafeln, vor denen eine Frau hockt und Bilder zeichnet.\u00a0 Die Frau hei\u00dft Anja Weiss und macht Graphic Recording. Das bedeutet, dass sie zum Beispiel&#8230;<\/p>\n","protected":false},"author":1,"featured_media":0,"comment_status":"open","ping_status":"open","sticky":false,"template":"","format":"standard","meta":{"jetpack_post_was_ever_published":false,"_jetpack_newsletter_access":"","_jetpack_dont_email_post_to_subs":false,"_jetpack_newsletter_tier_id":0,"_jetpack_memberships_contains_paywalled_content":false,"_jetpack_memberships_contains_paid_content":false,"footnotes":"","jetpack_publicize_message":"","jetpack_publicize_feature_enabled":true,"jetpack_social_post_already_shared":true,"jetpack_social_options":{"image_generator_settings":{"template":"highway","default_image_id":0,"font":"","enabled":false},"version":2}},"categories":[7,5],"tags":[117],"class_list":["post-1296","post","type-post","status-publish","format-standard","hentry","category-projekte-reportagen","category-redaktion-intern","tag-klartext17","no-featured-image","loop-entry clr"],"jetpack_publicize_connections":[],"jetpack_featured_media_url":"","jetpack_sharing_enabled":true,"jetpack_shortlink":"https:\/\/wp.me\/p83yhZ-kU","jetpack-related-posts":[],"_links":{"self":[{"href":"https:\/\/www.aberhallo.news\/news\/wp-json\/wp\/v2\/posts\/1296","targetHints":{"allow":["GET"]}}],"collection":[{"href":"https:\/\/www.aberhallo.news\/news\/wp-json\/wp\/v2\/posts"}],"about":[{"href":"https:\/\/www.aberhallo.news\/news\/wp-json\/wp\/v2\/types\/post"}],"author":[{"embeddable":true,"href":"https:\/\/www.aberhallo.news\/news\/wp-json\/wp\/v2\/users\/1"}],"replies":[{"embeddable":true,"href":"https:\/\/www.aberhallo.news\/news\/wp-json\/wp\/v2\/comments?post=1296"}],"version-history":[{"count":7,"href":"https:\/\/www.aberhallo.news\/news\/wp-json\/wp\/v2\/posts\/1296\/revisions"}],"predecessor-version":[{"id":1347,"href":"https:\/\/www.aberhallo.news\/news\/wp-json\/wp\/v2\/posts\/1296\/revisions\/1347"}],"wp:attachment":[{"href":"https:\/\/www.aberhallo.news\/news\/wp-json\/wp\/v2\/media?parent=1296"}],"wp:term":[{"taxonomy":"category","embeddable":true,"href":"https:\/\/www.aberhallo.news\/news\/wp-json\/wp\/v2\/categories?post=1296"},{"taxonomy":"post_tag","embeddable":true,"href":"https:\/\/www.aberhallo.news\/news\/wp-json\/wp\/v2\/tags?post=1296"}],"curies":[{"name":"wp","href":"https:\/\/api.w.org\/{rel}","templated":true}]}}