{"id":1093,"date":"2017-06-15T17:31:27","date_gmt":"2017-06-15T15:31:27","guid":{"rendered":"http:\/\/www.aberhallo.news\/news\/?p=1093"},"modified":"2017-11-01T14:33:32","modified_gmt":"2017-11-01T13:33:32","slug":"zehntklaessler-feierlich-verabschiedet","status":"publish","type":"post","link":"https:\/\/www.aberhallo.news\/news\/zehntklaessler-feierlich-verabschiedet\/","title":{"rendered":"Zehntkl\u00e4ssler feierlich verabschiedet"},"content":{"rendered":"<p><b>Am 15. Juni 2017 war die Abschlussfeier der 10. Klassen des Jahrgangs 2017. Die Feier fand im Kasino der Weser-Metall in Friedrich-August-H\u00fctte statt, da die Schulaula renoviert und zur Mensa umgebaut wurde.<\/b><\/p>\n<p>Die Schulband er\u00f6ffnete die Feier, zu der rund 250 G\u00e4ste gekommen waren. Die Feier stand &#8211; passend zum Ort &#8211; unter dem Motto \u201eKasino royal\u201c. Eltern und Sch\u00fcler hatten f\u00fcr die passende Deko gesorgt und viel gebastelt.<\/p>\n<p>Die Klassenlehrer Herr Dammann, Herr Koch, Herr Erstling und Frau Herther hielten jeweils eine kurze Ansprache, bevor sie ihren Sch\u00fclerinnen und Sch\u00fclern das Abschlusszeugnis \u00fcberreichten. Jeweils zwei Sch\u00fcler aus jeder Klasse sprachen ein paar nette Worte, in denen sie ihren Klassenlehrern f\u00fcr ihr Engagement dankten. Damit die anwesenden Eltern und Freunde einen Einblick in das Klassenleben geben konnten, zeigten die Kassen kurze Abschlussvideos. Die 10b gab eine musikalische Einlage.<\/p>\n<p>\u201eIch bin mir sicher, dass ihr das R\u00fcstzeug f\u00fcr eure Zukunft mitbekommen habt,\u201c sagte Rektorin Heidrun Beck, die ihre Rede mit einer Bilderpr\u00e4sentation bereicherte.<\/p>\n<p>Die Verabschiedungsfeier im Kasino in Friedrich-August-H\u00fctte war \u00fcbrigens nicht die erste, die dort stattfand: Bereits in den Jahren nach der Schulgr\u00fcndung wurden Anfang der 1960er Jahre die ersten Sch\u00fclerinnen und Sch\u00fcler der damals \u201eMittelschule\u201c genannten Schule im Kasino feierlich entlassen.<\/p>\n<h3><b>Ende f\u00fcr Schulformen<\/b><\/h3>\n<p>F\u00fcr die Hauptschulklasse von Herrn Erstling war es aber ein historisches Ereignis: Sie waren die letzten Sch\u00fcler der \u201eHauptschule Abbehausen\u201c. Diese Schule ist mit dem Abgang der Sch\u00fcler aufgel\u00f6st worden. Auch die \u201eRealsch\u00fcler\u201c sind die \u201eletzten ihrer Art\u201c &#8211; auch wenn diese Schule als Oberschule weitergef\u00fchrt wird.<\/p>\n<p style=\"text-align: right;\">| Text: Jannis Ostendorp, Kl. 8b |<br \/>\n| Bilder: Jonas K\u00fcck, Kl. 10c |<\/p>\n<p>&nbsp;<\/p>\n","protected":false},"excerpt":{"rendered":"<p>Am 15. Juni 2017 war die Abschlussfeier der 10. Klassen des Jahrgangs 2017. Die Feier fand im Kasino der Weser-Metall in Friedrich-August-H\u00fctte statt, da die Schulaula renoviert und zur Mensa umgebaut wurde. Die Schulband er\u00f6ffnete die Feier, zu der rund 250 G\u00e4ste gekommen waren. Die Feier stand &#8211; passend zum Ort &#8211; unter dem Motto&#8230;<\/p>\n","protected":false},"author":1,"featured_media":0,"comment_status":"open","ping_status":"open","sticky":false,"template":"","format":"standard","meta":{"jetpack_post_was_ever_published":false,"_jetpack_newsletter_access":"","_jetpack_dont_email_post_to_subs":false,"_jetpack_newsletter_tier_id":0,"_jetpack_memberships_contains_paywalled_content":false,"_jetpack_memberships_contains_paid_content":false,"footnotes":"","jetpack_publicize_message":"","jetpack_publicize_feature_enabled":true,"jetpack_social_post_already_shared":true,"jetpack_social_options":{"image_generator_settings":{"template":"highway","default_image_id":0,"font":"","enabled":false},"version":2}},"categories":[1,6],"tags":[93],"class_list":["post-1093","post","type-post","status-publish","format-standard","hentry","category-allgemein","category-aus-der-schule","tag-verabschiedung","no-featured-image","loop-entry clr"],"jetpack_publicize_connections":[],"jetpack_featured_media_url":"","jetpack_sharing_enabled":true,"jetpack_shortlink":"https:\/\/wp.me\/p83yhZ-hD","jetpack-related-posts":[],"_links":{"self":[{"href":"https:\/\/www.aberhallo.news\/news\/wp-json\/wp\/v2\/posts\/1093","targetHints":{"allow":["GET"]}}],"collection":[{"href":"https:\/\/www.aberhallo.news\/news\/wp-json\/wp\/v2\/posts"}],"about":[{"href":"https:\/\/www.aberhallo.news\/news\/wp-json\/wp\/v2\/types\/post"}],"author":[{"embeddable":true,"href":"https:\/\/www.aberhallo.news\/news\/wp-json\/wp\/v2\/users\/1"}],"replies":[{"embeddable":true,"href":"https:\/\/www.aberhallo.news\/news\/wp-json\/wp\/v2\/comments?post=1093"}],"version-history":[{"count":5,"href":"https:\/\/www.aberhallo.news\/news\/wp-json\/wp\/v2\/posts\/1093\/revisions"}],"predecessor-version":[{"id":1378,"href":"https:\/\/www.aberhallo.news\/news\/wp-json\/wp\/v2\/posts\/1093\/revisions\/1378"}],"wp:attachment":[{"href":"https:\/\/www.aberhallo.news\/news\/wp-json\/wp\/v2\/media?parent=1093"}],"wp:term":[{"taxonomy":"category","embeddable":true,"href":"https:\/\/www.aberhallo.news\/news\/wp-json\/wp\/v2\/categories?post=1093"},{"taxonomy":"post_tag","embeddable":true,"href":"https:\/\/www.aberhallo.news\/news\/wp-json\/wp\/v2\/tags?post=1093"}],"curies":[{"name":"wp","href":"https:\/\/api.w.org\/{rel}","templated":true}]}}